{"id":979,"date":"2024-06-21T14:39:44","date_gmt":"2024-06-21T18:39:44","guid":{"rendered":"https:\/\/www.alcantara-alicante.cl\/alicante-valle\/2024\/06\/21\/dia-del-patrimonio\/"},"modified":"2025-04-07T23:16:18","modified_gmt":"2025-04-08T03:16:18","slug":"dia-del-patrimonio","status":"publish","type":"post","link":"https:\/\/www.alcantara-alicante.cl\/alicante-valle\/2024\/06\/21\/dia-del-patrimonio\/","title":{"rendered":"D\u00eda del Patrimonio"},"content":{"rendered":"<p><strong>\u00a1Celebramos con \u00e9xito el D\u00eda del Patrimonio!<\/strong><\/p>\n<p>\u00a0<\/p>\n<p>Con gran entusiasmo, queremos compartir la maravillosa experiencia que vivimos durante el D\u00eda de los patrimonios. Como parte de las actividades para conmemorar esta importante fecha, el departamento de historia de ense\u00f1anza media invit\u00f3 a nuestros estudiantes a visitar un patrimonio cultural de su elecci\u00f3n y capturar su belleza a trav\u00e9s de una fotograf\u00eda.<\/p>\n<p>\u00a0<\/p>\n<p>Agradecemos profundamente la motivaci\u00f3n y el compromiso demostrado por cada uno de los estudiantes. Las fotograf\u00edas recibidas fueron excepcionales, reflejando una gran comprensi\u00f3n y apreciaci\u00f3n por nuestro rico patrimonio cultural.\u00a0<\/p>\n<p>\u00a0<\/p>\n<p>De manera especial, queremos felicitar al estudiante Sebasti\u00e1n Ubilla del II F, quien se hizo acreedor del premio a la mejor foto y motivaci\u00f3n. Su fotograf\u00eda y reflexi\u00f3n destacaron por su sensibilidad y capacidad para capturar la esencia del patrimonio cultural.<\/p>\n<p><img fetchpriority=\"high\" decoding=\"async\" width=\"392\" height=\"500\" src=\"https:\/\/www.alcantara-alicante.cl\/alicante-valle\/wp-content\/uploads\/sites\/8\/site\/\/1\/sebastian_ubilla-4.jpg\" alt=\"\" srcset=\"https:\/\/www.alcantara-alicante.cl\/alicante-valle\/wp-content\/uploads\/sites\/8\/site\/\/1\/sebastian_ubilla-4.jpg 392w, https:\/\/www.alcantara-alicante.cl\/alicante-valle\/wp-content\/uploads\/sites\/8\/site\/\/1\/sebastian_ubilla-6.jpg 235w\" sizes=\"(max-width: 392px) 100vw, 392px\" \/><\/p>\n<p><em><strong>\u00a1Felicitaciones a todos los participantes!<\/strong><\/em><\/p>\n<p>Gracias por su entusiasmo y por contribuir a fomentar el amor y el respeto por nuestro patrimonio cultural.<\/p>\n<p>https:\/\/youtu.be\/qNKsFPRaYzg<\/p>\n","protected":false},"excerpt":{"rendered":"<p>\u00a1Celebramos con \u00e9xito el D\u00eda del Patrimonio! \u00a0 Con gran entusiasmo, queremos compartir la maravillosa experiencia que vivimos durante el D\u00eda de los patrimonios. Como parte de las actividades para conmemorar esta importante fecha, el departamento de historia de ense\u00f1anza media invit\u00f3 a nuestros estudiantes a visitar un patrimonio cultural de su elecci\u00f3n y capturar &#8230; <a title=\"D\u00eda del Patrimonio\" class=\"read-more\" href=\"https:\/\/www.alcantara-alicante.cl\/alicante-valle\/2024\/06\/21\/dia-del-patrimonio\/\" aria-label=\"Leer m\u00e1s sobre D\u00eda del Patrimonio\">Leer m\u00e1s<\/a><\/p>\n","protected":false},"author":1,"featured_media":980,"comment_status":"open","ping_status":"open","sticky":false,"template":"","format":"standard","meta":{"footnotes":""},"categories":[10,14,11],"tags":[],"class_list":["post-979","post","type-post","status-publish","format-standard","has-post-thumbnail","hentry","category-academicas","category-culturales","category-destacadas"],"aioseo_notices":[],"_links":{"self":[{"href":"https:\/\/www.alcantara-alicante.cl\/alicante-valle\/wp-json\/wp\/v2\/posts\/979","targetHints":{"allow":["GET"]}}],"collection":[{"href":"https:\/\/www.alcantara-alicante.cl\/alicante-valle\/wp-json\/wp\/v2\/posts"}],"about":[{"href":"https:\/\/www.alcantara-alicante.cl\/alicante-valle\/wp-json\/wp\/v2\/types\/post"}],"author":[{"embeddable":true,"href":"https:\/\/www.alcantara-alicante.cl\/alicante-valle\/wp-json\/wp\/v2\/users\/1"}],"replies":[{"embeddable":true,"href":"https:\/\/www.alcantara-alicante.cl\/alicante-valle\/wp-json\/wp\/v2\/comments?post=979"}],"version-history":[{"count":0,"href":"https:\/\/www.alcantara-alicante.cl\/alicante-valle\/wp-json\/wp\/v2\/posts\/979\/revisions"}],"wp:featuredmedia":[{"embeddable":true,"href":"https:\/\/www.alcantara-alicante.cl\/alicante-valle\/wp-json\/wp\/v2\/media\/980"}],"wp:attachment":[{"href":"https:\/\/www.alcantara-alicante.cl\/alicante-valle\/wp-json\/wp\/v2\/media?parent=979"}],"wp:term":[{"taxonomy":"category","embeddable":true,"href":"https:\/\/www.alcantara-alicante.cl\/alicante-valle\/wp-json\/wp\/v2\/categories?post=979"},{"taxonomy":"post_tag","embeddable":true,"href":"https:\/\/www.alcantara-alicante.cl\/alicante-valle\/wp-json\/wp\/v2\/tags?post=979"}],"curies":[{"name":"wp","href":"https:\/\/api.w.org\/{rel}","templated":true}]}}