{"id":972,"date":"2024-06-05T20:04:15","date_gmt":"2024-06-06T00:04:15","guid":{"rendered":"https:\/\/www.alcantara-alicante.cl\/alicante-valle\/2024\/06\/05\/charla-psicoemocional-7-y-8\/"},"modified":"2025-04-07T23:16:13","modified_gmt":"2025-04-08T03:16:13","slug":"charla-psicoemocional-7-y-8","status":"publish","type":"post","link":"https:\/\/www.alcantara-alicante.cl\/alicante-valle\/2024\/06\/05\/charla-psicoemocional-7-y-8\/","title":{"rendered":"Charla Psicoemocional 7\u00b0 y 8\u00b0"},"content":{"rendered":"<p>El mi\u00e9rcoles 29 de mayo en el Audit\u00f3rium, como una forma de prevenci\u00f3n y educaci\u00f3n emocional,\u00a0nuestros estudiantes de 7\u00b0 y 8\u00b0 b\u00e1sicos participaron de la Charla: \u00abSexualidad, afectividad y g\u00e9nero\u00bb.<\/p>\n<p>El objetivo de la charla es formar personas capaces de vivir en armon\u00eda afectiva consigo mismos (as) y con los dem\u00e1s, en un contexto de respeto por la vida humana, la diversidad y dignidad de la persona.<\/p>\n<p>En esta actividad contamos con la presencia del psic\u00f3logo Sim\u00f3n Seguin y profesores de asignaturas.\u00a0<\/p>\n<p>Agradecemos la participaci\u00f3n y el buen comportamiento de los estudiantes.<\/p>\n<p>\u00a0<\/p>\n<p><a href=\"https:\/\/www.alcantara-alicante.cl\/alicante-valle\/wp-content\/uploads\/sites\/10\/2024\/06\/Alicante-del-Valle1-1.jpg\" data-elementor-open-lightbox=\"yes\" data-elementor-lightbox-slideshow=\"5ac9099\" data-elementor-lightbox-title=\"Alicante del Valle1\" data-e-action-hash=\"#elementor-action%3Aaction%3Dlightbox%26settings%3DeyJpZCI6MjM4MTksInVybCI6Imh0dHBzOlwvXC93d3cuYWxjYW50YXJhLWFsaWNhbnRlLmNsXC9hbGljYW50ZS12YWxsZVwvd3AtY29udGVudFwvdXBsb2Fkc1wvc2l0ZXNcLzEwXC8yMDI0XC8wNlwvQWxpY2FudGUtZGVsLVZhbGxlMS0xLmpwZyIsInNsaWRlc2hvdyI6IjVhYzkwOTkifQ%3D%3D\"><br \/>\n<\/a><br \/>\n<a href=\"https:\/\/www.alcantara-alicante.cl\/alicante-valle\/wp-content\/uploads\/sites\/10\/2024\/06\/Alicante-del-Valle2.jpg\" data-elementor-open-lightbox=\"yes\" data-elementor-lightbox-slideshow=\"5ac9099\" data-elementor-lightbox-title=\"Alicante del Valle2\" data-e-action-hash=\"#elementor-action%3Aaction%3Dlightbox%26settings%3DeyJpZCI6MjM4MjAsInVybCI6Imh0dHBzOlwvXC93d3cuYWxjYW50YXJhLWFsaWNhbnRlLmNsXC9hbGljYW50ZS12YWxsZVwvd3AtY29udGVudFwvdXBsb2Fkc1wvc2l0ZXNcLzEwXC8yMDI0XC8wNlwvQWxpY2FudGUtZGVsLVZhbGxlMi5qcGciLCJzbGlkZXNob3ciOiI1YWM5MDk5In0%3D\"><br \/>\n<\/a><br \/>\n<a href=\"https:\/\/www.alcantara-alicante.cl\/alicante-valle\/wp-content\/uploads\/sites\/10\/2024\/06\/Alicante-del-Valle3-1.jpg\" data-elementor-open-lightbox=\"yes\" data-elementor-lightbox-slideshow=\"5ac9099\" data-elementor-lightbox-title=\"Alicante del Valle3\" data-e-action-hash=\"#elementor-action%3Aaction%3Dlightbox%26settings%3DeyJpZCI6MjM4MjEsInVybCI6Imh0dHBzOlwvXC93d3cuYWxjYW50YXJhLWFsaWNhbnRlLmNsXC9hbGljYW50ZS12YWxsZVwvd3AtY29udGVudFwvdXBsb2Fkc1wvc2l0ZXNcLzEwXC8yMDI0XC8wNlwvQWxpY2FudGUtZGVsLVZhbGxlMy0xLmpwZyIsInNsaWRlc2hvdyI6IjVhYzkwOTkifQ%3D%3D\"><br \/>\n<\/a><br \/>\n<a href=\"https:\/\/www.alcantara-alicante.cl\/alicante-valle\/wp-content\/uploads\/sites\/10\/2024\/06\/Alicante-del-Valle4-1.jpg\" data-elementor-open-lightbox=\"yes\" data-elementor-lightbox-slideshow=\"5ac9099\" data-elementor-lightbox-title=\"Alicante del Valle4\" data-e-action-hash=\"#elementor-action%3Aaction%3Dlightbox%26settings%3DeyJpZCI6MjM4MjIsInVybCI6Imh0dHBzOlwvXC93d3cuYWxjYW50YXJhLWFsaWNhbnRlLmNsXC9hbGljYW50ZS12YWxsZVwvd3AtY29udGVudFwvdXBsb2Fkc1wvc2l0ZXNcLzEwXC8yMDI0XC8wNlwvQWxpY2FudGUtZGVsLVZhbGxlNC0xLmpwZyIsInNsaWRlc2hvdyI6IjVhYzkwOTkifQ%3D%3D\"><br \/>\n<\/a><br \/>\n<a href=\"https:\/\/www.alcantara-alicante.cl\/alicante-valle\/wp-content\/uploads\/sites\/10\/2024\/06\/Alicante-del-Valle5-1.jpg\" data-elementor-open-lightbox=\"yes\" data-elementor-lightbox-slideshow=\"5ac9099\" data-elementor-lightbox-title=\"Alicante del Valle5\" data-e-action-hash=\"#elementor-action%3Aaction%3Dlightbox%26settings%3DeyJpZCI6MjM4MjMsInVybCI6Imh0dHBzOlwvXC93d3cuYWxjYW50YXJhLWFsaWNhbnRlLmNsXC9hbGljYW50ZS12YWxsZVwvd3AtY29udGVudFwvdXBsb2Fkc1wvc2l0ZXNcLzEwXC8yMDI0XC8wNlwvQWxpY2FudGUtZGVsLVZhbGxlNS0xLmpwZyIsInNsaWRlc2hvdyI6IjVhYzkwOTkifQ%3D%3D\"><br \/>\n<\/a><br \/>\n<a href=\"https:\/\/www.alcantara-alicante.cl\/alicante-valle\/wp-content\/uploads\/sites\/10\/2024\/06\/Alicante-del-Valle6-1.jpg\" data-elementor-open-lightbox=\"yes\" data-elementor-lightbox-slideshow=\"5ac9099\" data-elementor-lightbox-title=\"Alicante del Valle6\" data-e-action-hash=\"#elementor-action%3Aaction%3Dlightbox%26settings%3DeyJpZCI6MjM4MjQsInVybCI6Imh0dHBzOlwvXC93d3cuYWxjYW50YXJhLWFsaWNhbnRlLmNsXC9hbGljYW50ZS12YWxsZVwvd3AtY29udGVudFwvdXBsb2Fkc1wvc2l0ZXNcLzEwXC8yMDI0XC8wNlwvQWxpY2FudGUtZGVsLVZhbGxlNi0xLmpwZyIsInNsaWRlc2hvdyI6IjVhYzkwOTkifQ%3D%3D\"><br \/>\n<\/a><br \/>\n<a href=\"https:\/\/www.alcantara-alicante.cl\/alicante-valle\/wp-content\/uploads\/sites\/10\/2024\/06\/Alicante-del-Valle7.jpg\" data-elementor-open-lightbox=\"yes\" data-elementor-lightbox-slideshow=\"5ac9099\" data-elementor-lightbox-title=\"Alicante del Valle7\" data-e-action-hash=\"#elementor-action%3Aaction%3Dlightbox%26settings%3DeyJpZCI6MjM4MjUsInVybCI6Imh0dHBzOlwvXC93d3cuYWxjYW50YXJhLWFsaWNhbnRlLmNsXC9hbGljYW50ZS12YWxsZVwvd3AtY29udGVudFwvdXBsb2Fkc1wvc2l0ZXNcLzEwXC8yMDI0XC8wNlwvQWxpY2FudGUtZGVsLVZhbGxlNy5qcGciLCJzbGlkZXNob3ciOiI1YWM5MDk5In0%3D\"><br \/>\n<\/a><br \/>\n<a href=\"https:\/\/www.alcantara-alicante.cl\/alicante-valle\/wp-content\/uploads\/sites\/10\/2024\/06\/Alicante-del-Valle8.jpg\" data-elementor-open-lightbox=\"yes\" data-elementor-lightbox-slideshow=\"5ac9099\" data-elementor-lightbox-title=\"Alicante del Valle8\" data-e-action-hash=\"#elementor-action%3Aaction%3Dlightbox%26settings%3DeyJpZCI6MjM4MjYsInVybCI6Imh0dHBzOlwvXC93d3cuYWxjYW50YXJhLWFsaWNhbnRlLmNsXC9hbGljYW50ZS12YWxsZVwvd3AtY29udGVudFwvdXBsb2Fkc1wvc2l0ZXNcLzEwXC8yMDI0XC8wNlwvQWxpY2FudGUtZGVsLVZhbGxlOC5qcGciLCJzbGlkZXNob3ciOiI1YWM5MDk5In0%3D\"><br \/>\n<\/a><\/p>\n","protected":false},"excerpt":{"rendered":"<p>El mi\u00e9rcoles 29 de mayo en el Audit\u00f3rium, como una forma de prevenci\u00f3n y educaci\u00f3n emocional,\u00a0nuestros estudiantes de 7\u00b0 y 8\u00b0 b\u00e1sicos participaron de la Charla: \u00abSexualidad, afectividad y g\u00e9nero\u00bb. El objetivo de la charla es formar personas capaces de vivir en armon\u00eda afectiva consigo mismos (as) y con los dem\u00e1s, en un contexto de &#8230; <a title=\"Charla Psicoemocional 7\u00b0 y 8\u00b0\" class=\"read-more\" href=\"https:\/\/www.alcantara-alicante.cl\/alicante-valle\/2024\/06\/05\/charla-psicoemocional-7-y-8\/\" aria-label=\"Leer m\u00e1s sobre Charla Psicoemocional 7\u00b0 y 8\u00b0\">Leer m\u00e1s<\/a><\/p>\n","protected":false},"author":1,"featured_media":973,"comment_status":"open","ping_status":"open","sticky":false,"template":"","format":"standard","meta":{"footnotes":""},"categories":[11],"tags":[],"class_list":["post-972","post","type-post","status-publish","format-standard","has-post-thumbnail","hentry","category-destacadas"],"aioseo_notices":[],"_links":{"self":[{"href":"https:\/\/www.alcantara-alicante.cl\/alicante-valle\/wp-json\/wp\/v2\/posts\/972","targetHints":{"allow":["GET"]}}],"collection":[{"href":"https:\/\/www.alcantara-alicante.cl\/alicante-valle\/wp-json\/wp\/v2\/posts"}],"about":[{"href":"https:\/\/www.alcantara-alicante.cl\/alicante-valle\/wp-json\/wp\/v2\/types\/post"}],"author":[{"embeddable":true,"href":"https:\/\/www.alcantara-alicante.cl\/alicante-valle\/wp-json\/wp\/v2\/users\/1"}],"replies":[{"embeddable":true,"href":"https:\/\/www.alcantara-alicante.cl\/alicante-valle\/wp-json\/wp\/v2\/comments?post=972"}],"version-history":[{"count":0,"href":"https:\/\/www.alcantara-alicante.cl\/alicante-valle\/wp-json\/wp\/v2\/posts\/972\/revisions"}],"wp:featuredmedia":[{"embeddable":true,"href":"https:\/\/www.alcantara-alicante.cl\/alicante-valle\/wp-json\/wp\/v2\/media\/973"}],"wp:attachment":[{"href":"https:\/\/www.alcantara-alicante.cl\/alicante-valle\/wp-json\/wp\/v2\/media?parent=972"}],"wp:term":[{"taxonomy":"category","embeddable":true,"href":"https:\/\/www.alcantara-alicante.cl\/alicante-valle\/wp-json\/wp\/v2\/categories?post=972"},{"taxonomy":"post_tag","embeddable":true,"href":"https:\/\/www.alcantara-alicante.cl\/alicante-valle\/wp-json\/wp\/v2\/tags?post=972"}],"curies":[{"name":"wp","href":"https:\/\/api.w.org\/{rel}","templated":true}]}}