{"id":950,"date":"2024-05-08T14:41:39","date_gmt":"2024-05-08T18:41:39","guid":{"rendered":"https:\/\/www.alcantara-alicante.cl\/alicante-valle\/2024\/05\/08\/alicante-en-100-palabras\/"},"modified":"2025-04-07T23:16:13","modified_gmt":"2025-04-08T03:16:13","slug":"alicante-en-100-palabras","status":"publish","type":"post","link":"https:\/\/www.alcantara-alicante.cl\/alicante-valle\/2024\/05\/08\/alicante-en-100-palabras\/","title":{"rendered":"Alicante en 100 palabras"},"content":{"rendered":"<p>El 23 de abril se ha consagrado como la fecha especifica de la celebraci\u00f3n del d\u00eda del libro y el derecho de autor, no solamente en lugares particulares, sino a nivel internacional. Es que la literatura, lejos de ser un arte ajeno, es la realidad m\u00e1s pr\u00f3xima a muchas personas. Por ello, junto con otros tantos motivos, se vuelve necesaria su difusi\u00f3n y celebraci\u00f3n en todo tipo de contexto y son precisamente los establecimientos educacionales, relevantes e insustituibles lugares encargados de llevar a cabo esta tarea.<\/p>\n<p>\u00a0<\/p>\n<p>En conmemoraci\u00f3n y celebraci\u00f3n del d\u00eda internacional del libro, el Departamento de Lenguaje del Segundo Ciclo, realiz\u00f3 una premiaci\u00f3n de \u00abAlicante en 100 palabras\u00bb, cuyo primer lugar fue para Giselle Gonz\u00e1lez del 5\u00b0B, el segundo lugar fue para Luciano Maldonado del 6\u00b0D y el tercer lugar para Agustina Meirelles del 7\u00b0C.<\/p>\n<p>\u00a0<\/p>\n<p><strong>Felicitaciones a todos los que participaron en las diversas actividades.<\/strong><\/p>\n<p>\u00a0<\/p>\n<p><a href=\"https:\/\/www.alcantara-alicante.cl\/alicante-valle\/wp-content\/uploads\/sites\/10\/2024\/05\/Alicante_Valle_libro1.jpg\" data-elementor-open-lightbox=\"yes\" data-elementor-lightbox-slideshow=\"d5a0570\" data-elementor-lightbox-title=\"Alicante_Valle_libro1\" data-e-action-hash=\"#elementor-action%3Aaction%3Dlightbox%26settings%3DeyJpZCI6MjM1MjYsInVybCI6Imh0dHBzOlwvXC93d3cuYWxjYW50YXJhLWFsaWNhbnRlLmNsXC9hbGljYW50ZS12YWxsZVwvd3AtY29udGVudFwvdXBsb2Fkc1wvc2l0ZXNcLzEwXC8yMDI0XC8wNVwvQWxpY2FudGVfVmFsbGVfbGlicm8xLmpwZyIsInNsaWRlc2hvdyI6ImQ1YTA1NzAifQ%3D%3D\"><br \/>\n<\/a><br \/>\n<a href=\"https:\/\/www.alcantara-alicante.cl\/alicante-valle\/wp-content\/uploads\/sites\/10\/2024\/05\/Alicante_Valle_libro2.jpg\" data-elementor-open-lightbox=\"yes\" data-elementor-lightbox-slideshow=\"d5a0570\" data-elementor-lightbox-title=\"Alicante_Valle_libro2\" data-e-action-hash=\"#elementor-action%3Aaction%3Dlightbox%26settings%3DeyJpZCI6MjM1MjcsInVybCI6Imh0dHBzOlwvXC93d3cuYWxjYW50YXJhLWFsaWNhbnRlLmNsXC9hbGljYW50ZS12YWxsZVwvd3AtY29udGVudFwvdXBsb2Fkc1wvc2l0ZXNcLzEwXC8yMDI0XC8wNVwvQWxpY2FudGVfVmFsbGVfbGlicm8yLmpwZyIsInNsaWRlc2hvdyI6ImQ1YTA1NzAifQ%3D%3D\"><br \/>\n<\/a><br \/>\n<a href=\"https:\/\/www.alcantara-alicante.cl\/alicante-valle\/wp-content\/uploads\/sites\/10\/2024\/05\/Alicante_Valle_libro3.jpg\" data-elementor-open-lightbox=\"yes\" data-elementor-lightbox-slideshow=\"d5a0570\" data-elementor-lightbox-title=\"Alicante_Valle_libro3\" data-e-action-hash=\"#elementor-action%3Aaction%3Dlightbox%26settings%3DeyJpZCI6MjM1MjgsInVybCI6Imh0dHBzOlwvXC93d3cuYWxjYW50YXJhLWFsaWNhbnRlLmNsXC9hbGljYW50ZS12YWxsZVwvd3AtY29udGVudFwvdXBsb2Fkc1wvc2l0ZXNcLzEwXC8yMDI0XC8wNVwvQWxpY2FudGVfVmFsbGVfbGlicm8zLmpwZyIsInNsaWRlc2hvdyI6ImQ1YTA1NzAifQ%3D%3D\"><br \/>\n<\/a><br \/>\n<a href=\"https:\/\/www.alcantara-alicante.cl\/alicante-valle\/wp-content\/uploads\/sites\/10\/2024\/05\/Alicante_Valle_libro4.jpg\" data-elementor-open-lightbox=\"yes\" data-elementor-lightbox-slideshow=\"d5a0570\" data-elementor-lightbox-title=\"Alicante_Valle_libro4\" data-e-action-hash=\"#elementor-action%3Aaction%3Dlightbox%26settings%3DeyJpZCI6MjM1MjksInVybCI6Imh0dHBzOlwvXC93d3cuYWxjYW50YXJhLWFsaWNhbnRlLmNsXC9hbGljYW50ZS12YWxsZVwvd3AtY29udGVudFwvdXBsb2Fkc1wvc2l0ZXNcLzEwXC8yMDI0XC8wNVwvQWxpY2FudGVfVmFsbGVfbGlicm80LmpwZyIsInNsaWRlc2hvdyI6ImQ1YTA1NzAifQ%3D%3D\"><br \/>\n<\/a><br \/>\n<a href=\"https:\/\/www.alcantara-alicante.cl\/alicante-valle\/wp-content\/uploads\/sites\/10\/2024\/05\/Alicante_Valle_libro5.jpg\" data-elementor-open-lightbox=\"yes\" data-elementor-lightbox-slideshow=\"d5a0570\" data-elementor-lightbox-title=\"Alicante_Valle_libro5\" data-e-action-hash=\"#elementor-action%3Aaction%3Dlightbox%26settings%3DeyJpZCI6MjM1MzAsInVybCI6Imh0dHBzOlwvXC93d3cuYWxjYW50YXJhLWFsaWNhbnRlLmNsXC9hbGljYW50ZS12YWxsZVwvd3AtY29udGVudFwvdXBsb2Fkc1wvc2l0ZXNcLzEwXC8yMDI0XC8wNVwvQWxpY2FudGVfVmFsbGVfbGlicm81LmpwZyIsInNsaWRlc2hvdyI6ImQ1YTA1NzAifQ%3D%3D\"><br \/>\n<\/a><\/p>\n","protected":false},"excerpt":{"rendered":"<p>El 23 de abril se ha consagrado como la fecha especifica de la celebraci\u00f3n del d\u00eda del libro y el derecho de autor, no solamente en lugares particulares, sino a nivel internacional. Es que la literatura, lejos de ser un arte ajeno, es la realidad m\u00e1s pr\u00f3xima a muchas personas. Por ello, junto con otros &#8230; <a title=\"Alicante en 100 palabras\" class=\"read-more\" href=\"https:\/\/www.alcantara-alicante.cl\/alicante-valle\/2024\/05\/08\/alicante-en-100-palabras\/\" aria-label=\"Leer m\u00e1s sobre Alicante en 100 palabras\">Leer m\u00e1s<\/a><\/p>\n","protected":false},"author":1,"featured_media":951,"comment_status":"open","ping_status":"open","sticky":false,"template":"","format":"standard","meta":{"footnotes":""},"categories":[10,14,11],"tags":[],"class_list":["post-950","post","type-post","status-publish","format-standard","has-post-thumbnail","hentry","category-academicas","category-culturales","category-destacadas"],"aioseo_notices":[],"_links":{"self":[{"href":"https:\/\/www.alcantara-alicante.cl\/alicante-valle\/wp-json\/wp\/v2\/posts\/950","targetHints":{"allow":["GET"]}}],"collection":[{"href":"https:\/\/www.alcantara-alicante.cl\/alicante-valle\/wp-json\/wp\/v2\/posts"}],"about":[{"href":"https:\/\/www.alcantara-alicante.cl\/alicante-valle\/wp-json\/wp\/v2\/types\/post"}],"author":[{"embeddable":true,"href":"https:\/\/www.alcantara-alicante.cl\/alicante-valle\/wp-json\/wp\/v2\/users\/1"}],"replies":[{"embeddable":true,"href":"https:\/\/www.alcantara-alicante.cl\/alicante-valle\/wp-json\/wp\/v2\/comments?post=950"}],"version-history":[{"count":0,"href":"https:\/\/www.alcantara-alicante.cl\/alicante-valle\/wp-json\/wp\/v2\/posts\/950\/revisions"}],"wp:featuredmedia":[{"embeddable":true,"href":"https:\/\/www.alcantara-alicante.cl\/alicante-valle\/wp-json\/wp\/v2\/media\/951"}],"wp:attachment":[{"href":"https:\/\/www.alcantara-alicante.cl\/alicante-valle\/wp-json\/wp\/v2\/media?parent=950"}],"wp:term":[{"taxonomy":"category","embeddable":true,"href":"https:\/\/www.alcantara-alicante.cl\/alicante-valle\/wp-json\/wp\/v2\/categories?post=950"},{"taxonomy":"post_tag","embeddable":true,"href":"https:\/\/www.alcantara-alicante.cl\/alicante-valle\/wp-json\/wp\/v2\/tags?post=950"}],"curies":[{"name":"wp","href":"https:\/\/api.w.org\/{rel}","templated":true}]}}