{"id":941,"date":"2024-05-03T19:41:41","date_gmt":"2024-05-03T23:41:41","guid":{"rendered":"https:\/\/www.alcantara-alicante.cl\/alicante-valle\/2024\/05\/03\/dia-del-libro-en-ed-parvularia\/"},"modified":"2025-04-07T23:16:10","modified_gmt":"2025-04-08T03:16:10","slug":"dia-del-libro-en-ed-parvularia","status":"publish","type":"post","link":"https:\/\/www.alcantara-alicante.cl\/alicante-valle\/2024\/05\/03\/dia-del-libro-en-ed-parvularia\/","title":{"rendered":"D\u00eda del libro en Ed. Parvularia"},"content":{"rendered":"<p><img fetchpriority=\"high\" decoding=\"async\" width=\"1024\" height=\"461\" src=\"https:\/\/www.alcantara-alicante.cl\/alicante-valle\/wp-content\/uploads\/sites\/8\/site\/\/1\/parvulario-Alicante-del-Valle-7.jpeg\" alt=\"\" srcset=\"https:\/\/www.alcantara-alicante.cl\/alicante-valle\/wp-content\/uploads\/sites\/8\/site\/\/1\/parvulario-Alicante-del-Valle-7.jpeg 1024w, https:\/\/www.alcantara-alicante.cl\/alicante-valle\/wp-content\/uploads\/sites\/8\/site\/\/1\/parvulario-Alicante-del-Valle-9.jpeg 300w, https:\/\/www.alcantara-alicante.cl\/alicante-valle\/wp-content\/uploads\/sites\/8\/site\/\/1\/parvulario-Alicante-del-Valle-10.jpeg 768w, https:\/\/www.alcantara-alicante.cl\/alicante-valle\/wp-content\/uploads\/sites\/8\/site\/\/1\/parvulario-Alicante-del-Valle-11.jpeg 700w, https:\/\/www.alcantara-alicante.cl\/alicante-valle\/wp-content\/uploads\/sites\/8\/site\/\/1\/parvulario-Alicante-del-Valle-12.jpeg 1280w\" sizes=\"(max-width: 1024px) 100vw, 1024px\" \/><\/p>\n<p>Estimados Padres y apoderados\u00a0<\/p>\n<p>Los ni\u00f1os y ni\u00f1as de nuestro ciclo celebraron el martes 23 de abril \u00a0el d\u00eda del libro\u00a0 y los derechos de Autor, participando de manera activa en cada una de las actividades organizadas por el ciclo. Visitas a la biblioteca, participaci\u00f3n de los stand y de las obras de teatro , funci\u00f3n de t\u00edteres\u00a0 que los apoderados prepararon con dedicaci\u00f3n y cari\u00f1o para sus hijos\/as. Agradecemos el compromiso y apoyo demostrado en la celebraci\u00f3n.<\/p>\n<p>\u00a0<\/p>\n<p>https:\/\/youtu.be\/6RSEkpoLwx4<\/p>\n","protected":false},"excerpt":{"rendered":"<p>Estimados Padres y apoderados\u00a0 Los ni\u00f1os y ni\u00f1as de nuestro ciclo celebraron el martes 23 de abril \u00a0el d\u00eda del libro\u00a0 y los derechos de Autor, participando de manera activa en cada una de las actividades organizadas por el ciclo. Visitas a la biblioteca, participaci\u00f3n de los stand y de las obras de teatro , &#8230; <a title=\"D\u00eda del libro en Ed. Parvularia\" class=\"read-more\" href=\"https:\/\/www.alcantara-alicante.cl\/alicante-valle\/2024\/05\/03\/dia-del-libro-en-ed-parvularia\/\" aria-label=\"Leer m\u00e1s sobre D\u00eda del libro en Ed. Parvularia\">Leer m\u00e1s<\/a><\/p>\n","protected":false},"author":1,"featured_media":942,"comment_status":"open","ping_status":"open","sticky":false,"template":"","format":"standard","meta":{"footnotes":""},"categories":[10,14,11,17],"tags":[],"class_list":["post-941","post","type-post","status-publish","format-standard","has-post-thumbnail","hentry","category-academicas","category-culturales","category-destacadas","category-noticias-parvulario"],"aioseo_notices":[],"_links":{"self":[{"href":"https:\/\/www.alcantara-alicante.cl\/alicante-valle\/wp-json\/wp\/v2\/posts\/941","targetHints":{"allow":["GET"]}}],"collection":[{"href":"https:\/\/www.alcantara-alicante.cl\/alicante-valle\/wp-json\/wp\/v2\/posts"}],"about":[{"href":"https:\/\/www.alcantara-alicante.cl\/alicante-valle\/wp-json\/wp\/v2\/types\/post"}],"author":[{"embeddable":true,"href":"https:\/\/www.alcantara-alicante.cl\/alicante-valle\/wp-json\/wp\/v2\/users\/1"}],"replies":[{"embeddable":true,"href":"https:\/\/www.alcantara-alicante.cl\/alicante-valle\/wp-json\/wp\/v2\/comments?post=941"}],"version-history":[{"count":0,"href":"https:\/\/www.alcantara-alicante.cl\/alicante-valle\/wp-json\/wp\/v2\/posts\/941\/revisions"}],"wp:featuredmedia":[{"embeddable":true,"href":"https:\/\/www.alcantara-alicante.cl\/alicante-valle\/wp-json\/wp\/v2\/media\/942"}],"wp:attachment":[{"href":"https:\/\/www.alcantara-alicante.cl\/alicante-valle\/wp-json\/wp\/v2\/media?parent=941"}],"wp:term":[{"taxonomy":"category","embeddable":true,"href":"https:\/\/www.alcantara-alicante.cl\/alicante-valle\/wp-json\/wp\/v2\/categories?post=941"},{"taxonomy":"post_tag","embeddable":true,"href":"https:\/\/www.alcantara-alicante.cl\/alicante-valle\/wp-json\/wp\/v2\/tags?post=941"}],"curies":[{"name":"wp","href":"https:\/\/api.w.org\/{rel}","templated":true}]}}