{"id":921,"date":"2024-04-09T17:03:38","date_gmt":"2024-04-09T21:03:38","guid":{"rendered":"https:\/\/www.alcantara-alicante.cl\/alicante-valle\/2024\/04\/09\/primer-acto-civico\/"},"modified":"2025-04-07T23:15:51","modified_gmt":"2025-04-08T03:15:51","slug":"primer-acto-civico","status":"publish","type":"post","link":"https:\/\/www.alcantara-alicante.cl\/alicante-valle\/2024\/04\/09\/primer-acto-civico\/","title":{"rendered":"Primer Acto C\u00edvico"},"content":{"rendered":"<p>El lunes 1 de abril se llev\u00f3 a cabo nuestro primer Acto C\u00edvico, conmemorando el valor de la\u00a0 \u201camistad\u201d. El acto c\u00edvico fue organizado por los cursos\u00a0 K\u00ednder A, B, C, D, E y F, 1\u00b0 b\u00e1sico A, 3\u00b0A, 4\u00b0A y 5\u00b0A\u00ba.<\/p>\n<p>Fueron\u00a0 premiados\u00a0 los alumnos que se destacaron durante el mes de marzo\u00a0 en el valor de la amistad. Esta premiaci\u00f3n estuvo a cargo de nuestra Directora y Educadoras de P\u00e1rvulos.<\/p>\n<p><a href=\"https:\/\/www.alcantara-alicante.cl\/alicante-valle\/wp-content\/uploads\/sites\/10\/2024\/04\/acto_civico3.jpg\" data-elementor-open-lightbox=\"yes\" data-elementor-lightbox-slideshow=\"9888176\" data-elementor-lightbox-title=\"acto_civico3\" data-e-action-hash=\"#elementor-action%3Aaction%3Dlightbox%26settings%3DeyJpZCI6MjMyMjksInVybCI6Imh0dHBzOlwvXC93d3cuYWxjYW50YXJhLWFsaWNhbnRlLmNsXC9hbGljYW50ZS12YWxsZVwvd3AtY29udGVudFwvdXBsb2Fkc1wvc2l0ZXNcLzEwXC8yMDI0XC8wNFwvYWN0b19jaXZpY28zLmpwZyIsInNsaWRlc2hvdyI6Ijk4ODgxNzYifQ%3D%3D\"><br \/>\n<\/a><br \/>\n<a href=\"https:\/\/www.alcantara-alicante.cl\/alicante-valle\/wp-content\/uploads\/sites\/10\/2024\/04\/acto_civico2.jpg\" data-elementor-open-lightbox=\"yes\" data-elementor-lightbox-slideshow=\"9888176\" data-elementor-lightbox-title=\"acto_civico2\" data-e-action-hash=\"#elementor-action%3Aaction%3Dlightbox%26settings%3DeyJpZCI6MjMyMjgsInVybCI6Imh0dHBzOlwvXC93d3cuYWxjYW50YXJhLWFsaWNhbnRlLmNsXC9hbGljYW50ZS12YWxsZVwvd3AtY29udGVudFwvdXBsb2Fkc1wvc2l0ZXNcLzEwXC8yMDI0XC8wNFwvYWN0b19jaXZpY28yLmpwZyIsInNsaWRlc2hvdyI6Ijk4ODgxNzYifQ%3D%3D\"><br \/>\n<\/a><br \/>\n<a href=\"https:\/\/www.alcantara-alicante.cl\/alicante-valle\/wp-content\/uploads\/sites\/10\/2024\/04\/acto_civico4.jpg\" data-elementor-open-lightbox=\"yes\" data-elementor-lightbox-slideshow=\"9888176\" data-elementor-lightbox-title=\"acto_civico4\" data-e-action-hash=\"#elementor-action%3Aaction%3Dlightbox%26settings%3DeyJpZCI6MjMyMzAsInVybCI6Imh0dHBzOlwvXC93d3cuYWxjYW50YXJhLWFsaWNhbnRlLmNsXC9hbGljYW50ZS12YWxsZVwvd3AtY29udGVudFwvdXBsb2Fkc1wvc2l0ZXNcLzEwXC8yMDI0XC8wNFwvYWN0b19jaXZpY280LmpwZyIsInNsaWRlc2hvdyI6Ijk4ODgxNzYifQ%3D%3D\"><br \/>\n<\/a><br \/>\n<a href=\"https:\/\/www.alcantara-alicante.cl\/alicante-valle\/wp-content\/uploads\/sites\/10\/2024\/04\/acto_civico5.jpg\" data-elementor-open-lightbox=\"yes\" data-elementor-lightbox-slideshow=\"9888176\" data-elementor-lightbox-title=\"acto_civico5\" data-e-action-hash=\"#elementor-action%3Aaction%3Dlightbox%26settings%3DeyJpZCI6MjMyMzEsInVybCI6Imh0dHBzOlwvXC93d3cuYWxjYW50YXJhLWFsaWNhbnRlLmNsXC9hbGljYW50ZS12YWxsZVwvd3AtY29udGVudFwvdXBsb2Fkc1wvc2l0ZXNcLzEwXC8yMDI0XC8wNFwvYWN0b19jaXZpY281LmpwZyIsInNsaWRlc2hvdyI6Ijk4ODgxNzYifQ%3D%3D\"><br \/>\n<\/a><br \/>\n<a href=\"https:\/\/www.alcantara-alicante.cl\/alicante-valle\/wp-content\/uploads\/sites\/10\/2024\/04\/acto_civico6.jpg\" data-elementor-open-lightbox=\"yes\" data-elementor-lightbox-slideshow=\"9888176\" data-elementor-lightbox-title=\"acto_civico6\" data-e-action-hash=\"#elementor-action%3Aaction%3Dlightbox%26settings%3DeyJpZCI6MjMyMzIsInVybCI6Imh0dHBzOlwvXC93d3cuYWxjYW50YXJhLWFsaWNhbnRlLmNsXC9hbGljYW50ZS12YWxsZVwvd3AtY29udGVudFwvdXBsb2Fkc1wvc2l0ZXNcLzEwXC8yMDI0XC8wNFwvYWN0b19jaXZpY282LmpwZyIsInNsaWRlc2hvdyI6Ijk4ODgxNzYifQ%3D%3D\"><br \/>\n<\/a><br \/>\n<a href=\"https:\/\/www.alcantara-alicante.cl\/alicante-valle\/wp-content\/uploads\/sites\/10\/2024\/04\/acto_civico7.jpg\" data-elementor-open-lightbox=\"yes\" data-elementor-lightbox-slideshow=\"9888176\" data-elementor-lightbox-title=\"acto_civico7\" data-e-action-hash=\"#elementor-action%3Aaction%3Dlightbox%26settings%3DeyJpZCI6MjMyMzMsInVybCI6Imh0dHBzOlwvXC93d3cuYWxjYW50YXJhLWFsaWNhbnRlLmNsXC9hbGljYW50ZS12YWxsZVwvd3AtY29udGVudFwvdXBsb2Fkc1wvc2l0ZXNcLzEwXC8yMDI0XC8wNFwvYWN0b19jaXZpY283LmpwZyIsInNsaWRlc2hvdyI6Ijk4ODgxNzYifQ%3D%3D\"><br \/>\n<\/a><br \/>\n<a href=\"https:\/\/www.alcantara-alicante.cl\/alicante-valle\/wp-content\/uploads\/sites\/10\/2024\/04\/acto_civico8.jpg\" data-elementor-open-lightbox=\"yes\" data-elementor-lightbox-slideshow=\"9888176\" data-elementor-lightbox-title=\"acto_civico8\" data-e-action-hash=\"#elementor-action%3Aaction%3Dlightbox%26settings%3DeyJpZCI6MjMyMzQsInVybCI6Imh0dHBzOlwvXC93d3cuYWxjYW50YXJhLWFsaWNhbnRlLmNsXC9hbGljYW50ZS12YWxsZVwvd3AtY29udGVudFwvdXBsb2Fkc1wvc2l0ZXNcLzEwXC8yMDI0XC8wNFwvYWN0b19jaXZpY284LmpwZyIsInNsaWRlc2hvdyI6Ijk4ODgxNzYifQ%3D%3D\"><br \/>\n<\/a><br \/>\n<a href=\"https:\/\/www.alcantara-alicante.cl\/alicante-valle\/wp-content\/uploads\/sites\/10\/2024\/04\/acto_civico9.jpg\" data-elementor-open-lightbox=\"yes\" data-elementor-lightbox-slideshow=\"9888176\" data-elementor-lightbox-title=\"acto_civico9\" data-e-action-hash=\"#elementor-action%3Aaction%3Dlightbox%26settings%3DeyJpZCI6MjMyMzUsInVybCI6Imh0dHBzOlwvXC93d3cuYWxjYW50YXJhLWFsaWNhbnRlLmNsXC9hbGljYW50ZS12YWxsZVwvd3AtY29udGVudFwvdXBsb2Fkc1wvc2l0ZXNcLzEwXC8yMDI0XC8wNFwvYWN0b19jaXZpY285LmpwZyIsInNsaWRlc2hvdyI6Ijk4ODgxNzYifQ%3D%3D\"><br \/>\n<\/a><br \/>\n<a href=\"https:\/\/www.alcantara-alicante.cl\/alicante-valle\/wp-content\/uploads\/sites\/10\/2024\/04\/acto_civico10.jpg\" data-elementor-open-lightbox=\"yes\" data-elementor-lightbox-slideshow=\"9888176\" data-elementor-lightbox-title=\"acto_civico10\" data-e-action-hash=\"#elementor-action%3Aaction%3Dlightbox%26settings%3DeyJpZCI6MjMyMzYsInVybCI6Imh0dHBzOlwvXC93d3cuYWxjYW50YXJhLWFsaWNhbnRlLmNsXC9hbGljYW50ZS12YWxsZVwvd3AtY29udGVudFwvdXBsb2Fkc1wvc2l0ZXNcLzEwXC8yMDI0XC8wNFwvYWN0b19jaXZpY28xMC5qcGciLCJzbGlkZXNob3ciOiI5ODg4MTc2In0%3D\"><br \/>\n<\/a><br \/>\n<a href=\"https:\/\/www.alcantara-alicante.cl\/alicante-valle\/wp-content\/uploads\/sites\/10\/2024\/04\/acto_civico11.jpg\" data-elementor-open-lightbox=\"yes\" data-elementor-lightbox-slideshow=\"9888176\" data-elementor-lightbox-title=\"acto_civico11\" data-e-action-hash=\"#elementor-action%3Aaction%3Dlightbox%26settings%3DeyJpZCI6MjMyMzcsInVybCI6Imh0dHBzOlwvXC93d3cuYWxjYW50YXJhLWFsaWNhbnRlLmNsXC9hbGljYW50ZS12YWxsZVwvd3AtY29udGVudFwvdXBsb2Fkc1wvc2l0ZXNcLzEwXC8yMDI0XC8wNFwvYWN0b19jaXZpY28xMS5qcGciLCJzbGlkZXNob3ciOiI5ODg4MTc2In0%3D\"><br \/>\n<\/a><br \/>\n<a href=\"https:\/\/www.alcantara-alicante.cl\/alicante-valle\/wp-content\/uploads\/sites\/10\/2024\/04\/acto_civico12.jpg\" data-elementor-open-lightbox=\"yes\" data-elementor-lightbox-slideshow=\"9888176\" data-elementor-lightbox-title=\"acto_civico12\" data-e-action-hash=\"#elementor-action%3Aaction%3Dlightbox%26settings%3DeyJpZCI6MjMyMzgsInVybCI6Imh0dHBzOlwvXC93d3cuYWxjYW50YXJhLWFsaWNhbnRlLmNsXC9hbGljYW50ZS12YWxsZVwvd3AtY29udGVudFwvdXBsb2Fkc1wvc2l0ZXNcLzEwXC8yMDI0XC8wNFwvYWN0b19jaXZpY28xMi5qcGciLCJzbGlkZXNob3ciOiI5ODg4MTc2In0%3D\"><br \/>\n<\/a><\/p>\n","protected":false},"excerpt":{"rendered":"<p>El lunes 1 de abril se llev\u00f3 a cabo nuestro primer Acto C\u00edvico, conmemorando el valor de la\u00a0 \u201camistad\u201d. El acto c\u00edvico fue organizado por los cursos\u00a0 K\u00ednder A, B, C, D, E y F, 1\u00b0 b\u00e1sico A, 3\u00b0A, 4\u00b0A y 5\u00b0A\u00ba. Fueron\u00a0 premiados\u00a0 los alumnos que se destacaron durante el mes de marzo\u00a0 en &#8230; <a title=\"Primer Acto C\u00edvico\" class=\"read-more\" href=\"https:\/\/www.alcantara-alicante.cl\/alicante-valle\/2024\/04\/09\/primer-acto-civico\/\" aria-label=\"Leer m\u00e1s sobre Primer Acto C\u00edvico\">Leer m\u00e1s<\/a><\/p>\n","protected":false},"author":1,"featured_media":922,"comment_status":"open","ping_status":"open","sticky":false,"template":"","format":"standard","meta":{"footnotes":""},"categories":[10,14,11],"tags":[],"class_list":["post-921","post","type-post","status-publish","format-standard","has-post-thumbnail","hentry","category-academicas","category-culturales","category-destacadas"],"aioseo_notices":[],"_links":{"self":[{"href":"https:\/\/www.alcantara-alicante.cl\/alicante-valle\/wp-json\/wp\/v2\/posts\/921","targetHints":{"allow":["GET"]}}],"collection":[{"href":"https:\/\/www.alcantara-alicante.cl\/alicante-valle\/wp-json\/wp\/v2\/posts"}],"about":[{"href":"https:\/\/www.alcantara-alicante.cl\/alicante-valle\/wp-json\/wp\/v2\/types\/post"}],"author":[{"embeddable":true,"href":"https:\/\/www.alcantara-alicante.cl\/alicante-valle\/wp-json\/wp\/v2\/users\/1"}],"replies":[{"embeddable":true,"href":"https:\/\/www.alcantara-alicante.cl\/alicante-valle\/wp-json\/wp\/v2\/comments?post=921"}],"version-history":[{"count":0,"href":"https:\/\/www.alcantara-alicante.cl\/alicante-valle\/wp-json\/wp\/v2\/posts\/921\/revisions"}],"wp:featuredmedia":[{"embeddable":true,"href":"https:\/\/www.alcantara-alicante.cl\/alicante-valle\/wp-json\/wp\/v2\/media\/922"}],"wp:attachment":[{"href":"https:\/\/www.alcantara-alicante.cl\/alicante-valle\/wp-json\/wp\/v2\/media?parent=921"}],"wp:term":[{"taxonomy":"category","embeddable":true,"href":"https:\/\/www.alcantara-alicante.cl\/alicante-valle\/wp-json\/wp\/v2\/categories?post=921"},{"taxonomy":"post_tag","embeddable":true,"href":"https:\/\/www.alcantara-alicante.cl\/alicante-valle\/wp-json\/wp\/v2\/tags?post=921"}],"curies":[{"name":"wp","href":"https:\/\/api.w.org\/{rel}","templated":true}]}}