{"id":789,"date":"2023-05-11T23:27:42","date_gmt":"2023-05-12T03:27:42","guid":{"rendered":"https:\/\/www.alcantara-alicante.cl\/alicante-valle\/2023\/05\/11\/salida-pedagogica-a-museo-andino-de-1o-medios\/"},"modified":"2025-04-07T23:15:17","modified_gmt":"2025-04-08T03:15:17","slug":"salida-pedagogica-a-museo-andino-de-1o-medios","status":"publish","type":"post","link":"https:\/\/www.alcantara-alicante.cl\/alicante-valle\/2023\/05\/11\/salida-pedagogica-a-museo-andino-de-1o-medios\/","title":{"rendered":"Salida Pedag\u00f3gica a Museo Andino de 1\u00ba medios"},"content":{"rendered":"<p>Durante esta semana los estudiantes de primero medio tuvieron la oportunidad de aprender a trav\u00e9s de una\u00a0salida pedag\u00f3gica al Museo Andino, instancia que result\u00f3 ser una actividad muy enriquecedora y educativa para los estudiantes.\u00a0<\/p>\n<p>Nuestros estudiantes, acompa\u00f1ados de sus profesores de historia y apoderados representantes, pudieron conocer el\u00a0museo inaugurado en 2006, el cual ofrece una interesante muestra del patrimonio arqueol\u00f3gico, hist\u00f3rico y art\u00edstico de los pueblos que habitan o han habitado el territorio chileno.\u00a0<\/p>\n<p>La visita guiada al museo permiti\u00f3 a los estudiantes conocer de manera detallada la historia de los pueblos originarios, su modo de vida, costumbres, creencias y su relaci\u00f3n con la naturaleza. As\u00ed, pudieron apreciar objetos antiguos, artesan\u00edas, textiles, cer\u00e1micas y otros elementos que revelan la riqueza cultural de estas comunidades. Adem\u00e1s, la visita fue complementada con explicaciones por parte de los gu\u00edas tur\u00edsticos, quien brindaron informaci\u00f3n detallada sobre cada pieza exhibida y su contexto hist\u00f3rico.\u00a0<\/p>\n<p>A continuaci\u00f3n vea la galer\u00eda de fotos y\u00a0 video de la experiencia de aprendizaje vivida:\u00a0 \u00a0<\/p>\n<p>\u00a0Cordialmente,Coordinaci\u00f3n acad\u00e9mica Ense\u00f1anza Media.\u00a0<br \/>\n<a href=\"https:\/\/www.alcantara-alicante.cl\/alicante-valle\/wp-content\/uploads\/sites\/10\/2023\/05\/salida_pedagogica2.jpg\" data-elementor-open-lightbox=\"yes\" data-elementor-lightbox-slideshow=\"all-bd8d653\" data-elementor-lightbox-title=\"salida_pedagogica2\" data-e-action-hash=\"#elementor-action%3Aaction%3Dlightbox%26settings%3DeyJpZCI6MjE5MDksInVybCI6Imh0dHBzOlwvXC93d3cuYWxjYW50YXJhLWFsaWNhbnRlLmNsXC9hbGljYW50ZS12YWxsZVwvd3AtY29udGVudFwvdXBsb2Fkc1wvc2l0ZXNcLzEwXC8yMDIzXC8wNVwvc2FsaWRhX3BlZGFnb2dpY2EyLmpwZyIsInNsaWRlc2hvdyI6ImFsbC1iZDhkNjUzIn0%3D\"><br \/>\n<\/a><br \/>\n<a href=\"https:\/\/www.alcantara-alicante.cl\/alicante-valle\/wp-content\/uploads\/sites\/10\/2023\/05\/salida_pedagogica3.jpg\" data-elementor-open-lightbox=\"yes\" data-elementor-lightbox-slideshow=\"all-bd8d653\" data-elementor-lightbox-title=\"salida_pedagogica3\" data-e-action-hash=\"#elementor-action%3Aaction%3Dlightbox%26settings%3DeyJpZCI6MjE5MTAsInVybCI6Imh0dHBzOlwvXC93d3cuYWxjYW50YXJhLWFsaWNhbnRlLmNsXC9hbGljYW50ZS12YWxsZVwvd3AtY29udGVudFwvdXBsb2Fkc1wvc2l0ZXNcLzEwXC8yMDIzXC8wNVwvc2FsaWRhX3BlZGFnb2dpY2EzLmpwZyIsInNsaWRlc2hvdyI6ImFsbC1iZDhkNjUzIn0%3D\"><br \/>\n<\/a><br \/>\n<a href=\"https:\/\/www.alcantara-alicante.cl\/alicante-valle\/wp-content\/uploads\/sites\/10\/2023\/05\/salida_pedagogica4.jpg\" data-elementor-open-lightbox=\"yes\" data-elementor-lightbox-slideshow=\"all-bd8d653\" data-elementor-lightbox-title=\"salida_pedagogica4\" data-e-action-hash=\"#elementor-action%3Aaction%3Dlightbox%26settings%3DeyJpZCI6MjE5MTEsInVybCI6Imh0dHBzOlwvXC93d3cuYWxjYW50YXJhLWFsaWNhbnRlLmNsXC9hbGljYW50ZS12YWxsZVwvd3AtY29udGVudFwvdXBsb2Fkc1wvc2l0ZXNcLzEwXC8yMDIzXC8wNVwvc2FsaWRhX3BlZGFnb2dpY2E0LmpwZyIsInNsaWRlc2hvdyI6ImFsbC1iZDhkNjUzIn0%3D\"><br \/>\n<\/a><br \/>\n<a href=\"https:\/\/www.alcantara-alicante.cl\/alicante-valle\/wp-content\/uploads\/sites\/10\/2023\/05\/salida_pedagogica5.jpg\" data-elementor-open-lightbox=\"yes\" data-elementor-lightbox-slideshow=\"all-bd8d653\" data-elementor-lightbox-title=\"salida_pedagogica5\" data-e-action-hash=\"#elementor-action%3Aaction%3Dlightbox%26settings%3DeyJpZCI6MjE5MTIsInVybCI6Imh0dHBzOlwvXC93d3cuYWxjYW50YXJhLWFsaWNhbnRlLmNsXC9hbGljYW50ZS12YWxsZVwvd3AtY29udGVudFwvdXBsb2Fkc1wvc2l0ZXNcLzEwXC8yMDIzXC8wNVwvc2FsaWRhX3BlZGFnb2dpY2E1LmpwZyIsInNsaWRlc2hvdyI6ImFsbC1iZDhkNjUzIn0%3D\"><br \/>\n<\/a><br \/>\n<a href=\"https:\/\/www.alcantara-alicante.cl\/alicante-valle\/wp-content\/uploads\/sites\/10\/2023\/05\/salida_pedagogica6.jpg\" data-elementor-open-lightbox=\"yes\" data-elementor-lightbox-slideshow=\"all-bd8d653\" data-elementor-lightbox-title=\"salida_pedagogica6\" data-e-action-hash=\"#elementor-action%3Aaction%3Dlightbox%26settings%3DeyJpZCI6MjE5MTMsInVybCI6Imh0dHBzOlwvXC93d3cuYWxjYW50YXJhLWFsaWNhbnRlLmNsXC9hbGljYW50ZS12YWxsZVwvd3AtY29udGVudFwvdXBsb2Fkc1wvc2l0ZXNcLzEwXC8yMDIzXC8wNVwvc2FsaWRhX3BlZGFnb2dpY2E2LmpwZyIsInNsaWRlc2hvdyI6ImFsbC1iZDhkNjUzIn0%3D\"><br \/>\n<\/a><br \/>\n<a href=\"https:\/\/www.alcantara-alicante.cl\/alicante-valle\/wp-content\/uploads\/sites\/10\/2023\/05\/salida_pedagogica7.jpg\" data-elementor-open-lightbox=\"yes\" data-elementor-lightbox-slideshow=\"all-bd8d653\" data-elementor-lightbox-title=\"salida_pedagogica7\" data-e-action-hash=\"#elementor-action%3Aaction%3Dlightbox%26settings%3DeyJpZCI6MjE5MTQsInVybCI6Imh0dHBzOlwvXC93d3cuYWxjYW50YXJhLWFsaWNhbnRlLmNsXC9hbGljYW50ZS12YWxsZVwvd3AtY29udGVudFwvdXBsb2Fkc1wvc2l0ZXNcLzEwXC8yMDIzXC8wNVwvc2FsaWRhX3BlZGFnb2dpY2E3LmpwZyIsInNsaWRlc2hvdyI6ImFsbC1iZDhkNjUzIn0%3D\"><br \/>\n<\/a><br \/>\n<a href=\"https:\/\/www.alcantara-alicante.cl\/alicante-valle\/wp-content\/uploads\/sites\/10\/2023\/05\/salida_pedagogica9.jpg\" data-elementor-open-lightbox=\"yes\" data-elementor-lightbox-slideshow=\"all-bd8d653\" data-elementor-lightbox-title=\"salida_pedagogica9\" data-e-action-hash=\"#elementor-action%3Aaction%3Dlightbox%26settings%3DeyJpZCI6MjE5MTUsInVybCI6Imh0dHBzOlwvXC93d3cuYWxjYW50YXJhLWFsaWNhbnRlLmNsXC9hbGljYW50ZS12YWxsZVwvd3AtY29udGVudFwvdXBsb2Fkc1wvc2l0ZXNcLzEwXC8yMDIzXC8wNVwvc2FsaWRhX3BlZGFnb2dpY2E5LmpwZyIsInNsaWRlc2hvdyI6ImFsbC1iZDhkNjUzIn0%3D\"><br \/>\n<\/a><br \/>\n<a href=\"https:\/\/www.alcantara-alicante.cl\/alicante-valle\/wp-content\/uploads\/sites\/10\/2023\/05\/salida_pedagogica10.jpg\" data-elementor-open-lightbox=\"yes\" data-elementor-lightbox-slideshow=\"all-bd8d653\" data-elementor-lightbox-title=\"salida_pedagogica10\" data-e-action-hash=\"#elementor-action%3Aaction%3Dlightbox%26settings%3DeyJpZCI6MjE5MTYsInVybCI6Imh0dHBzOlwvXC93d3cuYWxjYW50YXJhLWFsaWNhbnRlLmNsXC9hbGljYW50ZS12YWxsZVwvd3AtY29udGVudFwvdXBsb2Fkc1wvc2l0ZXNcLzEwXC8yMDIzXC8wNVwvc2FsaWRhX3BlZGFnb2dpY2ExMC5qcGciLCJzbGlkZXNob3ciOiJhbGwtYmQ4ZDY1MyJ9\"><br \/>\n<\/a><br \/>\n<a href=\"https:\/\/www.alcantara-alicante.cl\/alicante-valle\/wp-content\/uploads\/sites\/10\/2023\/05\/salida_pedagogica11.jpg\" data-elementor-open-lightbox=\"yes\" data-elementor-lightbox-slideshow=\"all-bd8d653\" data-elementor-lightbox-title=\"salida_pedagogica11\" data-e-action-hash=\"#elementor-action%3Aaction%3Dlightbox%26settings%3DeyJpZCI6MjE5MTcsInVybCI6Imh0dHBzOlwvXC93d3cuYWxjYW50YXJhLWFsaWNhbnRlLmNsXC9hbGljYW50ZS12YWxsZVwvd3AtY29udGVudFwvdXBsb2Fkc1wvc2l0ZXNcLzEwXC8yMDIzXC8wNVwvc2FsaWRhX3BlZGFnb2dpY2ExMS5qcGciLCJzbGlkZXNob3ciOiJhbGwtYmQ4ZDY1MyJ9\"><br \/>\n<\/a><br \/>\n<a href=\"https:\/\/www.alcantara-alicante.cl\/alicante-valle\/wp-content\/uploads\/sites\/10\/2023\/05\/salida_pedagogica12.jpg\" data-elementor-open-lightbox=\"yes\" data-elementor-lightbox-slideshow=\"all-bd8d653\" data-elementor-lightbox-title=\"salida_pedagogica12\" data-e-action-hash=\"#elementor-action%3Aaction%3Dlightbox%26settings%3DeyJpZCI6MjE5MTgsInVybCI6Imh0dHBzOlwvXC93d3cuYWxjYW50YXJhLWFsaWNhbnRlLmNsXC9hbGljYW50ZS12YWxsZVwvd3AtY29udGVudFwvdXBsb2Fkc1wvc2l0ZXNcLzEwXC8yMDIzXC8wNVwvc2FsaWRhX3BlZGFnb2dpY2ExMi5qcGciLCJzbGlkZXNob3ciOiJhbGwtYmQ4ZDY1MyJ9\"><br \/>\n<\/a><br \/>\n<a href=\"https:\/\/www.alcantara-alicante.cl\/alicante-valle\/wp-content\/uploads\/sites\/10\/2023\/05\/salida_pedagogica13.jpg\" data-elementor-open-lightbox=\"yes\" data-elementor-lightbox-slideshow=\"all-bd8d653\" data-elementor-lightbox-title=\"salida_pedagogica13\" data-e-action-hash=\"#elementor-action%3Aaction%3Dlightbox%26settings%3DeyJpZCI6MjE5MTksInVybCI6Imh0dHBzOlwvXC93d3cuYWxjYW50YXJhLWFsaWNhbnRlLmNsXC9hbGljYW50ZS12YWxsZVwvd3AtY29udGVudFwvdXBsb2Fkc1wvc2l0ZXNcLzEwXC8yMDIzXC8wNVwvc2FsaWRhX3BlZGFnb2dpY2ExMy5qcGciLCJzbGlkZXNob3ciOiJhbGwtYmQ4ZDY1MyJ9\"><br \/>\n<\/a><br \/>\n<a href=\"https:\/\/www.alcantara-alicante.cl\/alicante-valle\/wp-content\/uploads\/sites\/10\/2023\/05\/salida_pedagogica14.jpg\" data-elementor-open-lightbox=\"yes\" data-elementor-lightbox-slideshow=\"all-bd8d653\" data-elementor-lightbox-title=\"salida_pedagogica14\" data-e-action-hash=\"#elementor-action%3Aaction%3Dlightbox%26settings%3DeyJpZCI6MjE5MjAsInVybCI6Imh0dHBzOlwvXC93d3cuYWxjYW50YXJhLWFsaWNhbnRlLmNsXC9hbGljYW50ZS12YWxsZVwvd3AtY29udGVudFwvdXBsb2Fkc1wvc2l0ZXNcLzEwXC8yMDIzXC8wNVwvc2FsaWRhX3BlZGFnb2dpY2ExNC5qcGciLCJzbGlkZXNob3ciOiJhbGwtYmQ4ZDY1MyJ9\"><br \/>\n<\/a><br \/>\n<a href=\"https:\/\/www.alcantara-alicante.cl\/alicante-valle\/wp-content\/uploads\/sites\/10\/2023\/05\/salida_pedagogica15.jpg\" data-elementor-open-lightbox=\"yes\" data-elementor-lightbox-slideshow=\"all-bd8d653\" data-elementor-lightbox-title=\"salida_pedagogica15\" data-e-action-hash=\"#elementor-action%3Aaction%3Dlightbox%26settings%3DeyJpZCI6MjE5MjEsInVybCI6Imh0dHBzOlwvXC93d3cuYWxjYW50YXJhLWFsaWNhbnRlLmNsXC9hbGljYW50ZS12YWxsZVwvd3AtY29udGVudFwvdXBsb2Fkc1wvc2l0ZXNcLzEwXC8yMDIzXC8wNVwvc2FsaWRhX3BlZGFnb2dpY2ExNS5qcGciLCJzbGlkZXNob3ciOiJhbGwtYmQ4ZDY1MyJ9\"><br \/>\n<\/a><br \/>\n<a href=\"https:\/\/www.alcantara-alicante.cl\/alicante-valle\/wp-content\/uploads\/sites\/10\/2023\/05\/salida_pedagogica16.jpg\" data-elementor-open-lightbox=\"yes\" data-elementor-lightbox-slideshow=\"all-bd8d653\" data-elementor-lightbox-title=\"salida_pedagogica16\" data-e-action-hash=\"#elementor-action%3Aaction%3Dlightbox%26settings%3DeyJpZCI6MjE5MjIsInVybCI6Imh0dHBzOlwvXC93d3cuYWxjYW50YXJhLWFsaWNhbnRlLmNsXC9hbGljYW50ZS12YWxsZVwvd3AtY29udGVudFwvdXBsb2Fkc1wvc2l0ZXNcLzEwXC8yMDIzXC8wNVwvc2FsaWRhX3BlZGFnb2dpY2ExNi5qcGciLCJzbGlkZXNob3ciOiJhbGwtYmQ4ZDY1MyJ9\"><br \/>\n<\/a><br \/>\n<a href=\"https:\/\/www.alcantara-alicante.cl\/alicante-valle\/wp-content\/uploads\/sites\/10\/2023\/05\/salida_pedagogica17.jpg\" data-elementor-open-lightbox=\"yes\" data-elementor-lightbox-slideshow=\"all-bd8d653\" data-elementor-lightbox-title=\"salida_pedagogica17\" data-e-action-hash=\"#elementor-action%3Aaction%3Dlightbox%26settings%3DeyJpZCI6MjE5MjMsInVybCI6Imh0dHBzOlwvXC93d3cuYWxjYW50YXJhLWFsaWNhbnRlLmNsXC9hbGljYW50ZS12YWxsZVwvd3AtY29udGVudFwvdXBsb2Fkc1wvc2l0ZXNcLzEwXC8yMDIzXC8wNVwvc2FsaWRhX3BlZGFnb2dpY2ExNy5qcGciLCJzbGlkZXNob3ciOiJhbGwtYmQ4ZDY1MyJ9\"><br \/>\n<\/a><br \/>\n<a href=\"https:\/\/www.alcantara-alicante.cl\/alicante-valle\/wp-content\/uploads\/sites\/10\/2023\/05\/salida_pedagogica18.jpg\" data-elementor-open-lightbox=\"yes\" data-elementor-lightbox-slideshow=\"all-bd8d653\" data-elementor-lightbox-title=\"salida_pedagogica18\" data-e-action-hash=\"#elementor-action%3Aaction%3Dlightbox%26settings%3DeyJpZCI6MjE5MjQsInVybCI6Imh0dHBzOlwvXC93d3cuYWxjYW50YXJhLWFsaWNhbnRlLmNsXC9hbGljYW50ZS12YWxsZVwvd3AtY29udGVudFwvdXBsb2Fkc1wvc2l0ZXNcLzEwXC8yMDIzXC8wNVwvc2FsaWRhX3BlZGFnb2dpY2ExOC5qcGciLCJzbGlkZXNob3ciOiJhbGwtYmQ4ZDY1MyJ9\"><br \/>\n<\/a><br \/>\n<a href=\"https:\/\/www.alcantara-alicante.cl\/alicante-valle\/wp-content\/uploads\/sites\/10\/2023\/05\/salida_pedagogica19.jpg\" data-elementor-open-lightbox=\"yes\" data-elementor-lightbox-slideshow=\"all-bd8d653\" data-elementor-lightbox-title=\"salida_pedagogica19\" data-e-action-hash=\"#elementor-action%3Aaction%3Dlightbox%26settings%3DeyJpZCI6MjE5MjUsInVybCI6Imh0dHBzOlwvXC93d3cuYWxjYW50YXJhLWFsaWNhbnRlLmNsXC9hbGljYW50ZS12YWxsZVwvd3AtY29udGVudFwvdXBsb2Fkc1wvc2l0ZXNcLzEwXC8yMDIzXC8wNVwvc2FsaWRhX3BlZGFnb2dpY2ExOS5qcGciLCJzbGlkZXNob3ciOiJhbGwtYmQ4ZDY1MyJ9\"><br \/>\n<\/a><br \/>\n<a href=\"https:\/\/www.alcantara-alicante.cl\/alicante-valle\/wp-content\/uploads\/sites\/10\/2023\/05\/salida_pedagogica20.jpg\" data-elementor-open-lightbox=\"yes\" data-elementor-lightbox-slideshow=\"all-bd8d653\" data-elementor-lightbox-title=\"salida_pedagogica20\" data-e-action-hash=\"#elementor-action%3Aaction%3Dlightbox%26settings%3DeyJpZCI6MjE5MjYsInVybCI6Imh0dHBzOlwvXC93d3cuYWxjYW50YXJhLWFsaWNhbnRlLmNsXC9hbGljYW50ZS12YWxsZVwvd3AtY29udGVudFwvdXBsb2Fkc1wvc2l0ZXNcLzEwXC8yMDIzXC8wNVwvc2FsaWRhX3BlZGFnb2dpY2EyMC5qcGciLCJzbGlkZXNob3ciOiJhbGwtYmQ4ZDY1MyJ9\"><br \/>\n<\/a><br \/>\n<a href=\"https:\/\/www.alcantara-alicante.cl\/alicante-valle\/wp-content\/uploads\/sites\/10\/2023\/05\/salida_pedagogica21.jpg\" data-elementor-open-lightbox=\"yes\" data-elementor-lightbox-slideshow=\"all-bd8d653\" data-elementor-lightbox-title=\"salida_pedagogica21\" data-e-action-hash=\"#elementor-action%3Aaction%3Dlightbox%26settings%3DeyJpZCI6MjE5MjcsInVybCI6Imh0dHBzOlwvXC93d3cuYWxjYW50YXJhLWFsaWNhbnRlLmNsXC9hbGljYW50ZS12YWxsZVwvd3AtY29udGVudFwvdXBsb2Fkc1wvc2l0ZXNcLzEwXC8yMDIzXC8wNVwvc2FsaWRhX3BlZGFnb2dpY2EyMS5qcGciLCJzbGlkZXNob3ciOiJhbGwtYmQ4ZDY1MyJ9\"><br \/>\n<\/a><br \/>\n<a href=\"https:\/\/www.alcantara-alicante.cl\/alicante-valle\/wp-content\/uploads\/sites\/10\/2023\/05\/salida_pedagogica22.jpg\" data-elementor-open-lightbox=\"yes\" data-elementor-lightbox-slideshow=\"all-bd8d653\" data-elementor-lightbox-title=\"salida_pedagogica22\" data-e-action-hash=\"#elementor-action%3Aaction%3Dlightbox%26settings%3DeyJpZCI6MjE5MjgsInVybCI6Imh0dHBzOlwvXC93d3cuYWxjYW50YXJhLWFsaWNhbnRlLmNsXC9hbGljYW50ZS12YWxsZVwvd3AtY29udGVudFwvdXBsb2Fkc1wvc2l0ZXNcLzEwXC8yMDIzXC8wNVwvc2FsaWRhX3BlZGFnb2dpY2EyMi5qcGciLCJzbGlkZXNob3ciOiJhbGwtYmQ4ZDY1MyJ9\"><br \/>\n<\/a><br \/>\n<a href=\"https:\/\/www.alcantara-alicante.cl\/alicante-valle\/wp-content\/uploads\/sites\/10\/2023\/05\/salida_pedagogica23.jpg\" data-elementor-open-lightbox=\"yes\" data-elementor-lightbox-slideshow=\"all-bd8d653\" data-elementor-lightbox-title=\"salida_pedagogica23\" data-e-action-hash=\"#elementor-action%3Aaction%3Dlightbox%26settings%3DeyJpZCI6MjE5MjksInVybCI6Imh0dHBzOlwvXC93d3cuYWxjYW50YXJhLWFsaWNhbnRlLmNsXC9hbGljYW50ZS12YWxsZVwvd3AtY29udGVudFwvdXBsb2Fkc1wvc2l0ZXNcLzEwXC8yMDIzXC8wNVwvc2FsaWRhX3BlZGFnb2dpY2EyMy5qcGciLCJzbGlkZXNob3ciOiJhbGwtYmQ4ZDY1MyJ9\"><br \/>\n<\/a><br \/>\n<a href=\"https:\/\/www.alcantara-alicante.cl\/alicante-valle\/wp-content\/uploads\/sites\/10\/2023\/05\/salida_pedagogica24.jpg\" data-elementor-open-lightbox=\"yes\" data-elementor-lightbox-slideshow=\"all-bd8d653\" data-elementor-lightbox-title=\"salida_pedagogica24\" data-e-action-hash=\"#elementor-action%3Aaction%3Dlightbox%26settings%3DeyJpZCI6MjE5MzAsInVybCI6Imh0dHBzOlwvXC93d3cuYWxjYW50YXJhLWFsaWNhbnRlLmNsXC9hbGljYW50ZS12YWxsZVwvd3AtY29udGVudFwvdXBsb2Fkc1wvc2l0ZXNcLzEwXC8yMDIzXC8wNVwvc2FsaWRhX3BlZGFnb2dpY2EyNC5qcGciLCJzbGlkZXNob3ciOiJhbGwtYmQ4ZDY1MyJ9\"><br \/>\n<\/a><br \/>\n<iframe title=\"Salidas pedag\u00f3gicas museo andino I medio 2023, Alicante del Valle.\" width=\"1200\" height=\"675\" src=\"https:\/\/www.youtube.com\/embed\/MUismDe3DU4?feature=oembed\" frameborder=\"0\" allow=\"accelerometer; autoplay; clipboard-write; encrypted-media; gyroscope; picture-in-picture; web-share\" referrerpolicy=\"strict-origin-when-cross-origin\" allowfullscreen><\/iframe><\/p>\n","protected":false},"excerpt":{"rendered":"<p>Durante esta semana los estudiantes de primero medio tuvieron la oportunidad de aprender a trav\u00e9s de una\u00a0salida pedag\u00f3gica al Museo Andino, instancia que result\u00f3 ser una actividad muy enriquecedora y educativa para los estudiantes.\u00a0 Nuestros estudiantes, acompa\u00f1ados de sus profesores de historia y apoderados representantes, pudieron conocer el\u00a0museo inaugurado en 2006, el cual ofrece una &#8230; <a title=\"Salida Pedag\u00f3gica a Museo Andino de 1\u00ba medios\" class=\"read-more\" href=\"https:\/\/www.alcantara-alicante.cl\/alicante-valle\/2023\/05\/11\/salida-pedagogica-a-museo-andino-de-1o-medios\/\" aria-label=\"Leer m\u00e1s sobre Salida Pedag\u00f3gica a Museo Andino de 1\u00ba medios\">Leer m\u00e1s<\/a><\/p>\n","protected":false},"author":1,"featured_media":790,"comment_status":"open","ping_status":"open","sticky":false,"template":"","format":"standard","meta":{"footnotes":""},"categories":[10,14,11],"tags":[],"class_list":["post-789","post","type-post","status-publish","format-standard","has-post-thumbnail","hentry","category-academicas","category-culturales","category-destacadas"],"aioseo_notices":[],"_links":{"self":[{"href":"https:\/\/www.alcantara-alicante.cl\/alicante-valle\/wp-json\/wp\/v2\/posts\/789","targetHints":{"allow":["GET"]}}],"collection":[{"href":"https:\/\/www.alcantara-alicante.cl\/alicante-valle\/wp-json\/wp\/v2\/posts"}],"about":[{"href":"https:\/\/www.alcantara-alicante.cl\/alicante-valle\/wp-json\/wp\/v2\/types\/post"}],"author":[{"embeddable":true,"href":"https:\/\/www.alcantara-alicante.cl\/alicante-valle\/wp-json\/wp\/v2\/users\/1"}],"replies":[{"embeddable":true,"href":"https:\/\/www.alcantara-alicante.cl\/alicante-valle\/wp-json\/wp\/v2\/comments?post=789"}],"version-history":[{"count":0,"href":"https:\/\/www.alcantara-alicante.cl\/alicante-valle\/wp-json\/wp\/v2\/posts\/789\/revisions"}],"wp:featuredmedia":[{"embeddable":true,"href":"https:\/\/www.alcantara-alicante.cl\/alicante-valle\/wp-json\/wp\/v2\/media\/790"}],"wp:attachment":[{"href":"https:\/\/www.alcantara-alicante.cl\/alicante-valle\/wp-json\/wp\/v2\/media?parent=789"}],"wp:term":[{"taxonomy":"category","embeddable":true,"href":"https:\/\/www.alcantara-alicante.cl\/alicante-valle\/wp-json\/wp\/v2\/categories?post=789"},{"taxonomy":"post_tag","embeddable":true,"href":"https:\/\/www.alcantara-alicante.cl\/alicante-valle\/wp-json\/wp\/v2\/tags?post=789"}],"curies":[{"name":"wp","href":"https:\/\/api.w.org\/{rel}","templated":true}]}}