{"id":2590,"date":"2025-12-01T10:02:15","date_gmt":"2025-12-01T13:02:15","guid":{"rendered":"https:\/\/www.alcantara-alicante.cl\/alicante-valle\/?p=2590"},"modified":"2025-12-01T10:03:57","modified_gmt":"2025-12-01T13:03:57","slug":"periodo-matriculas-sae-2026","status":"publish","type":"post","link":"https:\/\/www.alcantara-alicante.cl\/alicante-valle\/2025\/12\/01\/periodo-matriculas-sae-2026\/","title":{"rendered":"Periodo matr\u00edculas SAE 2026"},"content":{"rendered":"\t\t<div data-elementor-type=\"wp-post\" data-elementor-id=\"2590\" class=\"elementor elementor-2590\" data-elementor-post-type=\"post\">\n\t\t\t\t<div class=\"elementor-element elementor-element-f02a8f0 e-flex e-con-boxed e-con e-parent\" data-id=\"f02a8f0\" data-element_type=\"container\" data-e-type=\"container\">\n\t\t\t\t\t<div class=\"e-con-inner\">\n\t\t\t\t<div class=\"elementor-element elementor-element-7c55b58 elementor-widget elementor-widget-text-editor\" data-id=\"7c55b58\" data-element_type=\"widget\" data-e-type=\"widget\" data-widget_type=\"text-editor.default\">\n\t\t\t\t<div class=\"elementor-widget-container\">\n\t\t\t\t\t\t\t\t\t<p>Informamos a los apoderados de estudiantes aceptados por el Sistema de Admisi\u00f3n Escolar (SAE) que el proceso de matr\u00edculas se realizar\u00e1 entre el <strong data-start=\"229\" data-end=\"255\">5 y el 23 de diciembre<\/strong>. En este periodo deber\u00e1n completar su inscripci\u00f3n siguiendo el instructivo de matr\u00edcula disponible, donde se detallan los pasos, requisitos y documentaci\u00f3n necesaria.<\/p><p>I<img decoding=\"async\" class=\"alignnone size-full wp-image-1354\" src=\"https:\/\/www.alcantara-alicante.cl\/alicante-valle\/wp-content\/uploads\/sites\/8\/site\/\/1\/iconopdf_small-1-32.jpg\" alt=\"\" width=\"33\" height=\"35\" \/> <a href=\"https:\/\/drive.google.com\/file\/d\/1Tu6PqZZEd9mwLFJ9MxhKJYPA2BjZrfj5\/view?usp=sharing\">Instructivo<\/a><\/p>\t\t\t\t\t\t\t\t<\/div>\n\t\t\t\t<\/div>\n\t\t\t\t\t<\/div>\n\t\t\t\t<\/div>\n\t\t<div class=\"elementor-element elementor-element-4f67485 e-flex e-con-boxed e-con e-parent\" data-id=\"4f67485\" data-element_type=\"container\" data-e-type=\"container\">\n\t\t\t\t\t<div class=\"e-con-inner\">\n\t\t\t\t<div class=\"elementor-element elementor-element-c5e5de7 elementor-widget elementor-widget-text-editor\" data-id=\"c5e5de7\" data-element_type=\"widget\" data-e-type=\"widget\" data-widget_type=\"text-editor.default\">\n\t\t\t\t<div class=\"elementor-widget-container\">\n\t\t\t\t\t\t\t\t\t<table><tbody><tr><td width=\"294\"><p>Fecha matr\u00edculas<\/p><\/td><td width=\"294\"><p>Del 9 al 23 de diciembre<\/p><\/td><\/tr><tr><td width=\"294\"><p>Horario atenci\u00f3n<\/p><\/td><td width=\"294\"><p>9:00 a 12:30 y de 14:00 a 16:30 horas<\/p><p>viernes 9:00 a 13:00 horas<\/p><\/td><\/tr><\/tbody><\/table>\t\t\t\t\t\t\t\t<\/div>\n\t\t\t\t<\/div>\n\t\t\t\t\t<\/div>\n\t\t\t\t<\/div>\n\t\t\t\t<\/div>\n\t\t","protected":false},"excerpt":{"rendered":"<p>Informamos a los apoderados de estudiantes aceptados por el Sistema de Admisi\u00f3n Escolar (SAE) que el proceso de matr\u00edculas se realizar\u00e1 entre el 5 y el 23 de diciembre. En este periodo deber\u00e1n completar su inscripci\u00f3n siguiendo el instructivo de matr\u00edcula disponible, donde se detallan los pasos, requisitos y documentaci\u00f3n necesaria. I Instructivo Fecha matr\u00edculas &#8230; <a title=\"Periodo matr\u00edculas SAE 2026\" class=\"read-more\" href=\"https:\/\/www.alcantara-alicante.cl\/alicante-valle\/2025\/12\/01\/periodo-matriculas-sae-2026\/\" aria-label=\"Leer m\u00e1s sobre Periodo matr\u00edculas SAE 2026\">Leer m\u00e1s<\/a><\/p>\n","protected":false},"author":4,"featured_media":1016,"comment_status":"open","ping_status":"open","sticky":false,"template":"","format":"standard","meta":{"footnotes":""},"categories":[11],"tags":[],"class_list":["post-2590","post","type-post","status-publish","format-standard","has-post-thumbnail","hentry","category-destacadas"],"aioseo_notices":[],"_links":{"self":[{"href":"https:\/\/www.alcantara-alicante.cl\/alicante-valle\/wp-json\/wp\/v2\/posts\/2590","targetHints":{"allow":["GET"]}}],"collection":[{"href":"https:\/\/www.alcantara-alicante.cl\/alicante-valle\/wp-json\/wp\/v2\/posts"}],"about":[{"href":"https:\/\/www.alcantara-alicante.cl\/alicante-valle\/wp-json\/wp\/v2\/types\/post"}],"author":[{"embeddable":true,"href":"https:\/\/www.alcantara-alicante.cl\/alicante-valle\/wp-json\/wp\/v2\/users\/4"}],"replies":[{"embeddable":true,"href":"https:\/\/www.alcantara-alicante.cl\/alicante-valle\/wp-json\/wp\/v2\/comments?post=2590"}],"version-history":[{"count":4,"href":"https:\/\/www.alcantara-alicante.cl\/alicante-valle\/wp-json\/wp\/v2\/posts\/2590\/revisions"}],"predecessor-version":[{"id":2594,"href":"https:\/\/www.alcantara-alicante.cl\/alicante-valle\/wp-json\/wp\/v2\/posts\/2590\/revisions\/2594"}],"wp:featuredmedia":[{"embeddable":true,"href":"https:\/\/www.alcantara-alicante.cl\/alicante-valle\/wp-json\/wp\/v2\/media\/1016"}],"wp:attachment":[{"href":"https:\/\/www.alcantara-alicante.cl\/alicante-valle\/wp-json\/wp\/v2\/media?parent=2590"}],"wp:term":[{"taxonomy":"category","embeddable":true,"href":"https:\/\/www.alcantara-alicante.cl\/alicante-valle\/wp-json\/wp\/v2\/categories?post=2590"},{"taxonomy":"post_tag","embeddable":true,"href":"https:\/\/www.alcantara-alicante.cl\/alicante-valle\/wp-json\/wp\/v2\/tags?post=2590"}],"curies":[{"name":"wp","href":"https:\/\/api.w.org\/{rel}","templated":true}]}}