{"id":2510,"date":"2025-10-20T18:36:14","date_gmt":"2025-10-20T21:36:14","guid":{"rendered":"https:\/\/www.alcantara-alicante.cl\/alicante-valle\/?p=2510"},"modified":"2025-10-20T18:38:14","modified_gmt":"2025-10-20T21:38:14","slug":"aprendiendo-el-numero-20","status":"publish","type":"post","link":"https:\/\/www.alcantara-alicante.cl\/alicante-valle\/2025\/10\/20\/aprendiendo-el-numero-20\/","title":{"rendered":"Aprendiendo el n\u00famero 20"},"content":{"rendered":"\t\t<div data-elementor-type=\"wp-post\" data-elementor-id=\"2510\" class=\"elementor elementor-2510\" data-elementor-post-type=\"post\">\n\t\t\t\t<div class=\"elementor-element elementor-element-3e4bbbe e-flex e-con-boxed e-con e-parent\" data-id=\"3e4bbbe\" data-element_type=\"container\" data-e-type=\"container\">\n\t\t\t\t\t<div class=\"e-con-inner\">\n\t\t\t\t<div class=\"elementor-element elementor-element-fad227c elementor-widget elementor-widget-text-editor\" data-id=\"fad227c\" data-element_type=\"widget\" data-e-type=\"widget\" data-widget_type=\"text-editor.default\">\n\t\t\t\t<div class=\"elementor-widget-container\">\n\t\t\t\t\t\t\t\t\t<h4 data-start=\"153\" data-end=\"219\"><strong data-start=\"157\" data-end=\"219\">Aprendiendo el n\u00famero 20 con creatividad y juego en K\u00ednder<\/strong><\/h4><p data-start=\"221\" data-end=\"691\">En esta divertida experiencia de aprendizaje, los ni\u00f1os y ni\u00f1as de <strong data-start=\"288\" data-end=\"298\">K\u00ednder<\/strong> trabajaron el <strong data-start=\"313\" data-end=\"326\">n\u00famero 20<\/strong>, explorando su representaci\u00f3n y cantidad a trav\u00e9s de una <strong data-start=\"384\" data-end=\"420\">actividad manual y significativa<\/strong>: la confecci\u00f3n de <strong data-start=\"439\" data-end=\"464\">cintillos decorativos<\/strong>.<br data-start=\"465\" data-end=\"468\" \/>Cada estudiante eligi\u00f3 libremente los materiales y elementos para decorar su cintillo, <strong data-start=\"555\" data-end=\"586\">asociando la cantidad de 20<\/strong> con diversos objetos como figuras, papeles de colores o pegatinas, dando rienda suelta a su creatividad.<\/p><p data-start=\"693\" data-end=\"1089\">Esta propuesta educativa permiti\u00f3 que los ni\u00f1os <strong data-start=\"741\" data-end=\"812\">comprendieran el valor del n\u00famero 20 de manera concreta y vivencial<\/strong>, reforzando el conteo y la relaci\u00f3n n\u00famero-cantidad mediante el arte y la manipulaci\u00f3n de materiales.<br data-start=\"914\" data-end=\"917\" \/>Al integrar lo art\u00edstico con lo matem\u00e1tico, se potencia la <strong data-start=\"976\" data-end=\"1037\">coordinaci\u00f3n motora fina, la concentraci\u00f3n y la autonom\u00eda<\/strong>, promoviendo un aprendizaje activo y significativo.<\/p><p data-start=\"1091\" data-end=\"1493\">La actividad se enmarca en el <strong data-start=\"1121\" data-end=\"1172\">\u00c1mbito de Interacci\u00f3n y Comprensi\u00f3n del Entorno<\/strong>, espec\u00edficamente en el <strong data-start=\"1196\" data-end=\"1232\">N\u00facleo de Pensamiento Matem\u00e1tico<\/strong>, fomentando la construcci\u00f3n de nociones num\u00e9ricas de forma l\u00fadica y cercana.<br data-start=\"1309\" data-end=\"1312\" \/>As\u00ed, las matem\u00e1ticas se convierten en una <strong data-start=\"1354\" data-end=\"1405\">experiencia creativa, participativa y divertida<\/strong>, donde aprender a contar tambi\u00e9n es una oportunidad para imaginar, crear y disfrutar.<\/p>\t\t\t\t\t\t\t\t<\/div>\n\t\t\t\t<\/div>\n\t\t\t\t\t<\/div>\n\t\t\t\t<\/div>\n\t\t<div class=\"elementor-element elementor-element-958d901 e-flex e-con-boxed e-con e-parent\" data-id=\"958d901\" data-element_type=\"container\" data-e-type=\"container\">\n\t\t\t\t\t<div class=\"e-con-inner\">\n\t\t\t\t<div class=\"elementor-element elementor-element-76e7d02 elementor-widget elementor-widget-gallery\" data-id=\"76e7d02\" data-element_type=\"widget\" data-e-type=\"widget\" data-settings=\"{&quot;lazyload&quot;:&quot;yes&quot;,&quot;gallery_layout&quot;:&quot;grid&quot;,&quot;columns&quot;:4,&quot;columns_tablet&quot;:2,&quot;columns_mobile&quot;:1,&quot;gap&quot;:{&quot;unit&quot;:&quot;px&quot;,&quot;size&quot;:10,&quot;sizes&quot;:[]},&quot;gap_tablet&quot;:{&quot;unit&quot;:&quot;px&quot;,&quot;size&quot;:10,&quot;sizes&quot;:[]},&quot;gap_mobile&quot;:{&quot;unit&quot;:&quot;px&quot;,&quot;size&quot;:10,&quot;sizes&quot;:[]},&quot;link_to&quot;:&quot;file&quot;,&quot;aspect_ratio&quot;:&quot;3:2&quot;,&quot;overlay_background&quot;:&quot;yes&quot;,&quot;content_hover_animation&quot;:&quot;fade-in&quot;}\" data-widget_type=\"gallery.default\">\n\t\t\t\t<div class=\"elementor-widget-container\">\n\t\t\t\t\t\t\t<div class=\"elementor-gallery__container\">\n\t\t\t\t\t\t\t<a class=\"e-gallery-item elementor-gallery-item elementor-animated-content\" href=\"https:\/\/www.alcantara-alicante.cl\/alicante-valle\/wp-content\/uploads\/sites\/8\/2025\/10\/Alicante-del-Valle_kinderC2-1.jpeg\" data-elementor-open-lightbox=\"yes\" data-elementor-lightbox-slideshow=\"76e7d02\" data-elementor-lightbox-title=\"Alicante del Valle_kinderC2\" data-e-action-hash=\"#elementor-action%3Aaction%3Dlightbox%26settings%3DeyJpZCI6MjUxNSwidXJsIjoiaHR0cHM6XC9cL3d3dy5hbGNhbnRhcmEtYWxpY2FudGUuY2xcL2FsaWNhbnRlLXZhbGxlXC93cC1jb250ZW50XC91cGxvYWRzXC9zaXRlc1wvOFwvMjAyNVwvMTBcL0FsaWNhbnRlLWRlbC1WYWxsZV9raW5kZXJDMi0xLmpwZWciLCJzbGlkZXNob3ciOiI3NmU3ZDAyIn0%3D\">\n\t\t\t\t\t<div class=\"e-gallery-image elementor-gallery-item__image\" data-thumbnail=\"https:\/\/www.alcantara-alicante.cl\/alicante-valle\/wp-content\/uploads\/sites\/8\/2025\/10\/Alicante-del-Valle_kinderC2-1-300x169.jpeg\" data-width=\"300\" data-height=\"169\" aria-label=\"\" role=\"img\" ><\/div>\n\t\t\t\t\t\t\t\t\t\t\t<div class=\"elementor-gallery-item__overlay\"><\/div>\n\t\t\t\t\t\t\t\t\t\t\t\t\t\t<\/a>\n\t\t\t\t\t\t\t<a class=\"e-gallery-item elementor-gallery-item elementor-animated-content\" href=\"https:\/\/www.alcantara-alicante.cl\/alicante-valle\/wp-content\/uploads\/sites\/8\/2025\/10\/Alicante-del-Valle_kinderC3-1.jpeg\" data-elementor-open-lightbox=\"yes\" data-elementor-lightbox-slideshow=\"76e7d02\" data-elementor-lightbox-title=\"Alicante del Valle_kinderC3\" data-e-action-hash=\"#elementor-action%3Aaction%3Dlightbox%26settings%3DeyJpZCI6MjUxNiwidXJsIjoiaHR0cHM6XC9cL3d3dy5hbGNhbnRhcmEtYWxpY2FudGUuY2xcL2FsaWNhbnRlLXZhbGxlXC93cC1jb250ZW50XC91cGxvYWRzXC9zaXRlc1wvOFwvMjAyNVwvMTBcL0FsaWNhbnRlLWRlbC1WYWxsZV9raW5kZXJDMy0xLmpwZWciLCJzbGlkZXNob3ciOiI3NmU3ZDAyIn0%3D\">\n\t\t\t\t\t<div class=\"e-gallery-image elementor-gallery-item__image\" data-thumbnail=\"https:\/\/www.alcantara-alicante.cl\/alicante-valle\/wp-content\/uploads\/sites\/8\/2025\/10\/Alicante-del-Valle_kinderC3-1-194x300.jpeg\" data-width=\"194\" data-height=\"300\" aria-label=\"\" role=\"img\" ><\/div>\n\t\t\t\t\t\t\t\t\t\t\t<div class=\"elementor-gallery-item__overlay\"><\/div>\n\t\t\t\t\t\t\t\t\t\t\t\t\t\t<\/a>\n\t\t\t\t\t\t\t<a class=\"e-gallery-item elementor-gallery-item elementor-animated-content\" href=\"https:\/\/www.alcantara-alicante.cl\/alicante-valle\/wp-content\/uploads\/sites\/8\/2025\/10\/Alicante-del-Valle_kinderC4-1.jpeg\" data-elementor-open-lightbox=\"yes\" data-elementor-lightbox-slideshow=\"76e7d02\" data-elementor-lightbox-title=\"Alicante del Valle_kinderC4\" data-e-action-hash=\"#elementor-action%3Aaction%3Dlightbox%26settings%3DeyJpZCI6MjUxNywidXJsIjoiaHR0cHM6XC9cL3d3dy5hbGNhbnRhcmEtYWxpY2FudGUuY2xcL2FsaWNhbnRlLXZhbGxlXC93cC1jb250ZW50XC91cGxvYWRzXC9zaXRlc1wvOFwvMjAyNVwvMTBcL0FsaWNhbnRlLWRlbC1WYWxsZV9raW5kZXJDNC0xLmpwZWciLCJzbGlkZXNob3ciOiI3NmU3ZDAyIn0%3D\">\n\t\t\t\t\t<div class=\"e-gallery-image elementor-gallery-item__image\" data-thumbnail=\"https:\/\/www.alcantara-alicante.cl\/alicante-valle\/wp-content\/uploads\/sites\/8\/2025\/10\/Alicante-del-Valle_kinderC4-1-200x300.jpeg\" data-width=\"200\" data-height=\"300\" aria-label=\"\" role=\"img\" ><\/div>\n\t\t\t\t\t\t\t\t\t\t\t<div class=\"elementor-gallery-item__overlay\"><\/div>\n\t\t\t\t\t\t\t\t\t\t\t\t\t\t<\/a>\n\t\t\t\t\t\t\t<a class=\"e-gallery-item elementor-gallery-item elementor-animated-content\" href=\"https:\/\/www.alcantara-alicante.cl\/alicante-valle\/wp-content\/uploads\/sites\/8\/2025\/10\/Alicante-del-Valle_kinderC5-1.jpeg\" data-elementor-open-lightbox=\"yes\" data-elementor-lightbox-slideshow=\"76e7d02\" data-elementor-lightbox-title=\"Alicante del Valle_kinderC5\" data-e-action-hash=\"#elementor-action%3Aaction%3Dlightbox%26settings%3DeyJpZCI6MjUxOCwidXJsIjoiaHR0cHM6XC9cL3d3dy5hbGNhbnRhcmEtYWxpY2FudGUuY2xcL2FsaWNhbnRlLXZhbGxlXC93cC1jb250ZW50XC91cGxvYWRzXC9zaXRlc1wvOFwvMjAyNVwvMTBcL0FsaWNhbnRlLWRlbC1WYWxsZV9raW5kZXJDNS0xLmpwZWciLCJzbGlkZXNob3ciOiI3NmU3ZDAyIn0%3D\">\n\t\t\t\t\t<div class=\"e-gallery-image elementor-gallery-item__image\" data-thumbnail=\"https:\/\/www.alcantara-alicante.cl\/alicante-valle\/wp-content\/uploads\/sites\/8\/2025\/10\/Alicante-del-Valle_kinderC5-1-207x300.jpeg\" data-width=\"207\" data-height=\"300\" aria-label=\"\" role=\"img\" ><\/div>\n\t\t\t\t\t\t\t\t\t\t\t<div class=\"elementor-gallery-item__overlay\"><\/div>\n\t\t\t\t\t\t\t\t\t\t\t\t\t\t<\/a>\n\t\t\t\t\t<\/div>\n\t\t\t\t\t<\/div>\n\t\t\t\t<\/div>\n\t\t\t\t\t<\/div>\n\t\t\t\t<\/div>\n\t\t\t\t<\/div>\n\t\t","protected":false},"excerpt":{"rendered":"<p>Aprendiendo el n\u00famero 20 con creatividad y juego en K\u00ednder En esta divertida experiencia de aprendizaje, los ni\u00f1os y ni\u00f1as de K\u00ednder trabajaron el n\u00famero 20, explorando su representaci\u00f3n y cantidad a trav\u00e9s de una actividad manual y significativa: la confecci\u00f3n de cintillos decorativos.Cada estudiante eligi\u00f3 libremente los materiales y elementos para decorar su cintillo, &#8230; <a title=\"Aprendiendo el n\u00famero 20\" class=\"read-more\" href=\"https:\/\/www.alcantara-alicante.cl\/alicante-valle\/2025\/10\/20\/aprendiendo-el-numero-20\/\" aria-label=\"Leer m\u00e1s sobre Aprendiendo el n\u00famero 20\">Leer m\u00e1s<\/a><\/p>\n","protected":false},"author":4,"featured_media":2501,"comment_status":"open","ping_status":"open","sticky":false,"template":"","format":"standard","meta":{"footnotes":""},"categories":[11,17],"tags":[],"class_list":["post-2510","post","type-post","status-publish","format-standard","has-post-thumbnail","hentry","category-destacadas","category-noticias-parvulario"],"aioseo_notices":[],"_links":{"self":[{"href":"https:\/\/www.alcantara-alicante.cl\/alicante-valle\/wp-json\/wp\/v2\/posts\/2510","targetHints":{"allow":["GET"]}}],"collection":[{"href":"https:\/\/www.alcantara-alicante.cl\/alicante-valle\/wp-json\/wp\/v2\/posts"}],"about":[{"href":"https:\/\/www.alcantara-alicante.cl\/alicante-valle\/wp-json\/wp\/v2\/types\/post"}],"author":[{"embeddable":true,"href":"https:\/\/www.alcantara-alicante.cl\/alicante-valle\/wp-json\/wp\/v2\/users\/4"}],"replies":[{"embeddable":true,"href":"https:\/\/www.alcantara-alicante.cl\/alicante-valle\/wp-json\/wp\/v2\/comments?post=2510"}],"version-history":[{"count":7,"href":"https:\/\/www.alcantara-alicante.cl\/alicante-valle\/wp-json\/wp\/v2\/posts\/2510\/revisions"}],"predecessor-version":[{"id":2521,"href":"https:\/\/www.alcantara-alicante.cl\/alicante-valle\/wp-json\/wp\/v2\/posts\/2510\/revisions\/2521"}],"wp:featuredmedia":[{"embeddable":true,"href":"https:\/\/www.alcantara-alicante.cl\/alicante-valle\/wp-json\/wp\/v2\/media\/2501"}],"wp:attachment":[{"href":"https:\/\/www.alcantara-alicante.cl\/alicante-valle\/wp-json\/wp\/v2\/media?parent=2510"}],"wp:term":[{"taxonomy":"category","embeddable":true,"href":"https:\/\/www.alcantara-alicante.cl\/alicante-valle\/wp-json\/wp\/v2\/categories?post=2510"},{"taxonomy":"post_tag","embeddable":true,"href":"https:\/\/www.alcantara-alicante.cl\/alicante-valle\/wp-json\/wp\/v2\/tags?post=2510"}],"curies":[{"name":"wp","href":"https:\/\/api.w.org\/{rel}","templated":true}]}}