{"id":2487,"date":"2025-10-20T18:01:27","date_gmt":"2025-10-20T21:01:27","guid":{"rendered":"https:\/\/www.alcantara-alicante.cl\/alicante-valle\/?p=2487"},"modified":"2025-10-20T18:03:43","modified_gmt":"2025-10-20T21:03:43","slug":"arte-que-fortalece-la-identidad-y-la-creatividad","status":"publish","type":"post","link":"https:\/\/www.alcantara-alicante.cl\/alicante-valle\/2025\/10\/20\/arte-que-fortalece-la-identidad-y-la-creatividad\/","title":{"rendered":"Arte que fortalece la identidad y la creatividad"},"content":{"rendered":"\t\t<div data-elementor-type=\"wp-post\" data-elementor-id=\"2487\" class=\"elementor elementor-2487\" data-elementor-post-type=\"post\">\n\t\t\t\t<div class=\"elementor-element elementor-element-23a05ce e-flex e-con-boxed e-con e-parent\" data-id=\"23a05ce\" data-element_type=\"container\" data-e-type=\"container\">\n\t\t\t\t\t<div class=\"e-con-inner\">\n\t\t\t\t<div class=\"elementor-element elementor-element-dd2cddc elementor-widget elementor-widget-text-editor\" data-id=\"dd2cddc\" data-element_type=\"widget\" data-e-type=\"widget\" data-widget_type=\"text-editor.default\">\n\t\t\t\t<div class=\"elementor-widget-container\">\n\t\t\t\t\t\t\t\t\t<h4 data-start=\"141\" data-end=\"238\"><strong data-start=\"145\" data-end=\"238\">Puntillismo y dibujo familiar en Kinder: arte que fortalece la identidad y la creatividad<\/strong><\/h4><p data-start=\"240\" data-end=\"657\">Ni\u00f1os y ni\u00f1as de Kinder A, a cargo de la Educadora Yazna Pereira\u00a0 participaron en una hermosa <strong data-start=\"292\" data-end=\"315\">actividad art\u00edstica<\/strong>, donde a trav\u00e9s de la <strong data-start=\"338\" data-end=\"365\">t\u00e9cnica del puntillismo<\/strong> y el <strong data-start=\"371\" data-end=\"397\">dibujo de sus familias<\/strong>, decoraron con entusiasmo \u201cnuestra casita\u201d.<br data-start=\"441\" data-end=\"444\" \/>Esta experiencia, adem\u00e1s de fomentar la <strong data-start=\"484\" data-end=\"520\">creatividad y la motricidad fina<\/strong>, permiti\u00f3 que cada estudiante expresara sus emociones y reconociera el valor de su entorno familiar como parte esencial de su identidad.<\/p><p data-start=\"659\" data-end=\"1118\">El puntillismo, al requerir precisi\u00f3n y concentraci\u00f3n, estimula la coordinaci\u00f3n ojo-mano y la paciencia, mientras que el dibujo de la familia fortalece la <strong data-start=\"814\" data-end=\"880\">autoestima, el sentido de pertenencia y la expresi\u00f3n emocional<\/strong>.<br data-start=\"881\" data-end=\"884\" \/>A nivel educativo, esta actividad promueve la observaci\u00f3n, la sensibilidad est\u00e9tica y la comunicaci\u00f3n visual, integrando los \u00e1mbitos de <strong data-start=\"1020\" data-end=\"1045\">Comunicaci\u00f3n Integral<\/strong> y <strong data-start=\"1048\" data-end=\"1079\">Formaci\u00f3n Personal y Social<\/strong>, fundamentales en la etapa preescolar.<\/p><p data-start=\"1120\" data-end=\"1293\">De esta manera, el arte se transforma en un medio significativo para <strong data-start=\"1189\" data-end=\"1224\">aprender, compartir y disfrutar<\/strong>, construyendo lazos entre la escuela, la familia y el aprendizaje.<\/p>\t\t\t\t\t\t\t\t<\/div>\n\t\t\t\t<\/div>\n\t\t\t\t\t<\/div>\n\t\t\t\t<\/div>\n\t\t<div class=\"elementor-element elementor-element-ef5c902 e-flex e-con-boxed e-con e-parent\" data-id=\"ef5c902\" data-element_type=\"container\" data-e-type=\"container\">\n\t\t\t\t\t<div class=\"e-con-inner\">\n\t\t\t\t<div class=\"elementor-element elementor-element-e209a62 elementor-widget elementor-widget-gallery\" data-id=\"e209a62\" data-element_type=\"widget\" data-e-type=\"widget\" data-settings=\"{&quot;columns&quot;:3,&quot;lazyload&quot;:&quot;yes&quot;,&quot;gallery_layout&quot;:&quot;grid&quot;,&quot;columns_tablet&quot;:2,&quot;columns_mobile&quot;:1,&quot;gap&quot;:{&quot;unit&quot;:&quot;px&quot;,&quot;size&quot;:10,&quot;sizes&quot;:[]},&quot;gap_tablet&quot;:{&quot;unit&quot;:&quot;px&quot;,&quot;size&quot;:10,&quot;sizes&quot;:[]},&quot;gap_mobile&quot;:{&quot;unit&quot;:&quot;px&quot;,&quot;size&quot;:10,&quot;sizes&quot;:[]},&quot;link_to&quot;:&quot;file&quot;,&quot;aspect_ratio&quot;:&quot;3:2&quot;,&quot;overlay_background&quot;:&quot;yes&quot;,&quot;content_hover_animation&quot;:&quot;fade-in&quot;}\" data-widget_type=\"gallery.default\">\n\t\t\t\t<div class=\"elementor-widget-container\">\n\t\t\t\t\t\t\t<div class=\"elementor-gallery__container\">\n\t\t\t\t\t\t\t<a class=\"e-gallery-item elementor-gallery-item elementor-animated-content\" href=\"https:\/\/www.alcantara-alicante.cl\/alicante-valle\/wp-content\/uploads\/sites\/8\/2025\/10\/Alicante-del-valle-kinder1.jpeg\" data-elementor-open-lightbox=\"yes\" data-elementor-lightbox-slideshow=\"e209a62\" data-elementor-lightbox-title=\"Alicante del valle kinder1\" data-e-action-hash=\"#elementor-action%3Aaction%3Dlightbox%26settings%3DeyJpZCI6MjQ5MCwidXJsIjoiaHR0cHM6XC9cL3d3dy5hbGNhbnRhcmEtYWxpY2FudGUuY2xcL2FsaWNhbnRlLXZhbGxlXC93cC1jb250ZW50XC91cGxvYWRzXC9zaXRlc1wvOFwvMjAyNVwvMTBcL0FsaWNhbnRlLWRlbC12YWxsZS1raW5kZXIxLmpwZWciLCJzbGlkZXNob3ciOiJlMjA5YTYyIn0%3D\">\n\t\t\t\t\t<div class=\"e-gallery-image elementor-gallery-item__image\" data-thumbnail=\"https:\/\/www.alcantara-alicante.cl\/alicante-valle\/wp-content\/uploads\/sites\/8\/2025\/10\/Alicante-del-valle-kinder1-169x300.jpeg\" data-width=\"169\" data-height=\"300\" aria-label=\"\" role=\"img\" ><\/div>\n\t\t\t\t\t\t\t\t\t\t\t<div class=\"elementor-gallery-item__overlay\"><\/div>\n\t\t\t\t\t\t\t\t\t\t\t\t\t\t<\/a>\n\t\t\t\t\t\t\t<a class=\"e-gallery-item elementor-gallery-item elementor-animated-content\" href=\"https:\/\/www.alcantara-alicante.cl\/alicante-valle\/wp-content\/uploads\/sites\/8\/2025\/10\/Alicante-del-valle-kinder2.jpeg\" data-elementor-open-lightbox=\"yes\" data-elementor-lightbox-slideshow=\"e209a62\" data-elementor-lightbox-title=\"Alicante del valle kinder2\" data-e-action-hash=\"#elementor-action%3Aaction%3Dlightbox%26settings%3DeyJpZCI6MjQ5MSwidXJsIjoiaHR0cHM6XC9cL3d3dy5hbGNhbnRhcmEtYWxpY2FudGUuY2xcL2FsaWNhbnRlLXZhbGxlXC93cC1jb250ZW50XC91cGxvYWRzXC9zaXRlc1wvOFwvMjAyNVwvMTBcL0FsaWNhbnRlLWRlbC12YWxsZS1raW5kZXIyLmpwZWciLCJzbGlkZXNob3ciOiJlMjA5YTYyIn0%3D\">\n\t\t\t\t\t<div class=\"e-gallery-image elementor-gallery-item__image\" data-thumbnail=\"https:\/\/www.alcantara-alicante.cl\/alicante-valle\/wp-content\/uploads\/sites\/8\/2025\/10\/Alicante-del-valle-kinder2-169x300.jpeg\" data-width=\"169\" data-height=\"300\" aria-label=\"\" role=\"img\" ><\/div>\n\t\t\t\t\t\t\t\t\t\t\t<div class=\"elementor-gallery-item__overlay\"><\/div>\n\t\t\t\t\t\t\t\t\t\t\t\t\t\t<\/a>\n\t\t\t\t\t\t\t<a class=\"e-gallery-item elementor-gallery-item elementor-animated-content\" href=\"https:\/\/www.alcantara-alicante.cl\/alicante-valle\/wp-content\/uploads\/sites\/8\/2025\/10\/Alicante-del-valle-kinder3.jpeg\" data-elementor-open-lightbox=\"yes\" data-elementor-lightbox-slideshow=\"e209a62\" data-elementor-lightbox-title=\"Alicante del valle kinder3\" data-e-action-hash=\"#elementor-action%3Aaction%3Dlightbox%26settings%3DeyJpZCI6MjQ5MiwidXJsIjoiaHR0cHM6XC9cL3d3dy5hbGNhbnRhcmEtYWxpY2FudGUuY2xcL2FsaWNhbnRlLXZhbGxlXC93cC1jb250ZW50XC91cGxvYWRzXC9zaXRlc1wvOFwvMjAyNVwvMTBcL0FsaWNhbnRlLWRlbC12YWxsZS1raW5kZXIzLmpwZWciLCJzbGlkZXNob3ciOiJlMjA5YTYyIn0%3D\">\n\t\t\t\t\t<div class=\"e-gallery-image elementor-gallery-item__image\" data-thumbnail=\"https:\/\/www.alcantara-alicante.cl\/alicante-valle\/wp-content\/uploads\/sites\/8\/2025\/10\/Alicante-del-valle-kinder3-169x300.jpeg\" data-width=\"169\" data-height=\"300\" aria-label=\"\" role=\"img\" ><\/div>\n\t\t\t\t\t\t\t\t\t\t\t<div class=\"elementor-gallery-item__overlay\"><\/div>\n\t\t\t\t\t\t\t\t\t\t\t\t\t\t<\/a>\n\t\t\t\t\t\t\t<a class=\"e-gallery-item elementor-gallery-item elementor-animated-content\" href=\"https:\/\/www.alcantara-alicante.cl\/alicante-valle\/wp-content\/uploads\/sites\/8\/2025\/10\/Alicante-del-valle-kinder4.jpeg\" data-elementor-open-lightbox=\"yes\" data-elementor-lightbox-slideshow=\"e209a62\" data-elementor-lightbox-title=\"Alicante del valle kinder4\" data-e-action-hash=\"#elementor-action%3Aaction%3Dlightbox%26settings%3DeyJpZCI6MjQ5MywidXJsIjoiaHR0cHM6XC9cL3d3dy5hbGNhbnRhcmEtYWxpY2FudGUuY2xcL2FsaWNhbnRlLXZhbGxlXC93cC1jb250ZW50XC91cGxvYWRzXC9zaXRlc1wvOFwvMjAyNVwvMTBcL0FsaWNhbnRlLWRlbC12YWxsZS1raW5kZXI0LmpwZWciLCJzbGlkZXNob3ciOiJlMjA5YTYyIn0%3D\">\n\t\t\t\t\t<div class=\"e-gallery-image elementor-gallery-item__image\" data-thumbnail=\"https:\/\/www.alcantara-alicante.cl\/alicante-valle\/wp-content\/uploads\/sites\/8\/2025\/10\/Alicante-del-valle-kinder4-169x300.jpeg\" data-width=\"169\" data-height=\"300\" aria-label=\"\" role=\"img\" ><\/div>\n\t\t\t\t\t\t\t\t\t\t\t<div class=\"elementor-gallery-item__overlay\"><\/div>\n\t\t\t\t\t\t\t\t\t\t\t\t\t\t<\/a>\n\t\t\t\t\t\t\t<a class=\"e-gallery-item elementor-gallery-item elementor-animated-content\" href=\"https:\/\/www.alcantara-alicante.cl\/alicante-valle\/wp-content\/uploads\/sites\/8\/2025\/10\/Alicante-del-valle-kinder5.jpeg\" data-elementor-open-lightbox=\"yes\" data-elementor-lightbox-slideshow=\"e209a62\" data-elementor-lightbox-title=\"Alicante del valle kinder5\" data-e-action-hash=\"#elementor-action%3Aaction%3Dlightbox%26settings%3DeyJpZCI6MjQ5NCwidXJsIjoiaHR0cHM6XC9cL3d3dy5hbGNhbnRhcmEtYWxpY2FudGUuY2xcL2FsaWNhbnRlLXZhbGxlXC93cC1jb250ZW50XC91cGxvYWRzXC9zaXRlc1wvOFwvMjAyNVwvMTBcL0FsaWNhbnRlLWRlbC12YWxsZS1raW5kZXI1LmpwZWciLCJzbGlkZXNob3ciOiJlMjA5YTYyIn0%3D\">\n\t\t\t\t\t<div class=\"e-gallery-image elementor-gallery-item__image\" data-thumbnail=\"https:\/\/www.alcantara-alicante.cl\/alicante-valle\/wp-content\/uploads\/sites\/8\/2025\/10\/Alicante-del-valle-kinder5-169x300.jpeg\" data-width=\"169\" data-height=\"300\" aria-label=\"\" role=\"img\" ><\/div>\n\t\t\t\t\t\t\t\t\t\t\t<div class=\"elementor-gallery-item__overlay\"><\/div>\n\t\t\t\t\t\t\t\t\t\t\t\t\t\t<\/a>\n\t\t\t\t\t\t\t<a class=\"e-gallery-item elementor-gallery-item elementor-animated-content\" href=\"https:\/\/www.alcantara-alicante.cl\/alicante-valle\/wp-content\/uploads\/sites\/8\/2025\/10\/Alicante-del-valle-kinder6.jpeg\" data-elementor-open-lightbox=\"yes\" data-elementor-lightbox-slideshow=\"e209a62\" data-elementor-lightbox-title=\"Alicante del valle kinder6\" data-e-action-hash=\"#elementor-action%3Aaction%3Dlightbox%26settings%3DeyJpZCI6MjQ5NSwidXJsIjoiaHR0cHM6XC9cL3d3dy5hbGNhbnRhcmEtYWxpY2FudGUuY2xcL2FsaWNhbnRlLXZhbGxlXC93cC1jb250ZW50XC91cGxvYWRzXC9zaXRlc1wvOFwvMjAyNVwvMTBcL0FsaWNhbnRlLWRlbC12YWxsZS1raW5kZXI2LmpwZWciLCJzbGlkZXNob3ciOiJlMjA5YTYyIn0%3D\">\n\t\t\t\t\t<div class=\"e-gallery-image elementor-gallery-item__image\" data-thumbnail=\"https:\/\/www.alcantara-alicante.cl\/alicante-valle\/wp-content\/uploads\/sites\/8\/2025\/10\/Alicante-del-valle-kinder6-169x300.jpeg\" data-width=\"169\" data-height=\"300\" aria-label=\"\" role=\"img\" ><\/div>\n\t\t\t\t\t\t\t\t\t\t\t<div class=\"elementor-gallery-item__overlay\"><\/div>\n\t\t\t\t\t\t\t\t\t\t\t\t\t\t<\/a>\n\t\t\t\t\t<\/div>\n\t\t\t\t\t<\/div>\n\t\t\t\t<\/div>\n\t\t\t\t\t<\/div>\n\t\t\t\t<\/div>\n\t\t\t\t<\/div>\n\t\t","protected":false},"excerpt":{"rendered":"<p>Puntillismo y dibujo familiar en Kinder: arte que fortalece la identidad y la creatividad Ni\u00f1os y ni\u00f1as de Kinder A, a cargo de la Educadora Yazna Pereira\u00a0 participaron en una hermosa actividad art\u00edstica, donde a trav\u00e9s de la t\u00e9cnica del puntillismo y el dibujo de sus familias, decoraron con entusiasmo \u201cnuestra casita\u201d.Esta experiencia, adem\u00e1s de &#8230; <a title=\"Arte que fortalece la identidad y la creatividad\" class=\"read-more\" href=\"https:\/\/www.alcantara-alicante.cl\/alicante-valle\/2025\/10\/20\/arte-que-fortalece-la-identidad-y-la-creatividad\/\" aria-label=\"Leer m\u00e1s sobre Arte que fortalece la identidad y la creatividad\">Leer m\u00e1s<\/a><\/p>\n","protected":false},"author":4,"featured_media":2488,"comment_status":"open","ping_status":"open","sticky":false,"template":"","format":"standard","meta":{"footnotes":""},"categories":[11,17],"tags":[],"class_list":["post-2487","post","type-post","status-publish","format-standard","has-post-thumbnail","hentry","category-destacadas","category-noticias-parvulario"],"aioseo_notices":[],"_links":{"self":[{"href":"https:\/\/www.alcantara-alicante.cl\/alicante-valle\/wp-json\/wp\/v2\/posts\/2487","targetHints":{"allow":["GET"]}}],"collection":[{"href":"https:\/\/www.alcantara-alicante.cl\/alicante-valle\/wp-json\/wp\/v2\/posts"}],"about":[{"href":"https:\/\/www.alcantara-alicante.cl\/alicante-valle\/wp-json\/wp\/v2\/types\/post"}],"author":[{"embeddable":true,"href":"https:\/\/www.alcantara-alicante.cl\/alicante-valle\/wp-json\/wp\/v2\/users\/4"}],"replies":[{"embeddable":true,"href":"https:\/\/www.alcantara-alicante.cl\/alicante-valle\/wp-json\/wp\/v2\/comments?post=2487"}],"version-history":[{"count":4,"href":"https:\/\/www.alcantara-alicante.cl\/alicante-valle\/wp-json\/wp\/v2\/posts\/2487\/revisions"}],"predecessor-version":[{"id":2498,"href":"https:\/\/www.alcantara-alicante.cl\/alicante-valle\/wp-json\/wp\/v2\/posts\/2487\/revisions\/2498"}],"wp:featuredmedia":[{"embeddable":true,"href":"https:\/\/www.alcantara-alicante.cl\/alicante-valle\/wp-json\/wp\/v2\/media\/2488"}],"wp:attachment":[{"href":"https:\/\/www.alcantara-alicante.cl\/alicante-valle\/wp-json\/wp\/v2\/media?parent=2487"}],"wp:term":[{"taxonomy":"category","embeddable":true,"href":"https:\/\/www.alcantara-alicante.cl\/alicante-valle\/wp-json\/wp\/v2\/categories?post=2487"},{"taxonomy":"post_tag","embeddable":true,"href":"https:\/\/www.alcantara-alicante.cl\/alicante-valle\/wp-json\/wp\/v2\/tags?post=2487"}],"curies":[{"name":"wp","href":"https:\/\/api.w.org\/{rel}","templated":true}]}}