{"id":2400,"date":"2025-09-22T14:08:23","date_gmt":"2025-09-22T17:08:23","guid":{"rendered":"https:\/\/www.alcantara-alicante.cl\/alicante-valle\/?p=2400"},"modified":"2025-09-22T14:09:45","modified_gmt":"2025-09-22T17:09:45","slug":"fiesta-de-la-chilenidad-en-preescolar","status":"publish","type":"post","link":"https:\/\/www.alcantara-alicante.cl\/alicante-valle\/2025\/09\/22\/fiesta-de-la-chilenidad-en-preescolar\/","title":{"rendered":"Fiesta de la Chilenidad en Preescolar"},"content":{"rendered":"\t\t<div data-elementor-type=\"wp-post\" data-elementor-id=\"2400\" class=\"elementor elementor-2400\" data-elementor-post-type=\"post\">\n\t\t\t\t<div class=\"elementor-element elementor-element-daa16fa e-flex e-con-boxed e-con e-parent\" data-id=\"daa16fa\" data-element_type=\"container\" data-e-type=\"container\">\n\t\t\t\t\t<div class=\"e-con-inner\">\n\t\t\t\t<div class=\"elementor-element elementor-element-ef3ae03 elementor-widget elementor-widget-text-editor\" data-id=\"ef3ae03\" data-element_type=\"widget\" data-e-type=\"widget\" data-widget_type=\"text-editor.default\">\n\t\t\t\t<div class=\"elementor-widget-container\">\n\t\t\t\t\t\t\t\t\t<p data-start=\"214\" data-end=\"722\">El pasado <strong data-start=\"224\" data-end=\"243\">9 de septiembre<\/strong>, nuestro ciclo de <strong data-start=\"262\" data-end=\"276\">Preescolar<\/strong> vivi\u00f3 una jornada llena de alegr\u00eda, colorido y tradici\u00f3n con la celebraci\u00f3n de la <strong data-start=\"359\" data-end=\"391\">Fiesta de la Chilenidad 2026<\/strong>. Nuestros ni\u00f1os y ni\u00f1as se transformaron en los protagonistas de la jornada al presentar los bailes t\u00edpicos que, con tanto entusiasmo, prepararon junto a sus profesores. Cada coreograf\u00eda reflej\u00f3 no solo su talento y creatividad, sino tambi\u00e9n el esfuerzo, la constancia y la motivaci\u00f3n que pusieron en cada ensayo y presentaci\u00f3n.<\/p><p data-start=\"724\" data-end=\"1191\">Fue emocionante ver c\u00f3mo, con orgullo y compromiso, nuestros estudiantes mostraron lo aprendido, llenando de energ\u00eda y emoci\u00f3n a toda la comunidad educativa. Felicitamos a cada uno de ellos por su bella presentaci\u00f3n y agradecemos profundamente el apoyo de padres y apoderados, quienes acompa\u00f1aron, alentaron y colaboraron para que esta actividad resultara todo un \u00e9xito. Su compromiso es fundamental para que instancias como estas se vivan con tanta fuerza y uni\u00f3n.<\/p><p data-start=\"1193\" data-end=\"1493\">La jornada culmin\u00f3 con una <strong data-start=\"1220\" data-end=\"1247\">tradicional convivencia<\/strong>, en la que ni\u00f1os, profesores y apoderados compartieron momentos de esparcimiento, alegr\u00eda y cercan\u00eda. Entre cuecas, juegos t\u00edpicos y un ambiente festivo, celebramos juntos nuestras ra\u00edces y reforzamos los lazos de nuestra comunidad alicantina.<\/p><p data-start=\"1495\" data-end=\"1773\">Estas experiencias nos recuerdan la importancia de transmitir a las nuevas generaciones el amor por nuestras tradiciones, fomentando valores de identidad, respeto y pertenencia. Sin duda, fue una celebraci\u00f3n inolvidable que quedar\u00e1 en la memoria de todos quienes participaron.<\/p><p data-start=\"1775\" data-end=\"2016\">Agradecemos una vez m\u00e1s el compromiso de nuestros <strong data-start=\"1825\" data-end=\"1902\">padres, apoderados, profesores y, por supuesto, de nuestros ni\u00f1os y ni\u00f1as<\/strong>, quienes dan vida a nuestro colegio y hacen posible que vivamos juntos instancias tan significativas como esta.<\/p><p data-start=\"2018\" data-end=\"2072\">\u00a1Felices Fiestas Patrias junto a sus familias! \ud83c\udde8\ud83c\uddf1\u2728<\/p><hr data-start=\"2074\" data-end=\"2079\" \/><p data-start=\"2081\" data-end=\"2264\" data-is-last-node=\"\" data-is-only-node=\"\">\u00a0<\/p>\t\t\t\t\t\t\t\t<\/div>\n\t\t\t\t<\/div>\n\t\t\t\t\t<\/div>\n\t\t\t\t<\/div>\n\t\t<div class=\"elementor-element elementor-element-af4e6fa e-flex e-con-boxed e-con e-parent\" data-id=\"af4e6fa\" data-element_type=\"container\" data-e-type=\"container\">\n\t\t\t\t\t<div class=\"e-con-inner\">\n\t\t\t\t<div class=\"elementor-element elementor-element-82017d8 elementor-widget elementor-widget-gallery\" data-id=\"82017d8\" data-element_type=\"widget\" data-e-type=\"widget\" data-settings=\"{&quot;columns&quot;:5,&quot;lazyload&quot;:&quot;yes&quot;,&quot;gallery_layout&quot;:&quot;grid&quot;,&quot;columns_tablet&quot;:2,&quot;columns_mobile&quot;:1,&quot;gap&quot;:{&quot;unit&quot;:&quot;px&quot;,&quot;size&quot;:10,&quot;sizes&quot;:[]},&quot;gap_tablet&quot;:{&quot;unit&quot;:&quot;px&quot;,&quot;size&quot;:10,&quot;sizes&quot;:[]},&quot;gap_mobile&quot;:{&quot;unit&quot;:&quot;px&quot;,&quot;size&quot;:10,&quot;sizes&quot;:[]},&quot;link_to&quot;:&quot;file&quot;,&quot;aspect_ratio&quot;:&quot;3:2&quot;,&quot;overlay_background&quot;:&quot;yes&quot;,&quot;content_hover_animation&quot;:&quot;fade-in&quot;}\" data-widget_type=\"gallery.default\">\n\t\t\t\t<div class=\"elementor-widget-container\">\n\t\t\t\t\t\t\t<div class=\"elementor-gallery__container\">\n\t\t\t\t\t\t\t<a class=\"e-gallery-item elementor-gallery-item elementor-animated-content\" href=\"https:\/\/www.alcantara-alicante.cl\/alicante-valle\/wp-content\/uploads\/sites\/8\/2025\/09\/Colegio-Alicante-del-Valle_Fiestas-patrias1.jpeg\" data-elementor-open-lightbox=\"yes\" data-elementor-lightbox-slideshow=\"82017d8\" data-elementor-lightbox-title=\"Colegio Alicante del Valle_Fiestas patrias1\" data-e-action-hash=\"#elementor-action%3Aaction%3Dlightbox%26settings%3DeyJpZCI6MjQwMywidXJsIjoiaHR0cHM6XC9cL3d3dy5hbGNhbnRhcmEtYWxpY2FudGUuY2xcL2FsaWNhbnRlLXZhbGxlXC93cC1jb250ZW50XC91cGxvYWRzXC9zaXRlc1wvOFwvMjAyNVwvMDlcL0NvbGVnaW8tQWxpY2FudGUtZGVsLVZhbGxlX0ZpZXN0YXMtcGF0cmlhczEuanBlZyIsInNsaWRlc2hvdyI6IjgyMDE3ZDgifQ%3D%3D\">\n\t\t\t\t\t<div class=\"e-gallery-image elementor-gallery-item__image\" data-thumbnail=\"https:\/\/www.alcantara-alicante.cl\/alicante-valle\/wp-content\/uploads\/sites\/8\/2025\/09\/Colegio-Alicante-del-Valle_Fiestas-patrias1-300x225.jpeg\" data-width=\"300\" data-height=\"225\" aria-label=\"\" role=\"img\" ><\/div>\n\t\t\t\t\t\t\t\t\t\t\t<div class=\"elementor-gallery-item__overlay\"><\/div>\n\t\t\t\t\t\t\t\t\t\t\t\t\t\t<\/a>\n\t\t\t\t\t\t\t<a class=\"e-gallery-item elementor-gallery-item elementor-animated-content\" href=\"https:\/\/www.alcantara-alicante.cl\/alicante-valle\/wp-content\/uploads\/sites\/8\/2025\/09\/Colegio-Alicante-del-Valle_Fiestas-patrias2.jpeg\" data-elementor-open-lightbox=\"yes\" data-elementor-lightbox-slideshow=\"82017d8\" data-elementor-lightbox-title=\"Colegio Alicante del Valle_Fiestas patrias2\" data-e-action-hash=\"#elementor-action%3Aaction%3Dlightbox%26settings%3DeyJpZCI6MjQwNCwidXJsIjoiaHR0cHM6XC9cL3d3dy5hbGNhbnRhcmEtYWxpY2FudGUuY2xcL2FsaWNhbnRlLXZhbGxlXC93cC1jb250ZW50XC91cGxvYWRzXC9zaXRlc1wvOFwvMjAyNVwvMDlcL0NvbGVnaW8tQWxpY2FudGUtZGVsLVZhbGxlX0ZpZXN0YXMtcGF0cmlhczIuanBlZyIsInNsaWRlc2hvdyI6IjgyMDE3ZDgifQ%3D%3D\">\n\t\t\t\t\t<div class=\"e-gallery-image elementor-gallery-item__image\" data-thumbnail=\"https:\/\/www.alcantara-alicante.cl\/alicante-valle\/wp-content\/uploads\/sites\/8\/2025\/09\/Colegio-Alicante-del-Valle_Fiestas-patrias2-300x230.jpeg\" data-width=\"300\" data-height=\"230\" aria-label=\"\" role=\"img\" ><\/div>\n\t\t\t\t\t\t\t\t\t\t\t<div class=\"elementor-gallery-item__overlay\"><\/div>\n\t\t\t\t\t\t\t\t\t\t\t\t\t\t<\/a>\n\t\t\t\t\t\t\t<a class=\"e-gallery-item elementor-gallery-item elementor-animated-content\" href=\"https:\/\/www.alcantara-alicante.cl\/alicante-valle\/wp-content\/uploads\/sites\/8\/2025\/09\/Colegio-Alicante-del-Valle_Fiestas-patrias3.jpeg\" data-elementor-open-lightbox=\"yes\" data-elementor-lightbox-slideshow=\"82017d8\" data-elementor-lightbox-title=\"Colegio Alicante del Valle_Fiestas patrias3\" data-e-action-hash=\"#elementor-action%3Aaction%3Dlightbox%26settings%3DeyJpZCI6MjQwNSwidXJsIjoiaHR0cHM6XC9cL3d3dy5hbGNhbnRhcmEtYWxpY2FudGUuY2xcL2FsaWNhbnRlLXZhbGxlXC93cC1jb250ZW50XC91cGxvYWRzXC9zaXRlc1wvOFwvMjAyNVwvMDlcL0NvbGVnaW8tQWxpY2FudGUtZGVsLVZhbGxlX0ZpZXN0YXMtcGF0cmlhczMuanBlZyIsInNsaWRlc2hvdyI6IjgyMDE3ZDgifQ%3D%3D\">\n\t\t\t\t\t<div class=\"e-gallery-image elementor-gallery-item__image\" data-thumbnail=\"https:\/\/www.alcantara-alicante.cl\/alicante-valle\/wp-content\/uploads\/sites\/8\/2025\/09\/Colegio-Alicante-del-Valle_Fiestas-patrias3-300x168.jpeg\" data-width=\"300\" data-height=\"168\" aria-label=\"\" role=\"img\" ><\/div>\n\t\t\t\t\t\t\t\t\t\t\t<div class=\"elementor-gallery-item__overlay\"><\/div>\n\t\t\t\t\t\t\t\t\t\t\t\t\t\t<\/a>\n\t\t\t\t\t\t\t<a class=\"e-gallery-item elementor-gallery-item elementor-animated-content\" href=\"https:\/\/www.alcantara-alicante.cl\/alicante-valle\/wp-content\/uploads\/sites\/8\/2025\/09\/Colegio-Alicante-del-Valle_Fiestas-patrias4.jpeg\" data-elementor-open-lightbox=\"yes\" data-elementor-lightbox-slideshow=\"82017d8\" data-elementor-lightbox-title=\"Colegio Alicante del Valle_Fiestas patrias4\" data-e-action-hash=\"#elementor-action%3Aaction%3Dlightbox%26settings%3DeyJpZCI6MjQwNiwidXJsIjoiaHR0cHM6XC9cL3d3dy5hbGNhbnRhcmEtYWxpY2FudGUuY2xcL2FsaWNhbnRlLXZhbGxlXC93cC1jb250ZW50XC91cGxvYWRzXC9zaXRlc1wvOFwvMjAyNVwvMDlcL0NvbGVnaW8tQWxpY2FudGUtZGVsLVZhbGxlX0ZpZXN0YXMtcGF0cmlhczQuanBlZyIsInNsaWRlc2hvdyI6IjgyMDE3ZDgifQ%3D%3D\">\n\t\t\t\t\t<div class=\"e-gallery-image elementor-gallery-item__image\" data-thumbnail=\"https:\/\/www.alcantara-alicante.cl\/alicante-valle\/wp-content\/uploads\/sites\/8\/2025\/09\/Colegio-Alicante-del-Valle_Fiestas-patrias4-300x169.jpeg\" data-width=\"300\" data-height=\"169\" aria-label=\"\" role=\"img\" ><\/div>\n\t\t\t\t\t\t\t\t\t\t\t<div class=\"elementor-gallery-item__overlay\"><\/div>\n\t\t\t\t\t\t\t\t\t\t\t\t\t\t<\/a>\n\t\t\t\t\t\t\t<a class=\"e-gallery-item elementor-gallery-item elementor-animated-content\" href=\"https:\/\/www.alcantara-alicante.cl\/alicante-valle\/wp-content\/uploads\/sites\/8\/2025\/09\/Colegio-Alicante-del-Valle_Fiestas-patrias5.jpeg\" data-elementor-open-lightbox=\"yes\" data-elementor-lightbox-slideshow=\"82017d8\" data-elementor-lightbox-title=\"Colegio Alicante del Valle_Fiestas patrias5\" data-e-action-hash=\"#elementor-action%3Aaction%3Dlightbox%26settings%3DeyJpZCI6MjQwNywidXJsIjoiaHR0cHM6XC9cL3d3dy5hbGNhbnRhcmEtYWxpY2FudGUuY2xcL2FsaWNhbnRlLXZhbGxlXC93cC1jb250ZW50XC91cGxvYWRzXC9zaXRlc1wvOFwvMjAyNVwvMDlcL0NvbGVnaW8tQWxpY2FudGUtZGVsLVZhbGxlX0ZpZXN0YXMtcGF0cmlhczUuanBlZyIsInNsaWRlc2hvdyI6IjgyMDE3ZDgifQ%3D%3D\">\n\t\t\t\t\t<div class=\"e-gallery-image elementor-gallery-item__image\" data-thumbnail=\"https:\/\/www.alcantara-alicante.cl\/alicante-valle\/wp-content\/uploads\/sites\/8\/2025\/09\/Colegio-Alicante-del-Valle_Fiestas-patrias5-300x217.jpeg\" data-width=\"300\" data-height=\"217\" aria-label=\"\" role=\"img\" ><\/div>\n\t\t\t\t\t\t\t\t\t\t\t<div class=\"elementor-gallery-item__overlay\"><\/div>\n\t\t\t\t\t\t\t\t\t\t\t\t\t\t<\/a>\n\t\t\t\t\t\t\t<a class=\"e-gallery-item elementor-gallery-item elementor-animated-content\" href=\"https:\/\/www.alcantara-alicante.cl\/alicante-valle\/wp-content\/uploads\/sites\/8\/2025\/09\/Colegio-Alicante-del-Valle_Fiestas-patrias6.jpeg\" data-elementor-open-lightbox=\"yes\" data-elementor-lightbox-slideshow=\"82017d8\" data-elementor-lightbox-title=\"Colegio Alicante del Valle_Fiestas patrias6\" data-e-action-hash=\"#elementor-action%3Aaction%3Dlightbox%26settings%3DeyJpZCI6MjQwOCwidXJsIjoiaHR0cHM6XC9cL3d3dy5hbGNhbnRhcmEtYWxpY2FudGUuY2xcL2FsaWNhbnRlLXZhbGxlXC93cC1jb250ZW50XC91cGxvYWRzXC9zaXRlc1wvOFwvMjAyNVwvMDlcL0NvbGVnaW8tQWxpY2FudGUtZGVsLVZhbGxlX0ZpZXN0YXMtcGF0cmlhczYuanBlZyIsInNsaWRlc2hvdyI6IjgyMDE3ZDgifQ%3D%3D\">\n\t\t\t\t\t<div class=\"e-gallery-image elementor-gallery-item__image\" data-thumbnail=\"https:\/\/www.alcantara-alicante.cl\/alicante-valle\/wp-content\/uploads\/sites\/8\/2025\/09\/Colegio-Alicante-del-Valle_Fiestas-patrias6-300x159.jpeg\" data-width=\"300\" data-height=\"159\" aria-label=\"\" role=\"img\" ><\/div>\n\t\t\t\t\t\t\t\t\t\t\t<div class=\"elementor-gallery-item__overlay\"><\/div>\n\t\t\t\t\t\t\t\t\t\t\t\t\t\t<\/a>\n\t\t\t\t\t\t\t<a class=\"e-gallery-item elementor-gallery-item elementor-animated-content\" href=\"https:\/\/www.alcantara-alicante.cl\/alicante-valle\/wp-content\/uploads\/sites\/8\/2025\/09\/Colegio-Alicante-del-Valle_Fiestas-patrias7.jpeg\" data-elementor-open-lightbox=\"yes\" data-elementor-lightbox-slideshow=\"82017d8\" data-elementor-lightbox-title=\"Colegio Alicante del Valle_Fiestas patrias7\" data-e-action-hash=\"#elementor-action%3Aaction%3Dlightbox%26settings%3DeyJpZCI6MjQwOSwidXJsIjoiaHR0cHM6XC9cL3d3dy5hbGNhbnRhcmEtYWxpY2FudGUuY2xcL2FsaWNhbnRlLXZhbGxlXC93cC1jb250ZW50XC91cGxvYWRzXC9zaXRlc1wvOFwvMjAyNVwvMDlcL0NvbGVnaW8tQWxpY2FudGUtZGVsLVZhbGxlX0ZpZXN0YXMtcGF0cmlhczcuanBlZyIsInNsaWRlc2hvdyI6IjgyMDE3ZDgifQ%3D%3D\">\n\t\t\t\t\t<div class=\"e-gallery-image elementor-gallery-item__image\" data-thumbnail=\"https:\/\/www.alcantara-alicante.cl\/alicante-valle\/wp-content\/uploads\/sites\/8\/2025\/09\/Colegio-Alicante-del-Valle_Fiestas-patrias7-300x169.jpeg\" data-width=\"300\" data-height=\"169\" aria-label=\"\" role=\"img\" ><\/div>\n\t\t\t\t\t\t\t\t\t\t\t<div class=\"elementor-gallery-item__overlay\"><\/div>\n\t\t\t\t\t\t\t\t\t\t\t\t\t\t<\/a>\n\t\t\t\t\t\t\t<a class=\"e-gallery-item elementor-gallery-item elementor-animated-content\" href=\"https:\/\/www.alcantara-alicante.cl\/alicante-valle\/wp-content\/uploads\/sites\/8\/2025\/09\/Colegio-Alicante-del-Valle_Fiestas-patrias8.jpeg\" data-elementor-open-lightbox=\"yes\" data-elementor-lightbox-slideshow=\"82017d8\" data-elementor-lightbox-title=\"Colegio Alicante del Valle_Fiestas patrias8\" data-e-action-hash=\"#elementor-action%3Aaction%3Dlightbox%26settings%3DeyJpZCI6MjQxMCwidXJsIjoiaHR0cHM6XC9cL3d3dy5hbGNhbnRhcmEtYWxpY2FudGUuY2xcL2FsaWNhbnRlLXZhbGxlXC93cC1jb250ZW50XC91cGxvYWRzXC9zaXRlc1wvOFwvMjAyNVwvMDlcL0NvbGVnaW8tQWxpY2FudGUtZGVsLVZhbGxlX0ZpZXN0YXMtcGF0cmlhczguanBlZyIsInNsaWRlc2hvdyI6IjgyMDE3ZDgifQ%3D%3D\">\n\t\t\t\t\t<div class=\"e-gallery-image elementor-gallery-item__image\" data-thumbnail=\"https:\/\/www.alcantara-alicante.cl\/alicante-valle\/wp-content\/uploads\/sites\/8\/2025\/09\/Colegio-Alicante-del-Valle_Fiestas-patrias8-300x200.jpeg\" data-width=\"300\" data-height=\"200\" aria-label=\"\" role=\"img\" ><\/div>\n\t\t\t\t\t\t\t\t\t\t\t<div class=\"elementor-gallery-item__overlay\"><\/div>\n\t\t\t\t\t\t\t\t\t\t\t\t\t\t<\/a>\n\t\t\t\t\t\t\t<a class=\"e-gallery-item elementor-gallery-item elementor-animated-content\" href=\"https:\/\/www.alcantara-alicante.cl\/alicante-valle\/wp-content\/uploads\/sites\/8\/2025\/09\/Colegio-Alicante-del-Valle_Fiestas-patrias9.jpeg\" data-elementor-open-lightbox=\"yes\" data-elementor-lightbox-slideshow=\"82017d8\" data-elementor-lightbox-title=\"Colegio Alicante del Valle_Fiestas patrias9\" data-e-action-hash=\"#elementor-action%3Aaction%3Dlightbox%26settings%3DeyJpZCI6MjQxMSwidXJsIjoiaHR0cHM6XC9cL3d3dy5hbGNhbnRhcmEtYWxpY2FudGUuY2xcL2FsaWNhbnRlLXZhbGxlXC93cC1jb250ZW50XC91cGxvYWRzXC9zaXRlc1wvOFwvMjAyNVwvMDlcL0NvbGVnaW8tQWxpY2FudGUtZGVsLVZhbGxlX0ZpZXN0YXMtcGF0cmlhczkuanBlZyIsInNsaWRlc2hvdyI6IjgyMDE3ZDgifQ%3D%3D\">\n\t\t\t\t\t<div class=\"e-gallery-image elementor-gallery-item__image\" data-thumbnail=\"https:\/\/www.alcantara-alicante.cl\/alicante-valle\/wp-content\/uploads\/sites\/8\/2025\/09\/Colegio-Alicante-del-Valle_Fiestas-patrias9-300x225.jpeg\" data-width=\"300\" data-height=\"225\" aria-label=\"\" role=\"img\" ><\/div>\n\t\t\t\t\t\t\t\t\t\t\t<div class=\"elementor-gallery-item__overlay\"><\/div>\n\t\t\t\t\t\t\t\t\t\t\t\t\t\t<\/a>\n\t\t\t\t\t\t\t<a class=\"e-gallery-item elementor-gallery-item elementor-animated-content\" href=\"https:\/\/www.alcantara-alicante.cl\/alicante-valle\/wp-content\/uploads\/sites\/8\/2025\/09\/Colegio-Alicante-del-Valle_Fiestas-patrias10.jpeg\" data-elementor-open-lightbox=\"yes\" data-elementor-lightbox-slideshow=\"82017d8\" data-elementor-lightbox-title=\"Colegio Alicante del Valle_Fiestas patrias10\" data-e-action-hash=\"#elementor-action%3Aaction%3Dlightbox%26settings%3DeyJpZCI6MjQxMiwidXJsIjoiaHR0cHM6XC9cL3d3dy5hbGNhbnRhcmEtYWxpY2FudGUuY2xcL2FsaWNhbnRlLXZhbGxlXC93cC1jb250ZW50XC91cGxvYWRzXC9zaXRlc1wvOFwvMjAyNVwvMDlcL0NvbGVnaW8tQWxpY2FudGUtZGVsLVZhbGxlX0ZpZXN0YXMtcGF0cmlhczEwLmpwZWciLCJzbGlkZXNob3ciOiI4MjAxN2Q4In0%3D\">\n\t\t\t\t\t<div class=\"e-gallery-image elementor-gallery-item__image\" data-thumbnail=\"https:\/\/www.alcantara-alicante.cl\/alicante-valle\/wp-content\/uploads\/sites\/8\/2025\/09\/Colegio-Alicante-del-Valle_Fiestas-patrias10-300x225.jpeg\" data-width=\"300\" data-height=\"225\" aria-label=\"\" role=\"img\" ><\/div>\n\t\t\t\t\t\t\t\t\t\t\t<div class=\"elementor-gallery-item__overlay\"><\/div>\n\t\t\t\t\t\t\t\t\t\t\t\t\t\t<\/a>\n\t\t\t\t\t\t\t<a class=\"e-gallery-item elementor-gallery-item elementor-animated-content\" href=\"https:\/\/www.alcantara-alicante.cl\/alicante-valle\/wp-content\/uploads\/sites\/8\/2025\/09\/Colegio-Alicante-del-Valle_Fiestas-patrias11.jpeg\" data-elementor-open-lightbox=\"yes\" data-elementor-lightbox-slideshow=\"82017d8\" data-elementor-lightbox-title=\"Colegio Alicante del Valle_Fiestas patrias11\" data-e-action-hash=\"#elementor-action%3Aaction%3Dlightbox%26settings%3DeyJpZCI6MjQxMywidXJsIjoiaHR0cHM6XC9cL3d3dy5hbGNhbnRhcmEtYWxpY2FudGUuY2xcL2FsaWNhbnRlLXZhbGxlXC93cC1jb250ZW50XC91cGxvYWRzXC9zaXRlc1wvOFwvMjAyNVwvMDlcL0NvbGVnaW8tQWxpY2FudGUtZGVsLVZhbGxlX0ZpZXN0YXMtcGF0cmlhczExLmpwZWciLCJzbGlkZXNob3ciOiI4MjAxN2Q4In0%3D\">\n\t\t\t\t\t<div class=\"e-gallery-image elementor-gallery-item__image\" data-thumbnail=\"https:\/\/www.alcantara-alicante.cl\/alicante-valle\/wp-content\/uploads\/sites\/8\/2025\/09\/Colegio-Alicante-del-Valle_Fiestas-patrias11-300x189.jpeg\" data-width=\"300\" data-height=\"189\" aria-label=\"\" role=\"img\" ><\/div>\n\t\t\t\t\t\t\t\t\t\t\t<div class=\"elementor-gallery-item__overlay\"><\/div>\n\t\t\t\t\t\t\t\t\t\t\t\t\t\t<\/a>\n\t\t\t\t\t\t\t<a class=\"e-gallery-item elementor-gallery-item elementor-animated-content\" href=\"https:\/\/www.alcantara-alicante.cl\/alicante-valle\/wp-content\/uploads\/sites\/8\/2025\/09\/Colegio-Alicante-del-Valle_Fiestas-patrias12.jpeg\" data-elementor-open-lightbox=\"yes\" data-elementor-lightbox-slideshow=\"82017d8\" data-elementor-lightbox-title=\"Colegio Alicante del Valle_Fiestas patrias12\" data-e-action-hash=\"#elementor-action%3Aaction%3Dlightbox%26settings%3DeyJpZCI6MjQxNCwidXJsIjoiaHR0cHM6XC9cL3d3dy5hbGNhbnRhcmEtYWxpY2FudGUuY2xcL2FsaWNhbnRlLXZhbGxlXC93cC1jb250ZW50XC91cGxvYWRzXC9zaXRlc1wvOFwvMjAyNVwvMDlcL0NvbGVnaW8tQWxpY2FudGUtZGVsLVZhbGxlX0ZpZXN0YXMtcGF0cmlhczEyLmpwZWciLCJzbGlkZXNob3ciOiI4MjAxN2Q4In0%3D\">\n\t\t\t\t\t<div class=\"e-gallery-image elementor-gallery-item__image\" data-thumbnail=\"https:\/\/www.alcantara-alicante.cl\/alicante-valle\/wp-content\/uploads\/sites\/8\/2025\/09\/Colegio-Alicante-del-Valle_Fiestas-patrias12-300x216.jpeg\" data-width=\"300\" data-height=\"216\" aria-label=\"\" role=\"img\" ><\/div>\n\t\t\t\t\t\t\t\t\t\t\t<div class=\"elementor-gallery-item__overlay\"><\/div>\n\t\t\t\t\t\t\t\t\t\t\t\t\t\t<\/a>\n\t\t\t\t\t\t\t<a class=\"e-gallery-item elementor-gallery-item elementor-animated-content\" href=\"https:\/\/www.alcantara-alicante.cl\/alicante-valle\/wp-content\/uploads\/sites\/8\/2025\/09\/Colegio-Alicante-del-Valle_Fiestas-patrias13.jpeg\" data-elementor-open-lightbox=\"yes\" data-elementor-lightbox-slideshow=\"82017d8\" data-elementor-lightbox-title=\"Colegio Alicante del Valle_Fiestas patrias13\" data-e-action-hash=\"#elementor-action%3Aaction%3Dlightbox%26settings%3DeyJpZCI6MjQxNSwidXJsIjoiaHR0cHM6XC9cL3d3dy5hbGNhbnRhcmEtYWxpY2FudGUuY2xcL2FsaWNhbnRlLXZhbGxlXC93cC1jb250ZW50XC91cGxvYWRzXC9zaXRlc1wvOFwvMjAyNVwvMDlcL0NvbGVnaW8tQWxpY2FudGUtZGVsLVZhbGxlX0ZpZXN0YXMtcGF0cmlhczEzLmpwZWciLCJzbGlkZXNob3ciOiI4MjAxN2Q4In0%3D\">\n\t\t\t\t\t<div class=\"e-gallery-image elementor-gallery-item__image\" data-thumbnail=\"https:\/\/www.alcantara-alicante.cl\/alicante-valle\/wp-content\/uploads\/sites\/8\/2025\/09\/Colegio-Alicante-del-Valle_Fiestas-patrias13-169x300.jpeg\" data-width=\"169\" data-height=\"300\" aria-label=\"\" role=\"img\" ><\/div>\n\t\t\t\t\t\t\t\t\t\t\t<div class=\"elementor-gallery-item__overlay\"><\/div>\n\t\t\t\t\t\t\t\t\t\t\t\t\t\t<\/a>\n\t\t\t\t\t\t\t<a class=\"e-gallery-item elementor-gallery-item elementor-animated-content\" href=\"https:\/\/www.alcantara-alicante.cl\/alicante-valle\/wp-content\/uploads\/sites\/8\/2025\/09\/Colegio-Alicante-del-Valle_Fiestas-patrias14.jpeg\" data-elementor-open-lightbox=\"yes\" data-elementor-lightbox-slideshow=\"82017d8\" data-elementor-lightbox-title=\"Colegio Alicante del Valle_Fiestas patrias14\" data-e-action-hash=\"#elementor-action%3Aaction%3Dlightbox%26settings%3DeyJpZCI6MjQxNiwidXJsIjoiaHR0cHM6XC9cL3d3dy5hbGNhbnRhcmEtYWxpY2FudGUuY2xcL2FsaWNhbnRlLXZhbGxlXC93cC1jb250ZW50XC91cGxvYWRzXC9zaXRlc1wvOFwvMjAyNVwvMDlcL0NvbGVnaW8tQWxpY2FudGUtZGVsLVZhbGxlX0ZpZXN0YXMtcGF0cmlhczE0LmpwZWciLCJzbGlkZXNob3ciOiI4MjAxN2Q4In0%3D\">\n\t\t\t\t\t<div class=\"e-gallery-image elementor-gallery-item__image\" data-thumbnail=\"https:\/\/www.alcantara-alicante.cl\/alicante-valle\/wp-content\/uploads\/sites\/8\/2025\/09\/Colegio-Alicante-del-Valle_Fiestas-patrias14-238x300.jpeg\" data-width=\"238\" data-height=\"300\" aria-label=\"\" role=\"img\" ><\/div>\n\t\t\t\t\t\t\t\t\t\t\t<div class=\"elementor-gallery-item__overlay\"><\/div>\n\t\t\t\t\t\t\t\t\t\t\t\t\t\t<\/a>\n\t\t\t\t\t\t\t<a class=\"e-gallery-item elementor-gallery-item elementor-animated-content\" href=\"https:\/\/www.alcantara-alicante.cl\/alicante-valle\/wp-content\/uploads\/sites\/8\/2025\/09\/Colegio-Alicante-del-Valle_Fiestas-patrias15.jpeg\" data-elementor-open-lightbox=\"yes\" data-elementor-lightbox-slideshow=\"82017d8\" data-elementor-lightbox-title=\"Colegio Alicante del Valle_Fiestas patrias15\" data-e-action-hash=\"#elementor-action%3Aaction%3Dlightbox%26settings%3DeyJpZCI6MjQxNywidXJsIjoiaHR0cHM6XC9cL3d3dy5hbGNhbnRhcmEtYWxpY2FudGUuY2xcL2FsaWNhbnRlLXZhbGxlXC93cC1jb250ZW50XC91cGxvYWRzXC9zaXRlc1wvOFwvMjAyNVwvMDlcL0NvbGVnaW8tQWxpY2FudGUtZGVsLVZhbGxlX0ZpZXN0YXMtcGF0cmlhczE1LmpwZWciLCJzbGlkZXNob3ciOiI4MjAxN2Q4In0%3D\">\n\t\t\t\t\t<div class=\"e-gallery-image elementor-gallery-item__image\" data-thumbnail=\"https:\/\/www.alcantara-alicante.cl\/alicante-valle\/wp-content\/uploads\/sites\/8\/2025\/09\/Colegio-Alicante-del-Valle_Fiestas-patrias15-223x300.jpeg\" data-width=\"223\" data-height=\"300\" aria-label=\"\" role=\"img\" ><\/div>\n\t\t\t\t\t\t\t\t\t\t\t<div class=\"elementor-gallery-item__overlay\"><\/div>\n\t\t\t\t\t\t\t\t\t\t\t\t\t\t<\/a>\n\t\t\t\t\t\t\t<a class=\"e-gallery-item elementor-gallery-item elementor-animated-content\" href=\"https:\/\/www.alcantara-alicante.cl\/alicante-valle\/wp-content\/uploads\/sites\/8\/2025\/09\/Colegio-Alicante-del-Valle_Fiestas-patrias16.jpeg\" data-elementor-open-lightbox=\"yes\" data-elementor-lightbox-slideshow=\"82017d8\" data-elementor-lightbox-title=\"Colegio Alicante del Valle_Fiestas patrias16\" data-e-action-hash=\"#elementor-action%3Aaction%3Dlightbox%26settings%3DeyJpZCI6MjQxOCwidXJsIjoiaHR0cHM6XC9cL3d3dy5hbGNhbnRhcmEtYWxpY2FudGUuY2xcL2FsaWNhbnRlLXZhbGxlXC93cC1jb250ZW50XC91cGxvYWRzXC9zaXRlc1wvOFwvMjAyNVwvMDlcL0NvbGVnaW8tQWxpY2FudGUtZGVsLVZhbGxlX0ZpZXN0YXMtcGF0cmlhczE2LmpwZWciLCJzbGlkZXNob3ciOiI4MjAxN2Q4In0%3D\">\n\t\t\t\t\t<div class=\"e-gallery-image elementor-gallery-item__image\" data-thumbnail=\"https:\/\/www.alcantara-alicante.cl\/alicante-valle\/wp-content\/uploads\/sites\/8\/2025\/09\/Colegio-Alicante-del-Valle_Fiestas-patrias16-214x300.jpeg\" data-width=\"214\" data-height=\"300\" aria-label=\"\" role=\"img\" ><\/div>\n\t\t\t\t\t\t\t\t\t\t\t<div class=\"elementor-gallery-item__overlay\"><\/div>\n\t\t\t\t\t\t\t\t\t\t\t\t\t\t<\/a>\n\t\t\t\t\t\t\t<a class=\"e-gallery-item elementor-gallery-item elementor-animated-content\" href=\"https:\/\/www.alcantara-alicante.cl\/alicante-valle\/wp-content\/uploads\/sites\/8\/2025\/09\/Colegio-Alicante-del-Valle_Fiestas-patrias17.jpeg\" data-elementor-open-lightbox=\"yes\" data-elementor-lightbox-slideshow=\"82017d8\" data-elementor-lightbox-title=\"Colegio Alicante del Valle_Fiestas patrias17\" data-e-action-hash=\"#elementor-action%3Aaction%3Dlightbox%26settings%3DeyJpZCI6MjQxOSwidXJsIjoiaHR0cHM6XC9cL3d3dy5hbGNhbnRhcmEtYWxpY2FudGUuY2xcL2FsaWNhbnRlLXZhbGxlXC93cC1jb250ZW50XC91cGxvYWRzXC9zaXRlc1wvOFwvMjAyNVwvMDlcL0NvbGVnaW8tQWxpY2FudGUtZGVsLVZhbGxlX0ZpZXN0YXMtcGF0cmlhczE3LmpwZWciLCJzbGlkZXNob3ciOiI4MjAxN2Q4In0%3D\">\n\t\t\t\t\t<div class=\"e-gallery-image elementor-gallery-item__image\" data-thumbnail=\"https:\/\/www.alcantara-alicante.cl\/alicante-valle\/wp-content\/uploads\/sites\/8\/2025\/09\/Colegio-Alicante-del-Valle_Fiestas-patrias17-300x262.jpeg\" data-width=\"300\" data-height=\"262\" aria-label=\"\" role=\"img\" ><\/div>\n\t\t\t\t\t\t\t\t\t\t\t<div class=\"elementor-gallery-item__overlay\"><\/div>\n\t\t\t\t\t\t\t\t\t\t\t\t\t\t<\/a>\n\t\t\t\t\t\t\t<a class=\"e-gallery-item elementor-gallery-item elementor-animated-content\" href=\"https:\/\/www.alcantara-alicante.cl\/alicante-valle\/wp-content\/uploads\/sites\/8\/2025\/09\/Colegio-Alicante-del-Valle_Fiestas-patrias18.jpeg\" data-elementor-open-lightbox=\"yes\" data-elementor-lightbox-slideshow=\"82017d8\" data-elementor-lightbox-title=\"Colegio Alicante del Valle_Fiestas patrias18\" data-e-action-hash=\"#elementor-action%3Aaction%3Dlightbox%26settings%3DeyJpZCI6MjQyMCwidXJsIjoiaHR0cHM6XC9cL3d3dy5hbGNhbnRhcmEtYWxpY2FudGUuY2xcL2FsaWNhbnRlLXZhbGxlXC93cC1jb250ZW50XC91cGxvYWRzXC9zaXRlc1wvOFwvMjAyNVwvMDlcL0NvbGVnaW8tQWxpY2FudGUtZGVsLVZhbGxlX0ZpZXN0YXMtcGF0cmlhczE4LmpwZWciLCJzbGlkZXNob3ciOiI4MjAxN2Q4In0%3D\">\n\t\t\t\t\t<div class=\"e-gallery-image elementor-gallery-item__image\" data-thumbnail=\"https:\/\/www.alcantara-alicante.cl\/alicante-valle\/wp-content\/uploads\/sites\/8\/2025\/09\/Colegio-Alicante-del-Valle_Fiestas-patrias18-222x300.jpeg\" data-width=\"222\" data-height=\"300\" aria-label=\"\" role=\"img\" ><\/div>\n\t\t\t\t\t\t\t\t\t\t\t<div class=\"elementor-gallery-item__overlay\"><\/div>\n\t\t\t\t\t\t\t\t\t\t\t\t\t\t<\/a>\n\t\t\t\t\t\t\t<a class=\"e-gallery-item elementor-gallery-item elementor-animated-content\" href=\"https:\/\/www.alcantara-alicante.cl\/alicante-valle\/wp-content\/uploads\/sites\/8\/2025\/09\/Colegio-Alicante-del-Valle_Fiestas-patrias19.jpeg\" data-elementor-open-lightbox=\"yes\" data-elementor-lightbox-slideshow=\"82017d8\" data-elementor-lightbox-title=\"Colegio Alicante del Valle_Fiestas patrias19\" data-e-action-hash=\"#elementor-action%3Aaction%3Dlightbox%26settings%3DeyJpZCI6MjQyMSwidXJsIjoiaHR0cHM6XC9cL3d3dy5hbGNhbnRhcmEtYWxpY2FudGUuY2xcL2FsaWNhbnRlLXZhbGxlXC93cC1jb250ZW50XC91cGxvYWRzXC9zaXRlc1wvOFwvMjAyNVwvMDlcL0NvbGVnaW8tQWxpY2FudGUtZGVsLVZhbGxlX0ZpZXN0YXMtcGF0cmlhczE5LmpwZWciLCJzbGlkZXNob3ciOiI4MjAxN2Q4In0%3D\">\n\t\t\t\t\t<div class=\"e-gallery-image elementor-gallery-item__image\" data-thumbnail=\"https:\/\/www.alcantara-alicante.cl\/alicante-valle\/wp-content\/uploads\/sites\/8\/2025\/09\/Colegio-Alicante-del-Valle_Fiestas-patrias19-227x300.jpeg\" data-width=\"227\" data-height=\"300\" aria-label=\"\" role=\"img\" ><\/div>\n\t\t\t\t\t\t\t\t\t\t\t<div class=\"elementor-gallery-item__overlay\"><\/div>\n\t\t\t\t\t\t\t\t\t\t\t\t\t\t<\/a>\n\t\t\t\t\t\t\t<a class=\"e-gallery-item elementor-gallery-item elementor-animated-content\" href=\"https:\/\/www.alcantara-alicante.cl\/alicante-valle\/wp-content\/uploads\/sites\/8\/2025\/09\/Colegio-Alicante-del-Valle_Fiestas-patrias20.jpeg\" data-elementor-open-lightbox=\"yes\" data-elementor-lightbox-slideshow=\"82017d8\" data-elementor-lightbox-title=\"Colegio Alicante del Valle_Fiestas patrias20\" data-e-action-hash=\"#elementor-action%3Aaction%3Dlightbox%26settings%3DeyJpZCI6MjQyMiwidXJsIjoiaHR0cHM6XC9cL3d3dy5hbGNhbnRhcmEtYWxpY2FudGUuY2xcL2FsaWNhbnRlLXZhbGxlXC93cC1jb250ZW50XC91cGxvYWRzXC9zaXRlc1wvOFwvMjAyNVwvMDlcL0NvbGVnaW8tQWxpY2FudGUtZGVsLVZhbGxlX0ZpZXN0YXMtcGF0cmlhczIwLmpwZWciLCJzbGlkZXNob3ciOiI4MjAxN2Q4In0%3D\">\n\t\t\t\t\t<div class=\"e-gallery-image elementor-gallery-item__image\" data-thumbnail=\"https:\/\/www.alcantara-alicante.cl\/alicante-valle\/wp-content\/uploads\/sites\/8\/2025\/09\/Colegio-Alicante-del-Valle_Fiestas-patrias20-228x300.jpeg\" data-width=\"228\" data-height=\"300\" aria-label=\"\" role=\"img\" ><\/div>\n\t\t\t\t\t\t\t\t\t\t\t<div class=\"elementor-gallery-item__overlay\"><\/div>\n\t\t\t\t\t\t\t\t\t\t\t\t\t\t<\/a>\n\t\t\t\t\t\t\t<a class=\"e-gallery-item elementor-gallery-item elementor-animated-content\" href=\"https:\/\/www.alcantara-alicante.cl\/alicante-valle\/wp-content\/uploads\/sites\/8\/2025\/09\/Colegio-Alicante-del-Valle_Fiestas-patrias21.jpeg\" data-elementor-open-lightbox=\"yes\" data-elementor-lightbox-slideshow=\"82017d8\" data-elementor-lightbox-title=\"Colegio Alicante del Valle_Fiestas patrias21\" data-e-action-hash=\"#elementor-action%3Aaction%3Dlightbox%26settings%3DeyJpZCI6MjQyMywidXJsIjoiaHR0cHM6XC9cL3d3dy5hbGNhbnRhcmEtYWxpY2FudGUuY2xcL2FsaWNhbnRlLXZhbGxlXC93cC1jb250ZW50XC91cGxvYWRzXC9zaXRlc1wvOFwvMjAyNVwvMDlcL0NvbGVnaW8tQWxpY2FudGUtZGVsLVZhbGxlX0ZpZXN0YXMtcGF0cmlhczIxLmpwZWciLCJzbGlkZXNob3ciOiI4MjAxN2Q4In0%3D\">\n\t\t\t\t\t<div class=\"e-gallery-image elementor-gallery-item__image\" data-thumbnail=\"https:\/\/www.alcantara-alicante.cl\/alicante-valle\/wp-content\/uploads\/sites\/8\/2025\/09\/Colegio-Alicante-del-Valle_Fiestas-patrias21-224x300.jpeg\" data-width=\"224\" data-height=\"300\" aria-label=\"\" role=\"img\" ><\/div>\n\t\t\t\t\t\t\t\t\t\t\t<div class=\"elementor-gallery-item__overlay\"><\/div>\n\t\t\t\t\t\t\t\t\t\t\t\t\t\t<\/a>\n\t\t\t\t\t\t\t<a class=\"e-gallery-item elementor-gallery-item elementor-animated-content\" href=\"https:\/\/www.alcantara-alicante.cl\/alicante-valle\/wp-content\/uploads\/sites\/8\/2025\/09\/Colegio-Alicante-del-Valle_Fiestas-patrias22.jpeg\" data-elementor-open-lightbox=\"yes\" data-elementor-lightbox-slideshow=\"82017d8\" data-elementor-lightbox-title=\"Colegio Alicante del Valle_Fiestas patrias22\" data-e-action-hash=\"#elementor-action%3Aaction%3Dlightbox%26settings%3DeyJpZCI6MjQyNCwidXJsIjoiaHR0cHM6XC9cL3d3dy5hbGNhbnRhcmEtYWxpY2FudGUuY2xcL2FsaWNhbnRlLXZhbGxlXC93cC1jb250ZW50XC91cGxvYWRzXC9zaXRlc1wvOFwvMjAyNVwvMDlcL0NvbGVnaW8tQWxpY2FudGUtZGVsLVZhbGxlX0ZpZXN0YXMtcGF0cmlhczIyLmpwZWciLCJzbGlkZXNob3ciOiI4MjAxN2Q4In0%3D\">\n\t\t\t\t\t<div class=\"e-gallery-image elementor-gallery-item__image\" data-thumbnail=\"https:\/\/www.alcantara-alicante.cl\/alicante-valle\/wp-content\/uploads\/sites\/8\/2025\/09\/Colegio-Alicante-del-Valle_Fiestas-patrias22-230x300.jpeg\" data-width=\"230\" data-height=\"300\" aria-label=\"\" role=\"img\" ><\/div>\n\t\t\t\t\t\t\t\t\t\t\t<div class=\"elementor-gallery-item__overlay\"><\/div>\n\t\t\t\t\t\t\t\t\t\t\t\t\t\t<\/a>\n\t\t\t\t\t\t\t<a class=\"e-gallery-item elementor-gallery-item elementor-animated-content\" href=\"https:\/\/www.alcantara-alicante.cl\/alicante-valle\/wp-content\/uploads\/sites\/8\/2025\/09\/Colegio-Alicante-del-Valle_Fiestas-patrias23.jpeg\" data-elementor-open-lightbox=\"yes\" data-elementor-lightbox-slideshow=\"82017d8\" data-elementor-lightbox-title=\"Colegio Alicante del Valle_Fiestas patrias23\" data-e-action-hash=\"#elementor-action%3Aaction%3Dlightbox%26settings%3DeyJpZCI6MjQyNSwidXJsIjoiaHR0cHM6XC9cL3d3dy5hbGNhbnRhcmEtYWxpY2FudGUuY2xcL2FsaWNhbnRlLXZhbGxlXC93cC1jb250ZW50XC91cGxvYWRzXC9zaXRlc1wvOFwvMjAyNVwvMDlcL0NvbGVnaW8tQWxpY2FudGUtZGVsLVZhbGxlX0ZpZXN0YXMtcGF0cmlhczIzLmpwZWciLCJzbGlkZXNob3ciOiI4MjAxN2Q4In0%3D\">\n\t\t\t\t\t<div class=\"e-gallery-image elementor-gallery-item__image\" data-thumbnail=\"https:\/\/www.alcantara-alicante.cl\/alicante-valle\/wp-content\/uploads\/sites\/8\/2025\/09\/Colegio-Alicante-del-Valle_Fiestas-patrias23-300x217.jpeg\" data-width=\"300\" data-height=\"217\" aria-label=\"\" role=\"img\" ><\/div>\n\t\t\t\t\t\t\t\t\t\t\t<div class=\"elementor-gallery-item__overlay\"><\/div>\n\t\t\t\t\t\t\t\t\t\t\t\t\t\t<\/a>\n\t\t\t\t\t\t\t<a class=\"e-gallery-item elementor-gallery-item elementor-animated-content\" href=\"https:\/\/www.alcantara-alicante.cl\/alicante-valle\/wp-content\/uploads\/sites\/8\/2025\/09\/Colegio-Alicante-del-Valle_Fiestas-patrias24.jpeg\" data-elementor-open-lightbox=\"yes\" data-elementor-lightbox-slideshow=\"82017d8\" data-elementor-lightbox-title=\"Colegio Alicante del Valle_Fiestas patrias24\" data-e-action-hash=\"#elementor-action%3Aaction%3Dlightbox%26settings%3DeyJpZCI6MjQyNiwidXJsIjoiaHR0cHM6XC9cL3d3dy5hbGNhbnRhcmEtYWxpY2FudGUuY2xcL2FsaWNhbnRlLXZhbGxlXC93cC1jb250ZW50XC91cGxvYWRzXC9zaXRlc1wvOFwvMjAyNVwvMDlcL0NvbGVnaW8tQWxpY2FudGUtZGVsLVZhbGxlX0ZpZXN0YXMtcGF0cmlhczI0LmpwZWciLCJzbGlkZXNob3ciOiI4MjAxN2Q4In0%3D\">\n\t\t\t\t\t<div class=\"e-gallery-image elementor-gallery-item__image\" data-thumbnail=\"https:\/\/www.alcantara-alicante.cl\/alicante-valle\/wp-content\/uploads\/sites\/8\/2025\/09\/Colegio-Alicante-del-Valle_Fiestas-patrias24-234x300.jpeg\" data-width=\"234\" data-height=\"300\" aria-label=\"\" role=\"img\" ><\/div>\n\t\t\t\t\t\t\t\t\t\t\t<div class=\"elementor-gallery-item__overlay\"><\/div>\n\t\t\t\t\t\t\t\t\t\t\t\t\t\t<\/a>\n\t\t\t\t\t\t\t<a class=\"e-gallery-item elementor-gallery-item elementor-animated-content\" href=\"https:\/\/www.alcantara-alicante.cl\/alicante-valle\/wp-content\/uploads\/sites\/8\/2025\/09\/Colegio-Alicante-del-Valle_Fiestas-patrias25.jpeg\" data-elementor-open-lightbox=\"yes\" data-elementor-lightbox-slideshow=\"82017d8\" data-elementor-lightbox-title=\"Colegio Alicante del Valle_Fiestas patrias25\" data-e-action-hash=\"#elementor-action%3Aaction%3Dlightbox%26settings%3DeyJpZCI6MjQyNywidXJsIjoiaHR0cHM6XC9cL3d3dy5hbGNhbnRhcmEtYWxpY2FudGUuY2xcL2FsaWNhbnRlLXZhbGxlXC93cC1jb250ZW50XC91cGxvYWRzXC9zaXRlc1wvOFwvMjAyNVwvMDlcL0NvbGVnaW8tQWxpY2FudGUtZGVsLVZhbGxlX0ZpZXN0YXMtcGF0cmlhczI1LmpwZWciLCJzbGlkZXNob3ciOiI4MjAxN2Q4In0%3D\">\n\t\t\t\t\t<div class=\"e-gallery-image elementor-gallery-item__image\" data-thumbnail=\"https:\/\/www.alcantara-alicante.cl\/alicante-valle\/wp-content\/uploads\/sites\/8\/2025\/09\/Colegio-Alicante-del-Valle_Fiestas-patrias25-300x169.jpeg\" data-width=\"300\" data-height=\"169\" aria-label=\"\" role=\"img\" ><\/div>\n\t\t\t\t\t\t\t\t\t\t\t<div class=\"elementor-gallery-item__overlay\"><\/div>\n\t\t\t\t\t\t\t\t\t\t\t\t\t\t<\/a>\n\t\t\t\t\t\t\t<a class=\"e-gallery-item elementor-gallery-item elementor-animated-content\" href=\"https:\/\/www.alcantara-alicante.cl\/alicante-valle\/wp-content\/uploads\/sites\/8\/2025\/09\/Colegio-Alicante-del-Valle_Fiestas-patrias26.jpeg\" data-elementor-open-lightbox=\"yes\" data-elementor-lightbox-slideshow=\"82017d8\" data-elementor-lightbox-title=\"Colegio Alicante del Valle_Fiestas patrias26\" data-e-action-hash=\"#elementor-action%3Aaction%3Dlightbox%26settings%3DeyJpZCI6MjQyOCwidXJsIjoiaHR0cHM6XC9cL3d3dy5hbGNhbnRhcmEtYWxpY2FudGUuY2xcL2FsaWNhbnRlLXZhbGxlXC93cC1jb250ZW50XC91cGxvYWRzXC9zaXRlc1wvOFwvMjAyNVwvMDlcL0NvbGVnaW8tQWxpY2FudGUtZGVsLVZhbGxlX0ZpZXN0YXMtcGF0cmlhczI2LmpwZWciLCJzbGlkZXNob3ciOiI4MjAxN2Q4In0%3D\">\n\t\t\t\t\t<div class=\"e-gallery-image elementor-gallery-item__image\" data-thumbnail=\"https:\/\/www.alcantara-alicante.cl\/alicante-valle\/wp-content\/uploads\/sites\/8\/2025\/09\/Colegio-Alicante-del-Valle_Fiestas-patrias26-300x169.jpeg\" data-width=\"300\" data-height=\"169\" aria-label=\"\" role=\"img\" ><\/div>\n\t\t\t\t\t\t\t\t\t\t\t<div class=\"elementor-gallery-item__overlay\"><\/div>\n\t\t\t\t\t\t\t\t\t\t\t\t\t\t<\/a>\n\t\t\t\t\t\t\t<a class=\"e-gallery-item elementor-gallery-item elementor-animated-content\" href=\"https:\/\/www.alcantara-alicante.cl\/alicante-valle\/wp-content\/uploads\/sites\/8\/2025\/09\/Colegio-Alicante-del-Valle_Fiestas-patrias27.jpeg\" data-elementor-open-lightbox=\"yes\" data-elementor-lightbox-slideshow=\"82017d8\" data-elementor-lightbox-title=\"Colegio Alicante del Valle_Fiestas patrias27\" data-e-action-hash=\"#elementor-action%3Aaction%3Dlightbox%26settings%3DeyJpZCI6MjQyOSwidXJsIjoiaHR0cHM6XC9cL3d3dy5hbGNhbnRhcmEtYWxpY2FudGUuY2xcL2FsaWNhbnRlLXZhbGxlXC93cC1jb250ZW50XC91cGxvYWRzXC9zaXRlc1wvOFwvMjAyNVwvMDlcL0NvbGVnaW8tQWxpY2FudGUtZGVsLVZhbGxlX0ZpZXN0YXMtcGF0cmlhczI3LmpwZWciLCJzbGlkZXNob3ciOiI4MjAxN2Q4In0%3D\">\n\t\t\t\t\t<div class=\"e-gallery-image elementor-gallery-item__image\" data-thumbnail=\"https:\/\/www.alcantara-alicante.cl\/alicante-valle\/wp-content\/uploads\/sites\/8\/2025\/09\/Colegio-Alicante-del-Valle_Fiestas-patrias27-300x169.jpeg\" data-width=\"300\" data-height=\"169\" aria-label=\"\" role=\"img\" ><\/div>\n\t\t\t\t\t\t\t\t\t\t\t<div class=\"elementor-gallery-item__overlay\"><\/div>\n\t\t\t\t\t\t\t\t\t\t\t\t\t\t<\/a>\n\t\t\t\t\t<\/div>\n\t\t\t\t\t<\/div>\n\t\t\t\t<\/div>\n\t\t\t\t\t<\/div>\n\t\t\t\t<\/div>\n\t\t\t\t<\/div>\n\t\t","protected":false},"excerpt":{"rendered":"<p>El pasado 9 de septiembre, nuestro ciclo de Preescolar vivi\u00f3 una jornada llena de alegr\u00eda, colorido y tradici\u00f3n con la celebraci\u00f3n de la Fiesta de la Chilenidad 2026. Nuestros ni\u00f1os y ni\u00f1as se transformaron en los protagonistas de la jornada al presentar los bailes t\u00edpicos que, con tanto entusiasmo, prepararon junto a sus profesores. Cada &#8230; <a title=\"Fiesta de la Chilenidad en Preescolar\" class=\"read-more\" href=\"https:\/\/www.alcantara-alicante.cl\/alicante-valle\/2025\/09\/22\/fiesta-de-la-chilenidad-en-preescolar\/\" aria-label=\"Leer m\u00e1s sobre Fiesta de la Chilenidad en Preescolar\">Leer m\u00e1s<\/a><\/p>\n","protected":false},"author":4,"featured_media":2401,"comment_status":"open","ping_status":"open","sticky":false,"template":"","format":"standard","meta":{"footnotes":""},"categories":[11,17],"tags":[],"class_list":["post-2400","post","type-post","status-publish","format-standard","has-post-thumbnail","hentry","category-destacadas","category-noticias-parvulario"],"aioseo_notices":[],"_links":{"self":[{"href":"https:\/\/www.alcantara-alicante.cl\/alicante-valle\/wp-json\/wp\/v2\/posts\/2400","targetHints":{"allow":["GET"]}}],"collection":[{"href":"https:\/\/www.alcantara-alicante.cl\/alicante-valle\/wp-json\/wp\/v2\/posts"}],"about":[{"href":"https:\/\/www.alcantara-alicante.cl\/alicante-valle\/wp-json\/wp\/v2\/types\/post"}],"author":[{"embeddable":true,"href":"https:\/\/www.alcantara-alicante.cl\/alicante-valle\/wp-json\/wp\/v2\/users\/4"}],"replies":[{"embeddable":true,"href":"https:\/\/www.alcantara-alicante.cl\/alicante-valle\/wp-json\/wp\/v2\/comments?post=2400"}],"version-history":[{"count":7,"href":"https:\/\/www.alcantara-alicante.cl\/alicante-valle\/wp-json\/wp\/v2\/posts\/2400\/revisions"}],"predecessor-version":[{"id":2435,"href":"https:\/\/www.alcantara-alicante.cl\/alicante-valle\/wp-json\/wp\/v2\/posts\/2400\/revisions\/2435"}],"wp:featuredmedia":[{"embeddable":true,"href":"https:\/\/www.alcantara-alicante.cl\/alicante-valle\/wp-json\/wp\/v2\/media\/2401"}],"wp:attachment":[{"href":"https:\/\/www.alcantara-alicante.cl\/alicante-valle\/wp-json\/wp\/v2\/media?parent=2400"}],"wp:term":[{"taxonomy":"category","embeddable":true,"href":"https:\/\/www.alcantara-alicante.cl\/alicante-valle\/wp-json\/wp\/v2\/categories?post=2400"},{"taxonomy":"post_tag","embeddable":true,"href":"https:\/\/www.alcantara-alicante.cl\/alicante-valle\/wp-json\/wp\/v2\/tags?post=2400"}],"curies":[{"name":"wp","href":"https:\/\/api.w.org\/{rel}","templated":true}]}}