{"id":2391,"date":"2025-08-18T13:04:10","date_gmt":"2025-08-18T17:04:10","guid":{"rendered":"https:\/\/www.alcantara-alicante.cl\/alicante-valle\/?p=2391"},"modified":"2025-09-09T13:18:58","modified_gmt":"2025-09-09T16:18:58","slug":"conociendo-a-dos-grandes-mujeres-de-nuestra-historia-%e2%9c%a8","status":"publish","type":"post","link":"https:\/\/www.alcantara-alicante.cl\/alicante-valle\/2025\/08\/18\/conociendo-a-dos-grandes-mujeres-de-nuestra-historia-%e2%9c%a8\/","title":{"rendered":"Conociendo a dos grandes mujeres de nuestra historia \u2728"},"content":{"rendered":"\t\t<div data-elementor-type=\"wp-post\" data-elementor-id=\"2391\" class=\"elementor elementor-2391\" data-elementor-post-type=\"post\">\n\t\t\t\t<div class=\"elementor-element elementor-element-32da332 e-flex e-con-boxed e-con e-parent\" data-id=\"32da332\" data-element_type=\"container\" data-e-type=\"container\">\n\t\t\t\t\t<div class=\"e-con-inner\">\n\t\t<div class=\"elementor-element elementor-element-377e483 e-con-full e-flex e-con e-child\" data-id=\"377e483\" data-element_type=\"container\" data-e-type=\"container\">\n\t\t\t\t<div class=\"elementor-element elementor-element-654f10e elementor-widget elementor-widget-text-editor\" data-id=\"654f10e\" data-element_type=\"widget\" data-e-type=\"widget\" data-widget_type=\"text-editor.default\">\n\t\t\t\t<div class=\"elementor-widget-container\">\n\t\t\t\t\t\t\t\t\t<p data-start=\"149\" data-end=\"391\">El pasado <strong data-start=\"159\" data-end=\"175\">14 de agosto<\/strong>, los ni\u00f1os y ni\u00f1as de K\u00ednder vivieron una enriquecedora experiencia al conocer la vida y obra de <strong data-start=\"273\" data-end=\"293\">Gabriela Mistral<\/strong> y <strong data-start=\"296\" data-end=\"313\">Violeta Parra<\/strong>, dos grandes mujeres que marcaron la historia y la cultura de nuestro pa\u00eds.<\/p><p data-start=\"393\" data-end=\"700\">Con gran entusiasmo y dedicaci\u00f3n, nuestras apoderadas se caracterizaron y dramatizaron a estas destacadas figuras, compartiendo poemas, canciones y relatos de sus vidas. Adem\u00e1s, respondieron las preguntas de los ni\u00f1os y ni\u00f1as, quienes participaron con mucha atenci\u00f3n e inter\u00e9s en esta actividad educativa.<\/p><p data-start=\"702\" data-end=\"942\">Agradecemos profundamente el compromiso, la creatividad y la buena disposici\u00f3n de nuestros apoderados, quienes hicieron posible esta instancia que fomenta el aprendizaje, la expresi\u00f3n y la valoraci\u00f3n de nuestro patrimonio cultural. \ud83c\udf3f\ud83c\udfb6\ud83d\udcd6<\/p>\t\t\t\t\t\t\t\t<\/div>\n\t\t\t\t<\/div>\n\t\t\t\t<\/div>\n\t\t<div class=\"elementor-element elementor-element-d836a5b e-con-full e-flex e-con e-child\" data-id=\"d836a5b\" data-element_type=\"container\" data-e-type=\"container\">\n\t\t\t\t<div class=\"elementor-element elementor-element-196f879 elementor-widget elementor-widget-video\" data-id=\"196f879\" data-element_type=\"widget\" data-e-type=\"widget\" data-settings=\"{&quot;youtube_url&quot;:&quot;https:\\\/\\\/www.youtube.com\\\/shorts\\\/ck1ulKbNwg8&quot;,&quot;video_type&quot;:&quot;youtube&quot;,&quot;controls&quot;:&quot;yes&quot;}\" data-widget_type=\"video.default\">\n\t\t\t\t<div class=\"elementor-widget-container\">\n\t\t\t\t\t\t\t<div class=\"elementor-wrapper elementor-open-inline\">\n\t\t\t<div class=\"elementor-video\"><\/div>\t\t<\/div>\n\t\t\t\t\t\t<\/div>\n\t\t\t\t<\/div>\n\t\t\t\t<\/div>\n\t\t\t\t\t<\/div>\n\t\t\t\t<\/div>\n\t\t\t\t<\/div>\n\t\t","protected":false},"excerpt":{"rendered":"<p>El pasado 14 de agosto, los ni\u00f1os y ni\u00f1as de K\u00ednder vivieron una enriquecedora experiencia al conocer la vida y obra de Gabriela Mistral y Violeta Parra, dos grandes mujeres que marcaron la historia y la cultura de nuestro pa\u00eds. Con gran entusiasmo y dedicaci\u00f3n, nuestras apoderadas se caracterizaron y dramatizaron a estas destacadas figuras, &#8230; <a title=\"Conociendo a dos grandes mujeres de nuestra historia \u2728\" class=\"read-more\" href=\"https:\/\/www.alcantara-alicante.cl\/alicante-valle\/2025\/08\/18\/conociendo-a-dos-grandes-mujeres-de-nuestra-historia-%e2%9c%a8\/\" aria-label=\"Leer m\u00e1s sobre Conociendo a dos grandes mujeres de nuestra historia \u2728\">Leer m\u00e1s<\/a><\/p>\n","protected":false},"author":4,"featured_media":2393,"comment_status":"open","ping_status":"open","sticky":false,"template":"","format":"standard","meta":{"footnotes":""},"categories":[14,11,17],"tags":[],"class_list":["post-2391","post","type-post","status-publish","format-standard","has-post-thumbnail","hentry","category-culturales","category-destacadas","category-noticias-parvulario"],"aioseo_notices":[],"_links":{"self":[{"href":"https:\/\/www.alcantara-alicante.cl\/alicante-valle\/wp-json\/wp\/v2\/posts\/2391","targetHints":{"allow":["GET"]}}],"collection":[{"href":"https:\/\/www.alcantara-alicante.cl\/alicante-valle\/wp-json\/wp\/v2\/posts"}],"about":[{"href":"https:\/\/www.alcantara-alicante.cl\/alicante-valle\/wp-json\/wp\/v2\/types\/post"}],"author":[{"embeddable":true,"href":"https:\/\/www.alcantara-alicante.cl\/alicante-valle\/wp-json\/wp\/v2\/users\/4"}],"replies":[{"embeddable":true,"href":"https:\/\/www.alcantara-alicante.cl\/alicante-valle\/wp-json\/wp\/v2\/comments?post=2391"}],"version-history":[{"count":4,"href":"https:\/\/www.alcantara-alicante.cl\/alicante-valle\/wp-json\/wp\/v2\/posts\/2391\/revisions"}],"predecessor-version":[{"id":2396,"href":"https:\/\/www.alcantara-alicante.cl\/alicante-valle\/wp-json\/wp\/v2\/posts\/2391\/revisions\/2396"}],"wp:featuredmedia":[{"embeddable":true,"href":"https:\/\/www.alcantara-alicante.cl\/alicante-valle\/wp-json\/wp\/v2\/media\/2393"}],"wp:attachment":[{"href":"https:\/\/www.alcantara-alicante.cl\/alicante-valle\/wp-json\/wp\/v2\/media?parent=2391"}],"wp:term":[{"taxonomy":"category","embeddable":true,"href":"https:\/\/www.alcantara-alicante.cl\/alicante-valle\/wp-json\/wp\/v2\/categories?post=2391"},{"taxonomy":"post_tag","embeddable":true,"href":"https:\/\/www.alcantara-alicante.cl\/alicante-valle\/wp-json\/wp\/v2\/tags?post=2391"}],"curies":[{"name":"wp","href":"https:\/\/api.w.org\/{rel}","templated":true}]}}