{"id":1035,"date":"2024-12-12T14:23:46","date_gmt":"2024-12-12T17:23:46","guid":{"rendered":"https:\/\/www.alcantara-alicante.cl\/alicante-valle\/2024\/12\/12\/termino-de-ciclo-para-los-kinder\/"},"modified":"2025-04-07T23:16:36","modified_gmt":"2025-04-08T03:16:36","slug":"termino-de-ciclo-para-los-kinder","status":"publish","type":"post","link":"https:\/\/www.alcantara-alicante.cl\/alicante-valle\/2024\/12\/12\/termino-de-ciclo-para-los-kinder\/","title":{"rendered":"T\u00e9rmino de ciclo para los k\u00ednder"},"content":{"rendered":"<p>El fin del a\u00f1o escolar en el nivel preescolar es siempre un momento lleno de emociones y aprendizajes significativos para los estudiantes de k\u00ednder. Durante el cierre de este ciclo, se llevaron a cabo jornadas de articulaci\u00f3n, en las que los ni\u00f1os participaron en actividades especiales. Tuvieron la oportunidad de asistir a clases en las salas de primero b\u00e1sico, explorar el patio donde jugaron y disfrutaron su colaci\u00f3n, y visitar la sala de profesores para conocer m\u00e1s sobre su pr\u00f3ximo entorno.<\/p>\n<p>\u00a0<\/p>\n<p>En una c\u00e1lida recepci\u00f3n, los alumnos de 1\u00ba b\u00e1sico 2024, junto con sus profesoras y la coordinadora, organizaron un acto de bienvenida que incluy\u00f3 un emotivo discurso en honor a los peque\u00f1os que pronto formar\u00e1n parte de esta nueva etapa educativa.<\/p>\n<p>\u00a0<\/p>\n<p>Por otro lado, los estudiantes de prek\u00ednder despidieron con cari\u00f1o a sus compa\u00f1eros y compa\u00f1eras de K\u00ednder 2024. Prepararon un hermoso acto que incluy\u00f3 bailes y canciones, adem\u00e1s de disfrutar juntos de una convivencia especial. Agradecemos profundamente a las profesoras y apoderados de prek\u00ednder por organizar tan linda instancia de encuentro.<\/p>\n<p><a href=\"https:\/\/www.alcantara-alicante.cl\/alicante-valle\/wp-content\/uploads\/sites\/10\/2024\/12\/articulacion1.jpeg\" data-elementor-open-lightbox=\"yes\" data-elementor-lightbox-slideshow=\"02cb979\" data-elementor-lightbox-title=\"articulacion1\" data-e-action-hash=\"#elementor-action%3Aaction%3Dlightbox%26settings%3DeyJpZCI6MjQzMjQsInVybCI6Imh0dHBzOlwvXC93d3cuYWxjYW50YXJhLWFsaWNhbnRlLmNsXC9hbGljYW50ZS12YWxsZVwvd3AtY29udGVudFwvdXBsb2Fkc1wvc2l0ZXNcLzEwXC8yMDI0XC8xMlwvYXJ0aWN1bGFjaW9uMS5qcGVnIiwic2xpZGVzaG93IjoiMDJjYjk3OSJ9\"><br \/>\n<\/a><br \/>\n<a href=\"https:\/\/www.alcantara-alicante.cl\/alicante-valle\/wp-content\/uploads\/sites\/10\/2024\/12\/articulacion2.jpeg\" data-elementor-open-lightbox=\"yes\" data-elementor-lightbox-slideshow=\"02cb979\" data-elementor-lightbox-title=\"articulacion2\" data-e-action-hash=\"#elementor-action%3Aaction%3Dlightbox%26settings%3DeyJpZCI6MjQzMjUsInVybCI6Imh0dHBzOlwvXC93d3cuYWxjYW50YXJhLWFsaWNhbnRlLmNsXC9hbGljYW50ZS12YWxsZVwvd3AtY29udGVudFwvdXBsb2Fkc1wvc2l0ZXNcLzEwXC8yMDI0XC8xMlwvYXJ0aWN1bGFjaW9uMi5qcGVnIiwic2xpZGVzaG93IjoiMDJjYjk3OSJ9\"><br \/>\n<\/a><br \/>\n<a href=\"https:\/\/www.alcantara-alicante.cl\/alicante-valle\/wp-content\/uploads\/sites\/10\/2024\/12\/articulacion4.jpeg\" data-elementor-open-lightbox=\"yes\" data-elementor-lightbox-slideshow=\"02cb979\" data-elementor-lightbox-title=\"articulacion4\" data-e-action-hash=\"#elementor-action%3Aaction%3Dlightbox%26settings%3DeyJpZCI6MjQzMjYsInVybCI6Imh0dHBzOlwvXC93d3cuYWxjYW50YXJhLWFsaWNhbnRlLmNsXC9hbGljYW50ZS12YWxsZVwvd3AtY29udGVudFwvdXBsb2Fkc1wvc2l0ZXNcLzEwXC8yMDI0XC8xMlwvYXJ0aWN1bGFjaW9uNC5qcGVnIiwic2xpZGVzaG93IjoiMDJjYjk3OSJ9\"><br \/>\n<\/a><br \/>\n<a href=\"https:\/\/www.alcantara-alicante.cl\/alicante-valle\/wp-content\/uploads\/sites\/10\/2024\/12\/articulacion5.jpeg\" data-elementor-open-lightbox=\"yes\" data-elementor-lightbox-slideshow=\"02cb979\" data-elementor-lightbox-title=\"articulacion5\" data-e-action-hash=\"#elementor-action%3Aaction%3Dlightbox%26settings%3DeyJpZCI6MjQzMjcsInVybCI6Imh0dHBzOlwvXC93d3cuYWxjYW50YXJhLWFsaWNhbnRlLmNsXC9hbGljYW50ZS12YWxsZVwvd3AtY29udGVudFwvdXBsb2Fkc1wvc2l0ZXNcLzEwXC8yMDI0XC8xMlwvYXJ0aWN1bGFjaW9uNS5qcGVnIiwic2xpZGVzaG93IjoiMDJjYjk3OSJ9\"><br \/>\n<\/a><br \/>\n<a href=\"https:\/\/www.alcantara-alicante.cl\/alicante-valle\/wp-content\/uploads\/sites\/10\/2024\/12\/articulacion6.jpeg\" data-elementor-open-lightbox=\"yes\" data-elementor-lightbox-slideshow=\"02cb979\" data-elementor-lightbox-title=\"articulacion6\" data-e-action-hash=\"#elementor-action%3Aaction%3Dlightbox%26settings%3DeyJpZCI6MjQzMjgsInVybCI6Imh0dHBzOlwvXC93d3cuYWxjYW50YXJhLWFsaWNhbnRlLmNsXC9hbGljYW50ZS12YWxsZVwvd3AtY29udGVudFwvdXBsb2Fkc1wvc2l0ZXNcLzEwXC8yMDI0XC8xMlwvYXJ0aWN1bGFjaW9uNi5qcGVnIiwic2xpZGVzaG93IjoiMDJjYjk3OSJ9\"><br \/>\n<\/a><br \/>\n<a href=\"https:\/\/www.alcantara-alicante.cl\/alicante-valle\/wp-content\/uploads\/sites\/10\/2024\/12\/articulacion7.jpeg\" data-elementor-open-lightbox=\"yes\" data-elementor-lightbox-slideshow=\"02cb979\" data-elementor-lightbox-title=\"articulacion7\" data-e-action-hash=\"#elementor-action%3Aaction%3Dlightbox%26settings%3DeyJpZCI6MjQzMjksInVybCI6Imh0dHBzOlwvXC93d3cuYWxjYW50YXJhLWFsaWNhbnRlLmNsXC9hbGljYW50ZS12YWxsZVwvd3AtY29udGVudFwvdXBsb2Fkc1wvc2l0ZXNcLzEwXC8yMDI0XC8xMlwvYXJ0aWN1bGFjaW9uNy5qcGVnIiwic2xpZGVzaG93IjoiMDJjYjk3OSJ9\"><br \/>\n<\/a><br \/>\n<a href=\"https:\/\/www.alcantara-alicante.cl\/alicante-valle\/wp-content\/uploads\/sites\/10\/2024\/12\/articulacion8.jpeg\" data-elementor-open-lightbox=\"yes\" data-elementor-lightbox-slideshow=\"02cb979\" data-elementor-lightbox-title=\"articulacion8\" data-e-action-hash=\"#elementor-action%3Aaction%3Dlightbox%26settings%3DeyJpZCI6MjQzMzAsInVybCI6Imh0dHBzOlwvXC93d3cuYWxjYW50YXJhLWFsaWNhbnRlLmNsXC9hbGljYW50ZS12YWxsZVwvd3AtY29udGVudFwvdXBsb2Fkc1wvc2l0ZXNcLzEwXC8yMDI0XC8xMlwvYXJ0aWN1bGFjaW9uOC5qcGVnIiwic2xpZGVzaG93IjoiMDJjYjk3OSJ9\"><br \/>\n<\/a><br \/>\n<a href=\"https:\/\/www.alcantara-alicante.cl\/alicante-valle\/wp-content\/uploads\/sites\/10\/2024\/12\/articulacion10.jpeg\" data-elementor-open-lightbox=\"yes\" data-elementor-lightbox-slideshow=\"02cb979\" data-elementor-lightbox-title=\"articulacion10\" data-e-action-hash=\"#elementor-action%3Aaction%3Dlightbox%26settings%3DeyJpZCI6MjQzMzEsInVybCI6Imh0dHBzOlwvXC93d3cuYWxjYW50YXJhLWFsaWNhbnRlLmNsXC9hbGljYW50ZS12YWxsZVwvd3AtY29udGVudFwvdXBsb2Fkc1wvc2l0ZXNcLzEwXC8yMDI0XC8xMlwvYXJ0aWN1bGFjaW9uMTAuanBlZyIsInNsaWRlc2hvdyI6IjAyY2I5NzkifQ%3D%3D\"><br \/>\n<\/a><br \/>\n<a href=\"https:\/\/www.alcantara-alicante.cl\/alicante-valle\/wp-content\/uploads\/sites\/10\/2024\/12\/articulacion11.jpeg\" data-elementor-open-lightbox=\"yes\" data-elementor-lightbox-slideshow=\"02cb979\" data-elementor-lightbox-title=\"articulacion11\" data-e-action-hash=\"#elementor-action%3Aaction%3Dlightbox%26settings%3DeyJpZCI6MjQzMzIsInVybCI6Imh0dHBzOlwvXC93d3cuYWxjYW50YXJhLWFsaWNhbnRlLmNsXC9hbGljYW50ZS12YWxsZVwvd3AtY29udGVudFwvdXBsb2Fkc1wvc2l0ZXNcLzEwXC8yMDI0XC8xMlwvYXJ0aWN1bGFjaW9uMTEuanBlZyIsInNsaWRlc2hvdyI6IjAyY2I5NzkifQ%3D%3D\"><br \/>\n<\/a><br \/>\n<a href=\"https:\/\/www.alcantara-alicante.cl\/alicante-valle\/wp-content\/uploads\/sites\/10\/2024\/12\/articulacion13.jpeg\" data-elementor-open-lightbox=\"yes\" data-elementor-lightbox-slideshow=\"02cb979\" data-elementor-lightbox-title=\"articulacion13\" data-e-action-hash=\"#elementor-action%3Aaction%3Dlightbox%26settings%3DeyJpZCI6MjQzMzMsInVybCI6Imh0dHBzOlwvXC93d3cuYWxjYW50YXJhLWFsaWNhbnRlLmNsXC9hbGljYW50ZS12YWxsZVwvd3AtY29udGVudFwvdXBsb2Fkc1wvc2l0ZXNcLzEwXC8yMDI0XC8xMlwvYXJ0aWN1bGFjaW9uMTMuanBlZyIsInNsaWRlc2hvdyI6IjAyY2I5NzkifQ%3D%3D\"><br \/>\n<\/a><br \/>\n<a href=\"https:\/\/www.alcantara-alicante.cl\/alicante-valle\/wp-content\/uploads\/sites\/10\/2024\/12\/articulacion14.jpeg\" data-elementor-open-lightbox=\"yes\" data-elementor-lightbox-slideshow=\"02cb979\" data-elementor-lightbox-title=\"articulacion14\" data-e-action-hash=\"#elementor-action%3Aaction%3Dlightbox%26settings%3DeyJpZCI6MjQzMzQsInVybCI6Imh0dHBzOlwvXC93d3cuYWxjYW50YXJhLWFsaWNhbnRlLmNsXC9hbGljYW50ZS12YWxsZVwvd3AtY29udGVudFwvdXBsb2Fkc1wvc2l0ZXNcLzEwXC8yMDI0XC8xMlwvYXJ0aWN1bGFjaW9uMTQuanBlZyIsInNsaWRlc2hvdyI6IjAyY2I5NzkifQ%3D%3D\"><br \/>\n<\/a><br \/>\n<a href=\"https:\/\/www.alcantara-alicante.cl\/alicante-valle\/wp-content\/uploads\/sites\/10\/2024\/12\/articulacion15.jpeg\" data-elementor-open-lightbox=\"yes\" data-elementor-lightbox-slideshow=\"02cb979\" data-elementor-lightbox-title=\"articulacion15\" data-e-action-hash=\"#elementor-action%3Aaction%3Dlightbox%26settings%3DeyJpZCI6MjQzMzUsInVybCI6Imh0dHBzOlwvXC93d3cuYWxjYW50YXJhLWFsaWNhbnRlLmNsXC9hbGljYW50ZS12YWxsZVwvd3AtY29udGVudFwvdXBsb2Fkc1wvc2l0ZXNcLzEwXC8yMDI0XC8xMlwvYXJ0aWN1bGFjaW9uMTUuanBlZyIsInNsaWRlc2hvdyI6IjAyY2I5NzkifQ%3D%3D\"><br \/>\n<\/a><\/p>\n","protected":false},"excerpt":{"rendered":"<p>El fin del a\u00f1o escolar en el nivel preescolar es siempre un momento lleno de emociones y aprendizajes significativos para los estudiantes de k\u00ednder. Durante el cierre de este ciclo, se llevaron a cabo jornadas de articulaci\u00f3n, en las que los ni\u00f1os participaron en actividades especiales. Tuvieron la oportunidad de asistir a clases en las &#8230; <a title=\"T\u00e9rmino de ciclo para los k\u00ednder\" class=\"read-more\" href=\"https:\/\/www.alcantara-alicante.cl\/alicante-valle\/2024\/12\/12\/termino-de-ciclo-para-los-kinder\/\" aria-label=\"Leer m\u00e1s sobre T\u00e9rmino de ciclo para los k\u00ednder\">Leer m\u00e1s<\/a><\/p>\n","protected":false},"author":1,"featured_media":1036,"comment_status":"open","ping_status":"open","sticky":false,"template":"","format":"standard","meta":{"footnotes":""},"categories":[1],"tags":[],"class_list":["post-1035","post","type-post","status-publish","format-standard","has-post-thumbnail","hentry","category-sin-categoria"],"aioseo_notices":[],"_links":{"self":[{"href":"https:\/\/www.alcantara-alicante.cl\/alicante-valle\/wp-json\/wp\/v2\/posts\/1035","targetHints":{"allow":["GET"]}}],"collection":[{"href":"https:\/\/www.alcantara-alicante.cl\/alicante-valle\/wp-json\/wp\/v2\/posts"}],"about":[{"href":"https:\/\/www.alcantara-alicante.cl\/alicante-valle\/wp-json\/wp\/v2\/types\/post"}],"author":[{"embeddable":true,"href":"https:\/\/www.alcantara-alicante.cl\/alicante-valle\/wp-json\/wp\/v2\/users\/1"}],"replies":[{"embeddable":true,"href":"https:\/\/www.alcantara-alicante.cl\/alicante-valle\/wp-json\/wp\/v2\/comments?post=1035"}],"version-history":[{"count":0,"href":"https:\/\/www.alcantara-alicante.cl\/alicante-valle\/wp-json\/wp\/v2\/posts\/1035\/revisions"}],"wp:featuredmedia":[{"embeddable":true,"href":"https:\/\/www.alcantara-alicante.cl\/alicante-valle\/wp-json\/wp\/v2\/media\/1036"}],"wp:attachment":[{"href":"https:\/\/www.alcantara-alicante.cl\/alicante-valle\/wp-json\/wp\/v2\/media?parent=1035"}],"wp:term":[{"taxonomy":"category","embeddable":true,"href":"https:\/\/www.alcantara-alicante.cl\/alicante-valle\/wp-json\/wp\/v2\/categories?post=1035"},{"taxonomy":"post_tag","embeddable":true,"href":"https:\/\/www.alcantara-alicante.cl\/alicante-valle\/wp-json\/wp\/v2\/tags?post=1035"}],"curies":[{"name":"wp","href":"https:\/\/api.w.org\/{rel}","templated":true}]}}