{"id":553,"date":"2021-05-14T02:14:01","date_gmt":"2021-05-14T06:14:01","guid":{"rendered":"https:\/\/www.alcantara-alicante.cl\/alicante-sol\/2021\/05\/14\/dia-del-estudiante-2021-educacion-media\/"},"modified":"2025-04-07T23:29:46","modified_gmt":"2025-04-08T03:29:46","slug":"dia-del-estudiante-2021-educacion-media","status":"publish","type":"post","link":"https:\/\/www.alcantara-alicante.cl\/alicante-sol\/2021\/05\/14\/dia-del-estudiante-2021-educacion-media\/","title":{"rendered":"D\u00eda del estudiante 2021: Educaci\u00f3n Media"},"content":{"rendered":"<p data-ogsb=\"rgb(254, 254, 254)\">Estimados apoderados:\u00a0<\/p>\n<p data-ogsb=\"rgb(254, 254, 254)\">\u00a0\u00a0<\/p>\n<p data-ogsb=\"rgb(254, 254, 254)\">Junto con saludar y esperando que se encuentren bien, queremos compartir con ustedes un saludo del equipo de profesores y profesoras de ense\u00f1anza media para nuestros estudiantes y sus familias con motivo de la celebraci\u00f3n del D\u00eda del Estudiante.\u00a0\u00a0<\/p>\n<p>https:\/\/www.youtube.com\/watch?v=BMA0R00P4RI<\/p>\n","protected":false},"excerpt":{"rendered":"<p>Estimados apoderados:\u00a0 \u00a0\u00a0 Junto con saludar y esperando que se encuentren bien, queremos compartir con ustedes un saludo del equipo de profesores y profesoras de ense\u00f1anza media para nuestros estudiantes y sus familias con motivo de la celebraci\u00f3n del D\u00eda del Estudiante.\u00a0\u00a0 https:\/\/www.youtube.com\/watch?v=BMA0R00P4RI<\/p>\n","protected":false},"author":1,"featured_media":554,"comment_status":"open","ping_status":"open","sticky":false,"template":"","format":"standard","meta":{"footnotes":""},"categories":[15,10],"tags":[],"class_list":["post-553","post","type-post","status-publish","format-standard","has-post-thumbnail","hentry","category-culturales","category-destacadas"],"aioseo_notices":[],"_links":{"self":[{"href":"https:\/\/www.alcantara-alicante.cl\/alicante-sol\/wp-json\/wp\/v2\/posts\/553","targetHints":{"allow":["GET"]}}],"collection":[{"href":"https:\/\/www.alcantara-alicante.cl\/alicante-sol\/wp-json\/wp\/v2\/posts"}],"about":[{"href":"https:\/\/www.alcantara-alicante.cl\/alicante-sol\/wp-json\/wp\/v2\/types\/post"}],"author":[{"embeddable":true,"href":"https:\/\/www.alcantara-alicante.cl\/alicante-sol\/wp-json\/wp\/v2\/users\/1"}],"replies":[{"embeddable":true,"href":"https:\/\/www.alcantara-alicante.cl\/alicante-sol\/wp-json\/wp\/v2\/comments?post=553"}],"version-history":[{"count":0,"href":"https:\/\/www.alcantara-alicante.cl\/alicante-sol\/wp-json\/wp\/v2\/posts\/553\/revisions"}],"wp:featuredmedia":[{"embeddable":true,"href":"https:\/\/www.alcantara-alicante.cl\/alicante-sol\/wp-json\/wp\/v2\/media\/554"}],"wp:attachment":[{"href":"https:\/\/www.alcantara-alicante.cl\/alicante-sol\/wp-json\/wp\/v2\/media?parent=553"}],"wp:term":[{"taxonomy":"category","embeddable":true,"href":"https:\/\/www.alcantara-alicante.cl\/alicante-sol\/wp-json\/wp\/v2\/categories?post=553"},{"taxonomy":"post_tag","embeddable":true,"href":"https:\/\/www.alcantara-alicante.cl\/alicante-sol\/wp-json\/wp\/v2\/tags?post=553"}],"curies":[{"name":"wp","href":"https:\/\/api.w.org\/{rel}","templated":true}]}}