{"id":551,"date":"2021-05-14T02:09:03","date_gmt":"2021-05-14T06:09:03","guid":{"rendered":"https:\/\/www.alcantara-alicante.cl\/alicante-sol\/2021\/05\/14\/dia-del-estudiante-2021\/"},"modified":"2025-04-07T23:29:46","modified_gmt":"2025-04-08T03:29:46","slug":"dia-del-estudiante-2021","status":"publish","type":"post","link":"https:\/\/www.alcantara-alicante.cl\/alicante-sol\/2021\/05\/14\/dia-del-estudiante-2021\/","title":{"rendered":"D\u00eda del estudiante 2021"},"content":{"rendered":"<p data-ogsc=\"rgb(10, 10, 10)\" data-ogsb=\"rgb(254, 254, 254)\">Estimados apoderados:<\/p>\n<p data-ogsc=\"rgb(10, 10, 10)\" data-ogsb=\"rgb(254, 254, 254)\">\n<p data-ogsc=\"rgb(10, 10, 10)\" data-ogsb=\"rgb(254, 254, 254)\">Junto con saludar y esperando que se encuentren bien, queremos compartir con ustedes un saludo del equipo directivo con motivo de la celebraci\u00f3n del D\u00eda del Estudiante.<\/p>\n<p data-ogsc=\"rgb(10, 10, 10)\" data-ogsb=\"rgb(254, 254, 254)\">\n<p data-ogsc=\"rgb(10, 10, 10)\" data-ogsb=\"rgb(254, 254, 254)\">A trav\u00e9s de este video, que hemos grabado y editado con mucho cari\u00f1o, queremos manifestar que estamos orgullosos del sacrificio y la perseverancia que han demostrado nuestros estudiantes en sus clases online, lo cual nos motiva y nos compromete a seguir trabajando con m\u00e1s fuerza para continuar brind\u00e1ndoles educaci\u00f3n de calidad.<\/p>\n<p data-ogsc=\"rgb(10, 10, 10)\" data-ogsb=\"rgb(254, 254, 254)\">\n<p data-ogsc=\"rgb(10, 10, 10)\" data-ogsb=\"rgb(254, 254, 254)\">Al mismo tiempo, queremos contarles que estamos concentrando todas nuestras energ\u00edas y esfuerzos en dise\u00f1ar un modelo de regreso a clases presenciales s\u00f3lido que est\u00e9 acompa\u00f1ado de mayor implementaci\u00f3n tecnol\u00f3gica. Todas estas novedades se las daremos a conocer en detalle cuando llegue el momento.<\/p>\n<p><iframe title=\"\u00a1Feliz d\u00eda del Estudiante 2021! (Saludo Equipo Directivo ALISOL)\" width=\"1200\" height=\"675\" src=\"https:\/\/www.youtube.com\/embed\/hukG9RYi3sg?feature=oembed\" frameborder=\"0\" allow=\"accelerometer; autoplay; clipboard-write; encrypted-media; gyroscope; picture-in-picture; web-share\" referrerpolicy=\"strict-origin-when-cross-origin\" allowfullscreen><\/iframe><\/p>\n","protected":false},"excerpt":{"rendered":"<p>Estimados apoderados: Junto con saludar y esperando que se encuentren bien, queremos compartir con ustedes un saludo del equipo directivo con motivo de la celebraci\u00f3n del D\u00eda del Estudiante. A trav\u00e9s de este video, que hemos grabado y editado con mucho cari\u00f1o, queremos manifestar que estamos orgullosos del sacrificio y la perseverancia que han demostrado &#8230; <a title=\"D\u00eda del estudiante 2021\" class=\"read-more\" href=\"https:\/\/www.alcantara-alicante.cl\/alicante-sol\/2021\/05\/14\/dia-del-estudiante-2021\/\" aria-label=\"Leer m\u00e1s sobre D\u00eda del estudiante 2021\">Leer m\u00e1s<\/a><\/p>\n","protected":false},"author":1,"featured_media":552,"comment_status":"open","ping_status":"open","sticky":false,"template":"","format":"standard","meta":{"footnotes":""},"categories":[17,10,18],"tags":[],"class_list":["post-551","post","type-post","status-publish","format-standard","has-post-thumbnail","hentry","category-convivencia-escolar","category-destacadas","category-noticias"],"aioseo_notices":[],"_links":{"self":[{"href":"https:\/\/www.alcantara-alicante.cl\/alicante-sol\/wp-json\/wp\/v2\/posts\/551","targetHints":{"allow":["GET"]}}],"collection":[{"href":"https:\/\/www.alcantara-alicante.cl\/alicante-sol\/wp-json\/wp\/v2\/posts"}],"about":[{"href":"https:\/\/www.alcantara-alicante.cl\/alicante-sol\/wp-json\/wp\/v2\/types\/post"}],"author":[{"embeddable":true,"href":"https:\/\/www.alcantara-alicante.cl\/alicante-sol\/wp-json\/wp\/v2\/users\/1"}],"replies":[{"embeddable":true,"href":"https:\/\/www.alcantara-alicante.cl\/alicante-sol\/wp-json\/wp\/v2\/comments?post=551"}],"version-history":[{"count":0,"href":"https:\/\/www.alcantara-alicante.cl\/alicante-sol\/wp-json\/wp\/v2\/posts\/551\/revisions"}],"wp:featuredmedia":[{"embeddable":true,"href":"https:\/\/www.alcantara-alicante.cl\/alicante-sol\/wp-json\/wp\/v2\/media\/552"}],"wp:attachment":[{"href":"https:\/\/www.alcantara-alicante.cl\/alicante-sol\/wp-json\/wp\/v2\/media?parent=551"}],"wp:term":[{"taxonomy":"category","embeddable":true,"href":"https:\/\/www.alcantara-alicante.cl\/alicante-sol\/wp-json\/wp\/v2\/categories?post=551"},{"taxonomy":"post_tag","embeddable":true,"href":"https:\/\/www.alcantara-alicante.cl\/alicante-sol\/wp-json\/wp\/v2\/tags?post=551"}],"curies":[{"name":"wp","href":"https:\/\/api.w.org\/{rel}","templated":true}]}}