{"id":542,"date":"2021-05-05T14:35:40","date_gmt":"2021-05-05T18:35:40","guid":{"rendered":"https:\/\/www.alcantara-alicante.cl\/alicante-sol\/2021\/05\/05\/te-invitamos-a-participar-de-santiago-en-100-palabras\/"},"modified":"2025-04-07T23:29:45","modified_gmt":"2025-04-08T03:29:45","slug":"te-invitamos-a-participar-de-santiago-en-100-palabras","status":"publish","type":"post","link":"https:\/\/www.alcantara-alicante.cl\/alicante-sol\/2021\/05\/05\/te-invitamos-a-participar-de-santiago-en-100-palabras\/","title":{"rendered":"Te invitamos a participar de: \u00abSantiago en 100 palabras\u00bb"},"content":{"rendered":"<p data-ogsc=\"rgb(10, 10, 10)\" data-ogsb=\"rgb(254, 254, 254)\">Estimados apoderados:<\/p>\n<p data-ogsc=\"rgb(10, 10, 10)\" data-ogsb=\"rgb(254, 254, 254)\">\u00a0<\/p>\n<p data-ogsc=\"rgb(10, 10, 10)\" data-ogsb=\"rgb(254, 254, 254)\">Soy Jorge Gonz\u00e1lez T. Subdirector Acad\u00e9mico del Colegio Alicante del Sol, y esperando que se encuentren bien, me es grato informar que la convocatoria para el concurso de microcuentos \u201cSantiago en 100 Palabras\u201d se encuentra abierta, por lo que hacemos extensiva la invitaci\u00f3n para que motiven a sus hijos e hijas a participar en las categor\u00edas Talento Infantil y Talento Joven. Las bases del concurso se encuentran en el folleto adjunto m\u00e1s abajo en este post.<\/p>\n<p data-ogsc=\"rgb(10, 10, 10)\" data-ogsb=\"rgb(254, 254, 254)\">\u00a0<\/p>\n<p data-ogsc=\"rgb(10, 10, 10)\" data-ogsb=\"rgb(254, 254, 254)\">Cabe destacar que nuestro colegio ha sido galardonado por dos a\u00f1os consecutivos como el establecimiento educacional de la Regi\u00f3n Metropolitana que m\u00e1s cuentos envi\u00f3. Adicionalmente, el a\u00f1o pasado nuestra estudiante de Tercero Medio B, Josefa Salgado Zambrano, obtuvo el premio al Talento Joven y el Premio del P\u00fablico, consiguiendo gran reconocimiento y notoriedad en los medios de comunicaci\u00f3n a nivel nacional. Los invitamos a ver el siguiente video, en donde Josefa motiva a la comunidad educativa a participar y a so\u00f1ar en grande:<\/p>\n<p data-ogsc=\"rgb(10, 10, 10)\" data-ogsb=\"rgb(254, 254, 254)\">\u00a0<\/p>\n<p data-ogsc=\"rgb(10, 10, 10)\" data-ogsb=\"rgb(254, 254, 254)\"><iframe title=\"\u00a1Josefa te invita a participar de &quot;Santiago en 100 palabras&quot;\" width=\"1200\" height=\"675\" src=\"https:\/\/www.youtube.com\/embed\/3X559My5Zh8?feature=oembed\" frameborder=\"0\" allow=\"accelerometer; autoplay; clipboard-write; encrypted-media; gyroscope; picture-in-picture; web-share\" referrerpolicy=\"strict-origin-when-cross-origin\" allowfullscreen><\/iframe><\/p>\n<p><img loading=\"lazy\" decoding=\"async\" width=\"1024\" height=\"1024\" src=\"https:\/\/www.alcantara-alicante.cl\/alicante-sol\/wp-content\/uploads\/sites\/9\/site\/\/1\/\u00a1Envianos-tus-cuentos-y-participa-en-Santiago-en-100-palabras_1.jpg\" alt=\"\" loading=\"lazy\" \/><br \/>\n<img loading=\"lazy\" decoding=\"async\" width=\"1024\" height=\"1024\" src=\"https:\/\/www.alcantara-alicante.cl\/alicante-sol\/wp-content\/uploads\/sites\/9\/site\/\/1\/\u00a1Envianos-tus-cuentos-y-participa-en-Santiago-en-100-palabras_2.jpg\" alt=\"\" loading=\"lazy\" \/><\/p>\n<h1 data-ogsc=\"rgb(10, 10, 10)\" data-ogsb=\"rgb(254, 254, 254)\">Para enviar tus cuentos, ingresa al siguiente link:<\/h1>\n<p data-ogsc=\"rgb(10, 10, 10)\" data-ogsb=\"rgb(254, 254, 254)\"><a id=\"LPlnk904949\" href=\"https:\/\/forms.office.com\/r\/mELDgFhy8v\" target=\"_blank\" rel=\"noopener noreferrer\" data-auth=\"NotApplicable\" data-linkindex=\"0\" data-ogsc=\"\"><strong>https:\/\/forms.office.com\/r\/mELDgFhy8v<\/strong><\/a><\/p>\n","protected":false},"excerpt":{"rendered":"<p>Estimados apoderados: \u00a0 Soy Jorge Gonz\u00e1lez T. Subdirector Acad\u00e9mico del Colegio Alicante del Sol, y esperando que se encuentren bien, me es grato informar que la convocatoria para el concurso de microcuentos \u201cSantiago en 100 Palabras\u201d se encuentra abierta, por lo que hacemos extensiva la invitaci\u00f3n para que motiven a sus hijos e hijas a &#8230; <a title=\"Te invitamos a participar de: \u00abSantiago en 100 palabras\u00bb\" class=\"read-more\" href=\"https:\/\/www.alcantara-alicante.cl\/alicante-sol\/2021\/05\/05\/te-invitamos-a-participar-de-santiago-en-100-palabras\/\" aria-label=\"Leer m\u00e1s sobre Te invitamos a participar de: \u00abSantiago en 100 palabras\u00bb\">Leer m\u00e1s<\/a><\/p>\n","protected":false},"author":1,"featured_media":543,"comment_status":"open","ping_status":"open","sticky":false,"template":"","format":"standard","meta":{"footnotes":""},"categories":[16,15,10],"tags":[],"class_list":["post-542","post","type-post","status-publish","format-standard","has-post-thumbnail","hentry","category-arte","category-culturales","category-destacadas"],"aioseo_notices":[],"_links":{"self":[{"href":"https:\/\/www.alcantara-alicante.cl\/alicante-sol\/wp-json\/wp\/v2\/posts\/542","targetHints":{"allow":["GET"]}}],"collection":[{"href":"https:\/\/www.alcantara-alicante.cl\/alicante-sol\/wp-json\/wp\/v2\/posts"}],"about":[{"href":"https:\/\/www.alcantara-alicante.cl\/alicante-sol\/wp-json\/wp\/v2\/types\/post"}],"author":[{"embeddable":true,"href":"https:\/\/www.alcantara-alicante.cl\/alicante-sol\/wp-json\/wp\/v2\/users\/1"}],"replies":[{"embeddable":true,"href":"https:\/\/www.alcantara-alicante.cl\/alicante-sol\/wp-json\/wp\/v2\/comments?post=542"}],"version-history":[{"count":0,"href":"https:\/\/www.alcantara-alicante.cl\/alicante-sol\/wp-json\/wp\/v2\/posts\/542\/revisions"}],"wp:featuredmedia":[{"embeddable":true,"href":"https:\/\/www.alcantara-alicante.cl\/alicante-sol\/wp-json\/wp\/v2\/media\/543"}],"wp:attachment":[{"href":"https:\/\/www.alcantara-alicante.cl\/alicante-sol\/wp-json\/wp\/v2\/media?parent=542"}],"wp:term":[{"taxonomy":"category","embeddable":true,"href":"https:\/\/www.alcantara-alicante.cl\/alicante-sol\/wp-json\/wp\/v2\/categories?post=542"},{"taxonomy":"post_tag","embeddable":true,"href":"https:\/\/www.alcantara-alicante.cl\/alicante-sol\/wp-json\/wp\/v2\/tags?post=542"}],"curies":[{"name":"wp","href":"https:\/\/api.w.org\/{rel}","templated":true}]}}