{"id":538,"date":"2021-04-29T16:25:37","date_gmt":"2021-04-29T20:25:37","guid":{"rendered":"https:\/\/www.alcantara-alicante.cl\/alicante-sol\/2021\/04\/29\/comunicado-n10-celebracion-dia-del-libro-y-derechos-de-autor\/"},"modified":"2025-04-07T23:29:42","modified_gmt":"2025-04-08T03:29:42","slug":"comunicado-n10-celebracion-dia-del-libro-y-derechos-de-autor","status":"publish","type":"post","link":"https:\/\/www.alcantara-alicante.cl\/alicante-sol\/2021\/04\/29\/comunicado-n10-celebracion-dia-del-libro-y-derechos-de-autor\/","title":{"rendered":"Comunicado n\u00b010: celebraci\u00f3n D\u00eda del libro y derechos de autor"},"content":{"rendered":"<p data-ogsc=\"rgb(10, 10, 10)\"><strong>Estimado apoderados(as):<\/strong><\/p>\n<p data-ogsc=\"rgb(10, 10, 10)\">\u00a0<\/p>\n<p data-ogsc=\"rgb(10, 10, 10)\">Quisi\u00e9ramos compartir con ustedes las actividades que realizaremos para celebrar este a\u00f1o el D\u00eda del libro y Derechos del Autor, junto a nuestros estudiantes y docentes del equipo.<\/p>\n<p data-ogsc=\"rgb(10, 10, 10)\">\u00a0<\/p>\n<p data-ogsc=\"rgb(10, 10, 10)\">Si bien los estudiantes se han informado de estas, en las clases de las asignaturas durante esta semana, es importante como siempre que nos acompa\u00f1en y motiven a nuestros estudiantes a participar e invitarlos tambi\u00e9n a ustedes a hacerlos en algunos de ellas.<\/p>\n<p data-ogsc=\"rgb(10, 10, 10)\">\u00a0<\/p>\n<p data-ogsc=\"rgb(10, 10, 10)\">Encontrar\u00e1n esta informaci\u00f3n en los archivos adjuntos, tambi\u00e9n en el Instagram del colegio<\/p>\n<p data-ogsc=\"rgb(10, 10, 10)\"><b>colegioalicantedelsol\u00a0 <\/b>y del ciclo <b>coordacademica2ciclo_ali_sol<\/b>, que tiene como objetivo la difusi\u00f3n de las actividades de nuestro ciclo y del colegio.<\/p>\n<p data-ogsc=\"rgb(10, 10, 10)\">\u00a0<\/p>\n<p data-ogsc=\"rgb(10, 10, 10)\"><a href=\"https:\/\/www.alcantara-alicante.cl\/alicante-sol\/wp-content\/uploads\/sites\/9\/site\/\/1\/iconopdf-e1617582936524.png\"><img decoding=\"async\" src=\"https:\/\/www.alcantara-alicante.cl\/alicante-sol\/wp-content\/uploads\/sites\/9\/site\/\/1\/iconopdf-e1617582936524.png\" alt=\"\" width=\"30\" height=\"32\" \/><\/a><a href=\"https:\/\/www.alcantara-alicante.cl\/alicante-sol\/wp-content\/uploads\/sites\/11\/2021\/04\/Dia-del-Libro-2021.pptx\" target=\"_blank\" rel=\"noopener\"><strong>Abrir presentaci\u00f3n D\u00eda del Libro 2021<\/strong><\/a><\/p>\n<p data-ogsc=\"rgb(10, 10, 10)\">\u00a0<\/p>\n<p data-ogsc=\"rgb(10, 10, 10)\">Saludos cordiales<\/p>\n<p data-ogsc=\"rgb(10, 10, 10)\">Soledad Alegr\u00eda Concha<\/p>\n<p data-ogsc=\"rgb(10, 10, 10)\">Coordinaci\u00f3n \u00a0Acad\u00e9mica-2\u00ba Ciclo de Ed. B\u00e1sica<\/p>\n","protected":false},"excerpt":{"rendered":"<p>Estimado apoderados(as): \u00a0 Quisi\u00e9ramos compartir con ustedes las actividades que realizaremos para celebrar este a\u00f1o el D\u00eda del libro y Derechos del Autor, junto a nuestros estudiantes y docentes del equipo. \u00a0 Si bien los estudiantes se han informado de estas, en las clases de las asignaturas durante esta semana, es importante como siempre que &#8230; <a title=\"Comunicado n\u00b010: celebraci\u00f3n D\u00eda del libro y derechos de autor\" class=\"read-more\" href=\"https:\/\/www.alcantara-alicante.cl\/alicante-sol\/2021\/04\/29\/comunicado-n10-celebracion-dia-del-libro-y-derechos-de-autor\/\" aria-label=\"Leer m\u00e1s sobre Comunicado n\u00b010: celebraci\u00f3n D\u00eda del libro y derechos de autor\">Leer m\u00e1s<\/a><\/p>\n","protected":false},"author":1,"featured_media":539,"comment_status":"open","ping_status":"open","sticky":false,"template":"","format":"standard","meta":{"footnotes":""},"categories":[12,13,15,10],"tags":[],"class_list":["post-538","post","type-post","status-publish","format-standard","has-post-thumbnail","hentry","category-academicas","category-comunicado","category-culturales","category-destacadas"],"aioseo_notices":[],"_links":{"self":[{"href":"https:\/\/www.alcantara-alicante.cl\/alicante-sol\/wp-json\/wp\/v2\/posts\/538","targetHints":{"allow":["GET"]}}],"collection":[{"href":"https:\/\/www.alcantara-alicante.cl\/alicante-sol\/wp-json\/wp\/v2\/posts"}],"about":[{"href":"https:\/\/www.alcantara-alicante.cl\/alicante-sol\/wp-json\/wp\/v2\/types\/post"}],"author":[{"embeddable":true,"href":"https:\/\/www.alcantara-alicante.cl\/alicante-sol\/wp-json\/wp\/v2\/users\/1"}],"replies":[{"embeddable":true,"href":"https:\/\/www.alcantara-alicante.cl\/alicante-sol\/wp-json\/wp\/v2\/comments?post=538"}],"version-history":[{"count":0,"href":"https:\/\/www.alcantara-alicante.cl\/alicante-sol\/wp-json\/wp\/v2\/posts\/538\/revisions"}],"wp:featuredmedia":[{"embeddable":true,"href":"https:\/\/www.alcantara-alicante.cl\/alicante-sol\/wp-json\/wp\/v2\/media\/539"}],"wp:attachment":[{"href":"https:\/\/www.alcantara-alicante.cl\/alicante-sol\/wp-json\/wp\/v2\/media?parent=538"}],"wp:term":[{"taxonomy":"category","embeddable":true,"href":"https:\/\/www.alcantara-alicante.cl\/alicante-sol\/wp-json\/wp\/v2\/categories?post=538"},{"taxonomy":"post_tag","embeddable":true,"href":"https:\/\/www.alcantara-alicante.cl\/alicante-sol\/wp-json\/wp\/v2\/tags?post=538"}],"curies":[{"name":"wp","href":"https:\/\/api.w.org\/{rel}","templated":true}]}}