{"id":532,"date":"2021-04-29T00:27:08","date_gmt":"2021-04-29T04:27:08","guid":{"rendered":"https:\/\/www.alcantara-alicante.cl\/alicante-sol\/2021\/04\/29\/invitacion-dia-del-libro-2021\/"},"modified":"2025-04-07T23:29:41","modified_gmt":"2025-04-08T03:29:41","slug":"invitacion-dia-del-libro-2021","status":"publish","type":"post","link":"https:\/\/www.alcantara-alicante.cl\/alicante-sol\/2021\/04\/29\/invitacion-dia-del-libro-2021\/","title":{"rendered":"Invitaci\u00f3n D\u00eda del libro 2021"},"content":{"rendered":"<p>Estimados padres y apoderados:<\/p>\n<p>\u00a0<\/p>\n<p>Con gran entusiasmo los y las saludamos para recordarles la invitaci\u00f3n que hemos hecho a ni\u00f1os y ni\u00f1as a celebrar el \u201cD\u00eda del Libro 2021\u201d este viernes 30 de abril.<\/p>\n<p>\u00a0<\/p>\n<p>Se realizar\u00e1n diferentes actividades que est\u00e1n descritas y organizadas dentro del siguiente comunicado:<\/p>\n<p>\u00a0<\/p>\n<p><a href=\"https:\/\/www.alcantara-alicante.cl\/alicante-sol\/wp-content\/uploads\/sites\/9\/site\/\/1\/iconopdf-e1617582936524.png\"><img decoding=\"async\" src=\"https:\/\/www.alcantara-alicante.cl\/alicante-sol\/wp-content\/uploads\/sites\/9\/site\/\/1\/iconopdf-e1617582936524.png\" alt=\"\" width=\"30\" height=\"32\" \/><\/a><strong><a href=\"https:\/\/www.alcantara-alicante.cl\/alicante-sol\/wp-content\/uploads\/sites\/11\/2021\/04\/Dia-del-libro-2021-del-Sol.pdf\">Descargue invitaci\u00f3n D\u00eda del libro 2021<\/a><\/strong><\/p>\n","protected":false},"excerpt":{"rendered":"<p>Estimados padres y apoderados: \u00a0 Con gran entusiasmo los y las saludamos para recordarles la invitaci\u00f3n que hemos hecho a ni\u00f1os y ni\u00f1as a celebrar el \u201cD\u00eda del Libro 2021\u201d este viernes 30 de abril. \u00a0 Se realizar\u00e1n diferentes actividades que est\u00e1n descritas y organizadas dentro del siguiente comunicado: \u00a0 Descargue invitaci\u00f3n D\u00eda del libro &#8230; <a title=\"Invitaci\u00f3n D\u00eda del libro 2021\" class=\"read-more\" href=\"https:\/\/www.alcantara-alicante.cl\/alicante-sol\/2021\/04\/29\/invitacion-dia-del-libro-2021\/\" aria-label=\"Leer m\u00e1s sobre Invitaci\u00f3n D\u00eda del libro 2021\">Leer m\u00e1s<\/a><\/p>\n","protected":false},"author":1,"featured_media":533,"comment_status":"open","ping_status":"open","sticky":false,"template":"","format":"standard","meta":{"footnotes":""},"categories":[12,16,15,10],"tags":[],"class_list":["post-532","post","type-post","status-publish","format-standard","has-post-thumbnail","hentry","category-academicas","category-arte","category-culturales","category-destacadas"],"aioseo_notices":[],"_links":{"self":[{"href":"https:\/\/www.alcantara-alicante.cl\/alicante-sol\/wp-json\/wp\/v2\/posts\/532","targetHints":{"allow":["GET"]}}],"collection":[{"href":"https:\/\/www.alcantara-alicante.cl\/alicante-sol\/wp-json\/wp\/v2\/posts"}],"about":[{"href":"https:\/\/www.alcantara-alicante.cl\/alicante-sol\/wp-json\/wp\/v2\/types\/post"}],"author":[{"embeddable":true,"href":"https:\/\/www.alcantara-alicante.cl\/alicante-sol\/wp-json\/wp\/v2\/users\/1"}],"replies":[{"embeddable":true,"href":"https:\/\/www.alcantara-alicante.cl\/alicante-sol\/wp-json\/wp\/v2\/comments?post=532"}],"version-history":[{"count":0,"href":"https:\/\/www.alcantara-alicante.cl\/alicante-sol\/wp-json\/wp\/v2\/posts\/532\/revisions"}],"wp:featuredmedia":[{"embeddable":true,"href":"https:\/\/www.alcantara-alicante.cl\/alicante-sol\/wp-json\/wp\/v2\/media\/533"}],"wp:attachment":[{"href":"https:\/\/www.alcantara-alicante.cl\/alicante-sol\/wp-json\/wp\/v2\/media?parent=532"}],"wp:term":[{"taxonomy":"category","embeddable":true,"href":"https:\/\/www.alcantara-alicante.cl\/alicante-sol\/wp-json\/wp\/v2\/categories?post=532"},{"taxonomy":"post_tag","embeddable":true,"href":"https:\/\/www.alcantara-alicante.cl\/alicante-sol\/wp-json\/wp\/v2\/tags?post=532"}],"curies":[{"name":"wp","href":"https:\/\/api.w.org\/{rel}","templated":true}]}}