{"id":2390,"date":"2025-10-28T15:00:36","date_gmt":"2025-10-28T18:00:36","guid":{"rendered":"https:\/\/www.alcantara-alicante.cl\/alicante-sol\/?p=2390"},"modified":"2025-10-28T15:04:19","modified_gmt":"2025-10-28T18:04:19","slug":"circular-de-cobros","status":"publish","type":"post","link":"https:\/\/www.alcantara-alicante.cl\/alicante-sol\/2025\/10\/28\/circular-de-cobros\/","title":{"rendered":"Circular de cobros"},"content":{"rendered":"\t\t<div data-elementor-type=\"wp-post\" data-elementor-id=\"2390\" class=\"elementor elementor-2390\" data-elementor-post-type=\"post\">\n\t\t\t\t<div class=\"elementor-element elementor-element-a627e8a e-flex e-con-boxed e-con e-parent\" data-id=\"a627e8a\" data-element_type=\"container\" data-e-type=\"container\">\n\t\t\t\t\t<div class=\"e-con-inner\">\n\t\t\t\t<div class=\"elementor-element elementor-element-34f0f70 elementor-widget elementor-widget-text-editor\" data-id=\"34f0f70\" data-element_type=\"widget\" data-e-type=\"widget\" data-widget_type=\"text-editor.default\">\n\t\t\t\t<div class=\"elementor-widget-container\">\n\t\t\t\t\t\t\t\t\t<p class=\"p2\">Estimados Apoderados:<\/p><p class=\"p2\">En cumplimiento a lo dispuesto por la Secretar\u00eda Ministerial de Educaci\u00f3n Metropolitana a trav\u00e9s de la Resoluci\u00f3n Exenta N\u00b0 2234 de 2015. Informamos a ustedes los valores correspondientes a Financiamiento Compartido para el a\u00f1o 2026.<\/p><p><img decoding=\"async\" class=\"alignnone size-full wp-image-489\" src=\"https:\/\/www.alcantara-alicante.cl\/alicante-sol\/wp-content\/uploads\/sites\/9\/site\/\/1\/iconopdf-2.png\" alt=\"\" width=\"40\" height=\"42\" \/><a href=\"https:\/\/drive.google.com\/file\/d\/1pjg97mo3UBVbd8U-LDU_Yf74EsEKAfsK\/view?usp=sharing\"> descargue comunicado<\/a><\/p>\t\t\t\t\t\t\t\t<\/div>\n\t\t\t\t<\/div>\n\t\t\t\t\t<\/div>\n\t\t\t\t<\/div>\n\t\t\t\t<\/div>\n\t\t","protected":false},"excerpt":{"rendered":"<p>Estimados Apoderados: En cumplimiento a lo dispuesto por la Secretar\u00eda Ministerial de Educaci\u00f3n Metropolitana a trav\u00e9s de la Resoluci\u00f3n Exenta N\u00b0 2234 de 2015. Informamos a ustedes los valores correspondientes a Financiamiento Compartido para el a\u00f1o 2026. descargue comunicado<\/p>\n","protected":false},"author":4,"featured_media":836,"comment_status":"open","ping_status":"open","sticky":false,"template":"","format":"standard","meta":{"footnotes":""},"categories":[13,10],"tags":[],"class_list":["post-2390","post","type-post","status-publish","format-standard","has-post-thumbnail","hentry","category-comunicado","category-destacadas"],"aioseo_notices":[],"_links":{"self":[{"href":"https:\/\/www.alcantara-alicante.cl\/alicante-sol\/wp-json\/wp\/v2\/posts\/2390","targetHints":{"allow":["GET"]}}],"collection":[{"href":"https:\/\/www.alcantara-alicante.cl\/alicante-sol\/wp-json\/wp\/v2\/posts"}],"about":[{"href":"https:\/\/www.alcantara-alicante.cl\/alicante-sol\/wp-json\/wp\/v2\/types\/post"}],"author":[{"embeddable":true,"href":"https:\/\/www.alcantara-alicante.cl\/alicante-sol\/wp-json\/wp\/v2\/users\/4"}],"replies":[{"embeddable":true,"href":"https:\/\/www.alcantara-alicante.cl\/alicante-sol\/wp-json\/wp\/v2\/comments?post=2390"}],"version-history":[{"count":4,"href":"https:\/\/www.alcantara-alicante.cl\/alicante-sol\/wp-json\/wp\/v2\/posts\/2390\/revisions"}],"predecessor-version":[{"id":2394,"href":"https:\/\/www.alcantara-alicante.cl\/alicante-sol\/wp-json\/wp\/v2\/posts\/2390\/revisions\/2394"}],"wp:featuredmedia":[{"embeddable":true,"href":"https:\/\/www.alcantara-alicante.cl\/alicante-sol\/wp-json\/wp\/v2\/media\/836"}],"wp:attachment":[{"href":"https:\/\/www.alcantara-alicante.cl\/alicante-sol\/wp-json\/wp\/v2\/media?parent=2390"}],"wp:term":[{"taxonomy":"category","embeddable":true,"href":"https:\/\/www.alcantara-alicante.cl\/alicante-sol\/wp-json\/wp\/v2\/categories?post=2390"},{"taxonomy":"post_tag","embeddable":true,"href":"https:\/\/www.alcantara-alicante.cl\/alicante-sol\/wp-json\/wp\/v2\/tags?post=2390"}],"curies":[{"name":"wp","href":"https:\/\/api.w.org\/{rel}","templated":true}]}}