{"id":2365,"date":"2025-10-27T16:32:17","date_gmt":"2025-10-27T19:32:17","guid":{"rendered":"https:\/\/www.alcantara-alicante.cl\/alicante-sol\/?p=2365"},"modified":"2025-10-28T11:40:19","modified_gmt":"2025-10-28T14:40:19","slug":"pensamiento-matematico","status":"publish","type":"post","link":"https:\/\/www.alcantara-alicante.cl\/alicante-sol\/2025\/10\/27\/pensamiento-matematico\/","title":{"rendered":"Pensamiento matem\u00e1tico"},"content":{"rendered":"\t\t<div data-elementor-type=\"wp-post\" data-elementor-id=\"2365\" class=\"elementor elementor-2365\" data-elementor-post-type=\"post\">\n\t\t\t\t<div class=\"elementor-element elementor-element-0467ea1 e-flex e-con-boxed e-con e-parent\" data-id=\"0467ea1\" data-element_type=\"container\" data-e-type=\"container\">\n\t\t\t\t\t<div class=\"e-con-inner\">\n\t\t\t\t<div class=\"elementor-element elementor-element-c4508c6 elementor-widget elementor-widget-text-editor\" data-id=\"c4508c6\" data-element_type=\"widget\" data-e-type=\"widget\" data-widget_type=\"text-editor.default\">\n\t\t\t\t<div class=\"elementor-widget-container\">\n\t\t\t\t\t\t\t\t\t<h3><strong data-start=\"158\" data-end=\"229\">Aprendiendo a interpretar datos con gr\u00e1ficos concretos y pict\u00f3ricos<\/strong><\/h3><p data-start=\"231\" data-end=\"629\">Durante el mes de octubre, los ni\u00f1os y ni\u00f1as del <strong data-start=\"280\" data-end=\"292\">Kinder C<\/strong> participaron en la <strong data-start=\"312\" data-end=\"359\">actividad \u201cGr\u00e1ficos concretos y pict\u00f3ricos\u201d<\/strong>, enmarcada en el <strong data-start=\"377\" data-end=\"413\">N\u00facleo de Pensamiento Matem\u00e1tico<\/strong>. Esta experiencia, realizada el <strong data-start=\"446\" data-end=\"463\">16 de octubre<\/strong> y guiada por la <strong data-start=\"480\" data-end=\"509\">educadora Claudia Fuentes<\/strong> junto a la <strong data-start=\"521\" data-end=\"544\">t\u00e9cnico Evelyn Vera<\/strong>, les permiti\u00f3 representar informaci\u00f3n de forma visual y comprensible para su edad.<\/p><p data-start=\"631\" data-end=\"1087\">A trav\u00e9s de diversas propuestas l\u00fadicas, los estudiantes aprendieron a <strong data-start=\"702\" data-end=\"749\">contar, comparar cantidades y asociar datos<\/strong>, introduci\u00e9ndose en la <strong data-start=\"773\" data-end=\"834\">recolecci\u00f3n, organizaci\u00f3n e interpretaci\u00f3n de informaci\u00f3n<\/strong> mediante gr\u00e1ficos. Esta pr\u00e1ctica favoreci\u00f3 el desarrollo del <strong data-start=\"896\" data-end=\"929\">pensamiento l\u00f3gico-matem\u00e1tico<\/strong>, la <strong data-start=\"934\" data-end=\"949\">observaci\u00f3n<\/strong>, la <strong data-start=\"954\" data-end=\"971\">clasificaci\u00f3n<\/strong> y la <strong data-start=\"977\" data-end=\"1007\">ampliaci\u00f3n del vocabulario<\/strong>, permiti\u00e9ndoles comprender mejor su entorno y las relaciones entre los datos.<\/p><p data-start=\"1089\" data-end=\"1286\">De esta manera, los ni\u00f1os y ni\u00f1as fortalecieron sus habilidades matem\u00e1ticas de forma significativa, dando pasos importantes hacia una comprensi\u00f3n m\u00e1s profunda y reflexiva del mundo que los rodea.<\/p>\t\t\t\t\t\t\t\t<\/div>\n\t\t\t\t<\/div>\n\t\t\t\t\t<\/div>\n\t\t\t\t<\/div>\n\t\t<div class=\"elementor-element elementor-element-b90d351 e-flex e-con-boxed e-con e-parent\" data-id=\"b90d351\" data-element_type=\"container\" data-e-type=\"container\">\n\t\t\t\t\t<div class=\"e-con-inner\">\n\t\t\t\t<div class=\"elementor-element elementor-element-6523419 elementor-widget elementor-widget-gallery\" data-id=\"6523419\" data-element_type=\"widget\" data-e-type=\"widget\" data-settings=\"{&quot;lazyload&quot;:&quot;yes&quot;,&quot;gallery_layout&quot;:&quot;grid&quot;,&quot;columns&quot;:4,&quot;columns_tablet&quot;:2,&quot;columns_mobile&quot;:1,&quot;gap&quot;:{&quot;unit&quot;:&quot;px&quot;,&quot;size&quot;:10,&quot;sizes&quot;:[]},&quot;gap_tablet&quot;:{&quot;unit&quot;:&quot;px&quot;,&quot;size&quot;:10,&quot;sizes&quot;:[]},&quot;gap_mobile&quot;:{&quot;unit&quot;:&quot;px&quot;,&quot;size&quot;:10,&quot;sizes&quot;:[]},&quot;link_to&quot;:&quot;file&quot;,&quot;aspect_ratio&quot;:&quot;3:2&quot;,&quot;overlay_background&quot;:&quot;yes&quot;,&quot;content_hover_animation&quot;:&quot;fade-in&quot;}\" data-widget_type=\"gallery.default\">\n\t\t\t\t<div class=\"elementor-widget-container\">\n\t\t\t\t\t\t\t<div class=\"elementor-gallery__container\">\n\t\t\t\t\t\t\t<a class=\"e-gallery-item elementor-gallery-item elementor-animated-content\" href=\"https:\/\/www.alcantara-alicante.cl\/alicante-sol\/wp-content\/uploads\/sites\/9\/2025\/10\/preescolar_alicante-del-sol1-1.jpeg\" data-elementor-open-lightbox=\"yes\" data-elementor-lightbox-slideshow=\"6523419\" data-elementor-lightbox-title=\"preescolar_alicante del sol1\" data-e-action-hash=\"#elementor-action%3Aaction%3Dlightbox%26settings%3DeyJpZCI6MjM2OCwidXJsIjoiaHR0cHM6XC9cL3d3dy5hbGNhbnRhcmEtYWxpY2FudGUuY2xcL2FsaWNhbnRlLXNvbFwvd3AtY29udGVudFwvdXBsb2Fkc1wvc2l0ZXNcLzlcLzIwMjVcLzEwXC9wcmVlc2NvbGFyX2FsaWNhbnRlLWRlbC1zb2wxLTEuanBlZyIsInNsaWRlc2hvdyI6IjY1MjM0MTkifQ%3D%3D\">\n\t\t\t\t\t<div class=\"e-gallery-image elementor-gallery-item__image\" data-thumbnail=\"https:\/\/www.alcantara-alicante.cl\/alicante-sol\/wp-content\/uploads\/sites\/9\/2025\/10\/preescolar_alicante-del-sol1-1-225x300.jpeg\" data-width=\"225\" data-height=\"300\" aria-label=\"\" role=\"img\" ><\/div>\n\t\t\t\t\t\t\t\t\t\t\t<div class=\"elementor-gallery-item__overlay\"><\/div>\n\t\t\t\t\t\t\t\t\t\t\t\t\t\t<\/a>\n\t\t\t\t\t\t\t<a class=\"e-gallery-item elementor-gallery-item elementor-animated-content\" href=\"https:\/\/www.alcantara-alicante.cl\/alicante-sol\/wp-content\/uploads\/sites\/9\/2025\/10\/preescolar_alicante-del-sol3-1.jpeg\" data-elementor-open-lightbox=\"yes\" data-elementor-lightbox-slideshow=\"6523419\" data-elementor-lightbox-title=\"preescolar_alicante del sol3\" data-e-action-hash=\"#elementor-action%3Aaction%3Dlightbox%26settings%3DeyJpZCI6MjM2OSwidXJsIjoiaHR0cHM6XC9cL3d3dy5hbGNhbnRhcmEtYWxpY2FudGUuY2xcL2FsaWNhbnRlLXNvbFwvd3AtY29udGVudFwvdXBsb2Fkc1wvc2l0ZXNcLzlcLzIwMjVcLzEwXC9wcmVlc2NvbGFyX2FsaWNhbnRlLWRlbC1zb2wzLTEuanBlZyIsInNsaWRlc2hvdyI6IjY1MjM0MTkifQ%3D%3D\">\n\t\t\t\t\t<div class=\"e-gallery-image elementor-gallery-item__image\" data-thumbnail=\"https:\/\/www.alcantara-alicante.cl\/alicante-sol\/wp-content\/uploads\/sites\/9\/2025\/10\/preescolar_alicante-del-sol3-1-225x300.jpeg\" data-width=\"225\" data-height=\"300\" aria-label=\"\" role=\"img\" ><\/div>\n\t\t\t\t\t\t\t\t\t\t\t<div class=\"elementor-gallery-item__overlay\"><\/div>\n\t\t\t\t\t\t\t\t\t\t\t\t\t\t<\/a>\n\t\t\t\t\t\t\t<a class=\"e-gallery-item elementor-gallery-item elementor-animated-content\" href=\"https:\/\/www.alcantara-alicante.cl\/alicante-sol\/wp-content\/uploads\/sites\/9\/2025\/10\/preescolar_alicante-del-sol5-1.jpeg\" data-elementor-open-lightbox=\"yes\" data-elementor-lightbox-slideshow=\"6523419\" data-elementor-lightbox-title=\"preescolar_alicante del sol5\" data-e-action-hash=\"#elementor-action%3Aaction%3Dlightbox%26settings%3DeyJpZCI6MjM3MSwidXJsIjoiaHR0cHM6XC9cL3d3dy5hbGNhbnRhcmEtYWxpY2FudGUuY2xcL2FsaWNhbnRlLXNvbFwvd3AtY29udGVudFwvdXBsb2Fkc1wvc2l0ZXNcLzlcLzIwMjVcLzEwXC9wcmVlc2NvbGFyX2FsaWNhbnRlLWRlbC1zb2w1LTEuanBlZyIsInNsaWRlc2hvdyI6IjY1MjM0MTkifQ%3D%3D\">\n\t\t\t\t\t<div class=\"e-gallery-image elementor-gallery-item__image\" data-thumbnail=\"https:\/\/www.alcantara-alicante.cl\/alicante-sol\/wp-content\/uploads\/sites\/9\/2025\/10\/preescolar_alicante-del-sol5-1-225x300.jpeg\" data-width=\"225\" data-height=\"300\" aria-label=\"\" role=\"img\" ><\/div>\n\t\t\t\t\t\t\t\t\t\t\t<div class=\"elementor-gallery-item__overlay\"><\/div>\n\t\t\t\t\t\t\t\t\t\t\t\t\t\t<\/a>\n\t\t\t\t\t\t\t<a class=\"e-gallery-item elementor-gallery-item elementor-animated-content\" href=\"https:\/\/www.alcantara-alicante.cl\/alicante-sol\/wp-content\/uploads\/sites\/9\/2025\/10\/preescolar_alicante-del-sol4-1.jpeg\" data-elementor-open-lightbox=\"yes\" data-elementor-lightbox-slideshow=\"6523419\" data-elementor-lightbox-title=\"preescolar_alicante del sol4\" data-e-action-hash=\"#elementor-action%3Aaction%3Dlightbox%26settings%3DeyJpZCI6MjM3MCwidXJsIjoiaHR0cHM6XC9cL3d3dy5hbGNhbnRhcmEtYWxpY2FudGUuY2xcL2FsaWNhbnRlLXNvbFwvd3AtY29udGVudFwvdXBsb2Fkc1wvc2l0ZXNcLzlcLzIwMjVcLzEwXC9wcmVlc2NvbGFyX2FsaWNhbnRlLWRlbC1zb2w0LTEuanBlZyIsInNsaWRlc2hvdyI6IjY1MjM0MTkifQ%3D%3D\">\n\t\t\t\t\t<div class=\"e-gallery-image elementor-gallery-item__image\" data-thumbnail=\"https:\/\/www.alcantara-alicante.cl\/alicante-sol\/wp-content\/uploads\/sites\/9\/2025\/10\/preescolar_alicante-del-sol4-1-300x225.jpeg\" data-width=\"300\" data-height=\"225\" aria-label=\"\" role=\"img\" ><\/div>\n\t\t\t\t\t\t\t\t\t\t\t<div class=\"elementor-gallery-item__overlay\"><\/div>\n\t\t\t\t\t\t\t\t\t\t\t\t\t\t<\/a>\n\t\t\t\t\t\t\t<a class=\"e-gallery-item elementor-gallery-item elementor-animated-content\" href=\"https:\/\/www.alcantara-alicante.cl\/alicante-sol\/wp-content\/uploads\/sites\/9\/2025\/10\/preescolar_alicante-del-sol6-1.jpeg\" data-elementor-open-lightbox=\"yes\" data-elementor-lightbox-slideshow=\"6523419\" data-elementor-lightbox-title=\"preescolar_alicante del sol6\" data-e-action-hash=\"#elementor-action%3Aaction%3Dlightbox%26settings%3DeyJpZCI6MjM3MiwidXJsIjoiaHR0cHM6XC9cL3d3dy5hbGNhbnRhcmEtYWxpY2FudGUuY2xcL2FsaWNhbnRlLXNvbFwvd3AtY29udGVudFwvdXBsb2Fkc1wvc2l0ZXNcLzlcLzIwMjVcLzEwXC9wcmVlc2NvbGFyX2FsaWNhbnRlLWRlbC1zb2w2LTEuanBlZyIsInNsaWRlc2hvdyI6IjY1MjM0MTkifQ%3D%3D\">\n\t\t\t\t\t<div class=\"e-gallery-image elementor-gallery-item__image\" data-thumbnail=\"https:\/\/www.alcantara-alicante.cl\/alicante-sol\/wp-content\/uploads\/sites\/9\/2025\/10\/preescolar_alicante-del-sol6-1-300x225.jpeg\" data-width=\"300\" data-height=\"225\" aria-label=\"\" role=\"img\" ><\/div>\n\t\t\t\t\t\t\t\t\t\t\t<div class=\"elementor-gallery-item__overlay\"><\/div>\n\t\t\t\t\t\t\t\t\t\t\t\t\t\t<\/a>\n\t\t\t\t\t\t\t<a class=\"e-gallery-item elementor-gallery-item elementor-animated-content\" href=\"https:\/\/www.alcantara-alicante.cl\/alicante-sol\/wp-content\/uploads\/sites\/9\/2025\/10\/preescolar_alicante-del-sol8-1.jpeg\" data-elementor-open-lightbox=\"yes\" data-elementor-lightbox-slideshow=\"6523419\" data-elementor-lightbox-title=\"preescolar_alicante del sol8\" data-e-action-hash=\"#elementor-action%3Aaction%3Dlightbox%26settings%3DeyJpZCI6MjM3MywidXJsIjoiaHR0cHM6XC9cL3d3dy5hbGNhbnRhcmEtYWxpY2FudGUuY2xcL2FsaWNhbnRlLXNvbFwvd3AtY29udGVudFwvdXBsb2Fkc1wvc2l0ZXNcLzlcLzIwMjVcLzEwXC9wcmVlc2NvbGFyX2FsaWNhbnRlLWRlbC1zb2w4LTEuanBlZyIsInNsaWRlc2hvdyI6IjY1MjM0MTkifQ%3D%3D\">\n\t\t\t\t\t<div class=\"e-gallery-image elementor-gallery-item__image\" data-thumbnail=\"https:\/\/www.alcantara-alicante.cl\/alicante-sol\/wp-content\/uploads\/sites\/9\/2025\/10\/preescolar_alicante-del-sol8-1-300x225.jpeg\" data-width=\"300\" data-height=\"225\" aria-label=\"\" role=\"img\" ><\/div>\n\t\t\t\t\t\t\t\t\t\t\t<div class=\"elementor-gallery-item__overlay\"><\/div>\n\t\t\t\t\t\t\t\t\t\t\t\t\t\t<\/a>\n\t\t\t\t\t\t\t<a class=\"e-gallery-item elementor-gallery-item elementor-animated-content\" href=\"https:\/\/www.alcantara-alicante.cl\/alicante-sol\/wp-content\/uploads\/sites\/9\/2025\/10\/preescolar_alicante-del-sol9-1.jpeg\" data-elementor-open-lightbox=\"yes\" data-elementor-lightbox-slideshow=\"6523419\" data-elementor-lightbox-title=\"preescolar_alicante del sol9\" data-e-action-hash=\"#elementor-action%3Aaction%3Dlightbox%26settings%3DeyJpZCI6MjM3NCwidXJsIjoiaHR0cHM6XC9cL3d3dy5hbGNhbnRhcmEtYWxpY2FudGUuY2xcL2FsaWNhbnRlLXNvbFwvd3AtY29udGVudFwvdXBsb2Fkc1wvc2l0ZXNcLzlcLzIwMjVcLzEwXC9wcmVlc2NvbGFyX2FsaWNhbnRlLWRlbC1zb2w5LTEuanBlZyIsInNsaWRlc2hvdyI6IjY1MjM0MTkifQ%3D%3D\">\n\t\t\t\t\t<div class=\"e-gallery-image elementor-gallery-item__image\" data-thumbnail=\"https:\/\/www.alcantara-alicante.cl\/alicante-sol\/wp-content\/uploads\/sites\/9\/2025\/10\/preescolar_alicante-del-sol9-1-225x300.jpeg\" data-width=\"225\" data-height=\"300\" aria-label=\"\" role=\"img\" ><\/div>\n\t\t\t\t\t\t\t\t\t\t\t<div class=\"elementor-gallery-item__overlay\"><\/div>\n\t\t\t\t\t\t\t\t\t\t\t\t\t\t<\/a>\n\t\t\t\t\t\t\t<a class=\"e-gallery-item elementor-gallery-item elementor-animated-content\" href=\"https:\/\/www.alcantara-alicante.cl\/alicante-sol\/wp-content\/uploads\/sites\/9\/2025\/10\/preescolar_alicante-del-sol11-1.jpeg\" data-elementor-open-lightbox=\"yes\" data-elementor-lightbox-slideshow=\"6523419\" data-elementor-lightbox-title=\"preescolar_alicante del sol11\" data-e-action-hash=\"#elementor-action%3Aaction%3Dlightbox%26settings%3DeyJpZCI6MjM3NiwidXJsIjoiaHR0cHM6XC9cL3d3dy5hbGNhbnRhcmEtYWxpY2FudGUuY2xcL2FsaWNhbnRlLXNvbFwvd3AtY29udGVudFwvdXBsb2Fkc1wvc2l0ZXNcLzlcLzIwMjVcLzEwXC9wcmVlc2NvbGFyX2FsaWNhbnRlLWRlbC1zb2wxMS0xLmpwZWciLCJzbGlkZXNob3ciOiI2NTIzNDE5In0%3D\">\n\t\t\t\t\t<div class=\"e-gallery-image elementor-gallery-item__image\" data-thumbnail=\"https:\/\/www.alcantara-alicante.cl\/alicante-sol\/wp-content\/uploads\/sites\/9\/2025\/10\/preescolar_alicante-del-sol11-1-225x300.jpeg\" data-width=\"225\" data-height=\"300\" aria-label=\"\" role=\"img\" ><\/div>\n\t\t\t\t\t\t\t\t\t\t\t<div class=\"elementor-gallery-item__overlay\"><\/div>\n\t\t\t\t\t\t\t\t\t\t\t\t\t\t<\/a>\n\t\t\t\t\t\t\t<a class=\"e-gallery-item elementor-gallery-item elementor-animated-content\" href=\"https:\/\/www.alcantara-alicante.cl\/alicante-sol\/wp-content\/uploads\/sites\/9\/2025\/10\/preescolar_alicante-del-sol10-1.jpeg\" data-elementor-open-lightbox=\"yes\" data-elementor-lightbox-slideshow=\"6523419\" data-elementor-lightbox-title=\"preescolar_alicante del sol10\" data-e-action-hash=\"#elementor-action%3Aaction%3Dlightbox%26settings%3DeyJpZCI6MjM3NSwidXJsIjoiaHR0cHM6XC9cL3d3dy5hbGNhbnRhcmEtYWxpY2FudGUuY2xcL2FsaWNhbnRlLXNvbFwvd3AtY29udGVudFwvdXBsb2Fkc1wvc2l0ZXNcLzlcLzIwMjVcLzEwXC9wcmVlc2NvbGFyX2FsaWNhbnRlLWRlbC1zb2wxMC0xLmpwZWciLCJzbGlkZXNob3ciOiI2NTIzNDE5In0%3D\">\n\t\t\t\t\t<div class=\"e-gallery-image elementor-gallery-item__image\" data-thumbnail=\"https:\/\/www.alcantara-alicante.cl\/alicante-sol\/wp-content\/uploads\/sites\/9\/2025\/10\/preescolar_alicante-del-sol10-1-225x300.jpeg\" data-width=\"225\" data-height=\"300\" aria-label=\"\" role=\"img\" ><\/div>\n\t\t\t\t\t\t\t\t\t\t\t<div class=\"elementor-gallery-item__overlay\"><\/div>\n\t\t\t\t\t\t\t\t\t\t\t\t\t\t<\/a>\n\t\t\t\t\t<\/div>\n\t\t\t\t\t<\/div>\n\t\t\t\t<\/div>\n\t\t\t\t\t<\/div>\n\t\t\t\t<\/div>\n\t\t\t\t<\/div>\n\t\t","protected":false},"excerpt":{"rendered":"<p>Aprendiendo a interpretar datos con gr\u00e1ficos concretos y pict\u00f3ricos Durante el mes de octubre, los ni\u00f1os y ni\u00f1as del Kinder C participaron en la actividad \u201cGr\u00e1ficos concretos y pict\u00f3ricos\u201d, enmarcada en el N\u00facleo de Pensamiento Matem\u00e1tico. Esta experiencia, realizada el 16 de octubre y guiada por la educadora Claudia Fuentes junto a la t\u00e9cnico Evelyn &#8230; <a title=\"Pensamiento matem\u00e1tico\" class=\"read-more\" href=\"https:\/\/www.alcantara-alicante.cl\/alicante-sol\/2025\/10\/27\/pensamiento-matematico\/\" aria-label=\"Leer m\u00e1s sobre Pensamiento matem\u00e1tico\">Leer m\u00e1s<\/a><\/p>\n","protected":false},"author":4,"featured_media":2367,"comment_status":"open","ping_status":"open","sticky":false,"template":"","format":"standard","meta":{"footnotes":""},"categories":[10,22],"tags":[],"class_list":["post-2365","post","type-post","status-publish","format-standard","has-post-thumbnail","hentry","category-destacadas","category-noticias-parvulario"],"aioseo_notices":[],"_links":{"self":[{"href":"https:\/\/www.alcantara-alicante.cl\/alicante-sol\/wp-json\/wp\/v2\/posts\/2365","targetHints":{"allow":["GET"]}}],"collection":[{"href":"https:\/\/www.alcantara-alicante.cl\/alicante-sol\/wp-json\/wp\/v2\/posts"}],"about":[{"href":"https:\/\/www.alcantara-alicante.cl\/alicante-sol\/wp-json\/wp\/v2\/types\/post"}],"author":[{"embeddable":true,"href":"https:\/\/www.alcantara-alicante.cl\/alicante-sol\/wp-json\/wp\/v2\/users\/4"}],"replies":[{"embeddable":true,"href":"https:\/\/www.alcantara-alicante.cl\/alicante-sol\/wp-json\/wp\/v2\/comments?post=2365"}],"version-history":[{"count":7,"href":"https:\/\/www.alcantara-alicante.cl\/alicante-sol\/wp-json\/wp\/v2\/posts\/2365\/revisions"}],"predecessor-version":[{"id":2388,"href":"https:\/\/www.alcantara-alicante.cl\/alicante-sol\/wp-json\/wp\/v2\/posts\/2365\/revisions\/2388"}],"wp:featuredmedia":[{"embeddable":true,"href":"https:\/\/www.alcantara-alicante.cl\/alicante-sol\/wp-json\/wp\/v2\/media\/2367"}],"wp:attachment":[{"href":"https:\/\/www.alcantara-alicante.cl\/alicante-sol\/wp-json\/wp\/v2\/media?parent=2365"}],"wp:term":[{"taxonomy":"category","embeddable":true,"href":"https:\/\/www.alcantara-alicante.cl\/alicante-sol\/wp-json\/wp\/v2\/categories?post=2365"},{"taxonomy":"post_tag","embeddable":true,"href":"https:\/\/www.alcantara-alicante.cl\/alicante-sol\/wp-json\/wp\/v2\/tags?post=2365"}],"curies":[{"name":"wp","href":"https:\/\/api.w.org\/{rel}","templated":true}]}}