{"id":2291,"date":"2025-10-07T11:21:55","date_gmt":"2025-10-07T14:21:55","guid":{"rendered":"https:\/\/www.alcantara-alicante.cl\/alicante-sol\/?p=2291"},"modified":"2025-10-07T11:22:23","modified_gmt":"2025-10-07T14:22:23","slug":"arte-en-kinder-b","status":"publish","type":"post","link":"https:\/\/www.alcantara-alicante.cl\/alicante-sol\/2025\/10\/07\/arte-en-kinder-b\/","title":{"rendered":"Arte en K\u00ednder B"},"content":{"rendered":"\t\t<div data-elementor-type=\"wp-post\" data-elementor-id=\"2291\" class=\"elementor elementor-2291\" data-elementor-post-type=\"post\">\n\t\t\t\t<div class=\"elementor-element elementor-element-51be932 e-flex e-con-boxed e-con e-parent\" data-id=\"51be932\" data-element_type=\"container\" data-e-type=\"container\">\n\t\t\t\t\t<div class=\"e-con-inner\">\n\t\t\t\t<div class=\"elementor-element elementor-element-1e5ee7c elementor-widget elementor-widget-text-editor\" data-id=\"1e5ee7c\" data-element_type=\"widget\" data-e-type=\"widget\" data-widget_type=\"text-editor.default\">\n\t\t\t\t<div class=\"elementor-widget-container\">\n\t\t\t\t\t\t\t\t\t<p data-start=\"65\" data-end=\"350\">El jueves 2 de octubre, los ni\u00f1os y ni\u00f1as del <strong data-start=\"115\" data-end=\"127\">K\u00ednder B<\/strong> participaron en la experiencia educativa <strong data-start=\"169\" data-end=\"225\">\u201cRepresentar ideas de manera art\u00edstica sobre piedra\u201d<\/strong>, una actividad enmarcada en el <strong data-start=\"257\" data-end=\"292\">\u00e1mbito de Comunicaci\u00f3n Integral<\/strong>, espec\u00edficamente en el <strong data-start=\"316\" data-end=\"347\">n\u00facleo Lenguajes Art\u00edsticos<\/strong>.<\/p><p data-start=\"352\" data-end=\"679\">Durante la jornada, los estudiantes exploraron diversas formas de <strong data-start=\"418\" data-end=\"440\">expresi\u00f3n creativa<\/strong>, utilizando <strong data-start=\"453\" data-end=\"481\">l\u00edneas, formas y colores<\/strong> sobre un soporte tridimensional: la piedra. Esta experiencia les permiti\u00f3 <strong data-start=\"556\" data-end=\"600\">plasmar sus ideas e intereses personales<\/strong>, desarrollando la imaginaci\u00f3n, la observaci\u00f3n y la coordinaci\u00f3n motora fina.<\/p><p data-start=\"681\" data-end=\"1022\">Adem\u00e1s, la actividad favoreci\u00f3 la <strong data-start=\"715\" data-end=\"750\">conexi\u00f3n con el entorno natural<\/strong>, valorando los elementos simples que nos rodean como medio para crear arte. En un ambiente l\u00fadico y colaborativo, los ni\u00f1os y ni\u00f1as disfrutaron del proceso art\u00edstico, <strong data-start=\"918\" data-end=\"987\">descubriendo nuevas maneras de comunicar emociones y pensamientos<\/strong> a trav\u00e9s del color y la textura.<\/p><p data-start=\"1024\" data-end=\"1162\" data-is-last-node=\"\" data-is-only-node=\"\">Una hermosa experiencia que fortaleci\u00f3 la <strong data-start=\"1066\" data-end=\"1081\">creatividad<\/strong>, la <strong data-start=\"1086\" data-end=\"1108\">expresi\u00f3n personal<\/strong> y la <strong data-start=\"1114\" data-end=\"1143\">mirada est\u00e9tica del mundo<\/strong> desde la infancia.<\/p>\t\t\t\t\t\t\t\t<\/div>\n\t\t\t\t<\/div>\n\t\t\t\t\t<\/div>\n\t\t\t\t<\/div>\n\t\t<div class=\"elementor-element elementor-element-31976af e-flex e-con-boxed e-con e-parent\" data-id=\"31976af\" data-element_type=\"container\" data-e-type=\"container\">\n\t\t\t\t\t<div class=\"e-con-inner\">\n\t\t\t\t<div class=\"elementor-element elementor-element-c63ee9d elementor-widget elementor-widget-gallery\" data-id=\"c63ee9d\" data-element_type=\"widget\" data-e-type=\"widget\" data-settings=\"{&quot;columns&quot;:5,&quot;lazyload&quot;:&quot;yes&quot;,&quot;gallery_layout&quot;:&quot;grid&quot;,&quot;columns_tablet&quot;:2,&quot;columns_mobile&quot;:1,&quot;gap&quot;:{&quot;unit&quot;:&quot;px&quot;,&quot;size&quot;:10,&quot;sizes&quot;:[]},&quot;gap_tablet&quot;:{&quot;unit&quot;:&quot;px&quot;,&quot;size&quot;:10,&quot;sizes&quot;:[]},&quot;gap_mobile&quot;:{&quot;unit&quot;:&quot;px&quot;,&quot;size&quot;:10,&quot;sizes&quot;:[]},&quot;link_to&quot;:&quot;file&quot;,&quot;aspect_ratio&quot;:&quot;3:2&quot;,&quot;overlay_background&quot;:&quot;yes&quot;,&quot;content_hover_animation&quot;:&quot;fade-in&quot;}\" data-widget_type=\"gallery.default\">\n\t\t\t\t<div class=\"elementor-widget-container\">\n\t\t\t\t\t\t\t<div class=\"elementor-gallery__container\">\n\t\t\t\t\t\t\t<a class=\"e-gallery-item elementor-gallery-item elementor-animated-content\" href=\"https:\/\/www.alcantara-alicante.cl\/alicante-sol\/wp-content\/uploads\/sites\/9\/2025\/10\/Arte-preescolar-Colegio-Alicante-del-Sol2.jpeg\" data-elementor-open-lightbox=\"yes\" data-elementor-lightbox-slideshow=\"c63ee9d\" data-elementor-lightbox-title=\"Arte preescolar Colegio Alicante del Sol2\" data-e-action-hash=\"#elementor-action%3Aaction%3Dlightbox%26settings%3DeyJpZCI6MjI5NSwidXJsIjoiaHR0cHM6XC9cL3d3dy5hbGNhbnRhcmEtYWxpY2FudGUuY2xcL2FsaWNhbnRlLXNvbFwvd3AtY29udGVudFwvdXBsb2Fkc1wvc2l0ZXNcLzlcLzIwMjVcLzEwXC9BcnRlLXByZWVzY29sYXItQ29sZWdpby1BbGljYW50ZS1kZWwtU29sMi5qcGVnIiwic2xpZGVzaG93IjoiYzYzZWU5ZCJ9\">\n\t\t\t\t\t<div class=\"e-gallery-image elementor-gallery-item__image\" data-thumbnail=\"https:\/\/www.alcantara-alicante.cl\/alicante-sol\/wp-content\/uploads\/sites\/9\/2025\/10\/Arte-preescolar-Colegio-Alicante-del-Sol2-300x225.jpeg\" data-width=\"300\" data-height=\"225\" aria-label=\"\" role=\"img\" ><\/div>\n\t\t\t\t\t\t\t\t\t\t\t<div class=\"elementor-gallery-item__overlay\"><\/div>\n\t\t\t\t\t\t\t\t\t\t\t\t\t\t<\/a>\n\t\t\t\t\t\t\t<a class=\"e-gallery-item elementor-gallery-item elementor-animated-content\" href=\"https:\/\/www.alcantara-alicante.cl\/alicante-sol\/wp-content\/uploads\/sites\/9\/2025\/10\/Arte-preescolar-Colegio-Alicante-del-Sol8.jpeg\" data-elementor-open-lightbox=\"yes\" data-elementor-lightbox-slideshow=\"c63ee9d\" data-elementor-lightbox-title=\"Arte preescolar Colegio Alicante del Sol8\" data-e-action-hash=\"#elementor-action%3Aaction%3Dlightbox%26settings%3DeyJpZCI6MjMwMSwidXJsIjoiaHR0cHM6XC9cL3d3dy5hbGNhbnRhcmEtYWxpY2FudGUuY2xcL2FsaWNhbnRlLXNvbFwvd3AtY29udGVudFwvdXBsb2Fkc1wvc2l0ZXNcLzlcLzIwMjVcLzEwXC9BcnRlLXByZWVzY29sYXItQ29sZWdpby1BbGljYW50ZS1kZWwtU29sOC5qcGVnIiwic2xpZGVzaG93IjoiYzYzZWU5ZCJ9\">\n\t\t\t\t\t<div class=\"e-gallery-image elementor-gallery-item__image\" data-thumbnail=\"https:\/\/www.alcantara-alicante.cl\/alicante-sol\/wp-content\/uploads\/sites\/9\/2025\/10\/Arte-preescolar-Colegio-Alicante-del-Sol8-300x225.jpeg\" data-width=\"300\" data-height=\"225\" aria-label=\"\" role=\"img\" ><\/div>\n\t\t\t\t\t\t\t\t\t\t\t<div class=\"elementor-gallery-item__overlay\"><\/div>\n\t\t\t\t\t\t\t\t\t\t\t\t\t\t<\/a>\n\t\t\t\t\t\t\t<a class=\"e-gallery-item elementor-gallery-item elementor-animated-content\" href=\"https:\/\/www.alcantara-alicante.cl\/alicante-sol\/wp-content\/uploads\/sites\/9\/2025\/10\/Arte-preescolar-Colegio-Alicante-del-Sol1.jpeg\" data-elementor-open-lightbox=\"yes\" data-elementor-lightbox-slideshow=\"c63ee9d\" data-elementor-lightbox-title=\"Arte preescolar Colegio Alicante del Sol1\" data-e-action-hash=\"#elementor-action%3Aaction%3Dlightbox%26settings%3DeyJpZCI6MjI5NCwidXJsIjoiaHR0cHM6XC9cL3d3dy5hbGNhbnRhcmEtYWxpY2FudGUuY2xcL2FsaWNhbnRlLXNvbFwvd3AtY29udGVudFwvdXBsb2Fkc1wvc2l0ZXNcLzlcLzIwMjVcLzEwXC9BcnRlLXByZWVzY29sYXItQ29sZWdpby1BbGljYW50ZS1kZWwtU29sMS5qcGVnIiwic2xpZGVzaG93IjoiYzYzZWU5ZCJ9\">\n\t\t\t\t\t<div class=\"e-gallery-image elementor-gallery-item__image\" data-thumbnail=\"https:\/\/www.alcantara-alicante.cl\/alicante-sol\/wp-content\/uploads\/sites\/9\/2025\/10\/Arte-preescolar-Colegio-Alicante-del-Sol1-300x225.jpeg\" data-width=\"300\" data-height=\"225\" aria-label=\"\" role=\"img\" ><\/div>\n\t\t\t\t\t\t\t\t\t\t\t<div class=\"elementor-gallery-item__overlay\"><\/div>\n\t\t\t\t\t\t\t\t\t\t\t\t\t\t<\/a>\n\t\t\t\t\t\t\t<a class=\"e-gallery-item elementor-gallery-item elementor-animated-content\" href=\"https:\/\/www.alcantara-alicante.cl\/alicante-sol\/wp-content\/uploads\/sites\/9\/2025\/10\/Arte-preescolar-Colegio-Alicante-del-Sol3.jpeg\" data-elementor-open-lightbox=\"yes\" data-elementor-lightbox-slideshow=\"c63ee9d\" data-elementor-lightbox-title=\"Arte preescolar Colegio Alicante del Sol3\" data-e-action-hash=\"#elementor-action%3Aaction%3Dlightbox%26settings%3DeyJpZCI6MjI5NiwidXJsIjoiaHR0cHM6XC9cL3d3dy5hbGNhbnRhcmEtYWxpY2FudGUuY2xcL2FsaWNhbnRlLXNvbFwvd3AtY29udGVudFwvdXBsb2Fkc1wvc2l0ZXNcLzlcLzIwMjVcLzEwXC9BcnRlLXByZWVzY29sYXItQ29sZWdpby1BbGljYW50ZS1kZWwtU29sMy5qcGVnIiwic2xpZGVzaG93IjoiYzYzZWU5ZCJ9\">\n\t\t\t\t\t<div class=\"e-gallery-image elementor-gallery-item__image\" data-thumbnail=\"https:\/\/www.alcantara-alicante.cl\/alicante-sol\/wp-content\/uploads\/sites\/9\/2025\/10\/Arte-preescolar-Colegio-Alicante-del-Sol3-300x225.jpeg\" data-width=\"300\" data-height=\"225\" aria-label=\"\" role=\"img\" ><\/div>\n\t\t\t\t\t\t\t\t\t\t\t<div class=\"elementor-gallery-item__overlay\"><\/div>\n\t\t\t\t\t\t\t\t\t\t\t\t\t\t<\/a>\n\t\t\t\t\t\t\t<a class=\"e-gallery-item elementor-gallery-item elementor-animated-content\" href=\"https:\/\/www.alcantara-alicante.cl\/alicante-sol\/wp-content\/uploads\/sites\/9\/2025\/10\/Arte-preescolar-Colegio-Alicante-del-Sol4.jpeg\" data-elementor-open-lightbox=\"yes\" data-elementor-lightbox-slideshow=\"c63ee9d\" data-elementor-lightbox-title=\"Arte preescolar Colegio Alicante del Sol4\" data-e-action-hash=\"#elementor-action%3Aaction%3Dlightbox%26settings%3DeyJpZCI6MjI5NywidXJsIjoiaHR0cHM6XC9cL3d3dy5hbGNhbnRhcmEtYWxpY2FudGUuY2xcL2FsaWNhbnRlLXNvbFwvd3AtY29udGVudFwvdXBsb2Fkc1wvc2l0ZXNcLzlcLzIwMjVcLzEwXC9BcnRlLXByZWVzY29sYXItQ29sZWdpby1BbGljYW50ZS1kZWwtU29sNC5qcGVnIiwic2xpZGVzaG93IjoiYzYzZWU5ZCJ9\">\n\t\t\t\t\t<div class=\"e-gallery-image elementor-gallery-item__image\" data-thumbnail=\"https:\/\/www.alcantara-alicante.cl\/alicante-sol\/wp-content\/uploads\/sites\/9\/2025\/10\/Arte-preescolar-Colegio-Alicante-del-Sol4-300x225.jpeg\" data-width=\"300\" data-height=\"225\" aria-label=\"\" role=\"img\" ><\/div>\n\t\t\t\t\t\t\t\t\t\t\t<div class=\"elementor-gallery-item__overlay\"><\/div>\n\t\t\t\t\t\t\t\t\t\t\t\t\t\t<\/a>\n\t\t\t\t\t\t\t<a class=\"e-gallery-item elementor-gallery-item elementor-animated-content\" href=\"https:\/\/www.alcantara-alicante.cl\/alicante-sol\/wp-content\/uploads\/sites\/9\/2025\/10\/Arte-preescolar-Colegio-Alicante-del-Sol5.jpeg\" data-elementor-open-lightbox=\"yes\" data-elementor-lightbox-slideshow=\"c63ee9d\" data-elementor-lightbox-title=\"Arte preescolar Colegio Alicante del Sol5\" data-e-action-hash=\"#elementor-action%3Aaction%3Dlightbox%26settings%3DeyJpZCI6MjI5OCwidXJsIjoiaHR0cHM6XC9cL3d3dy5hbGNhbnRhcmEtYWxpY2FudGUuY2xcL2FsaWNhbnRlLXNvbFwvd3AtY29udGVudFwvdXBsb2Fkc1wvc2l0ZXNcLzlcLzIwMjVcLzEwXC9BcnRlLXByZWVzY29sYXItQ29sZWdpby1BbGljYW50ZS1kZWwtU29sNS5qcGVnIiwic2xpZGVzaG93IjoiYzYzZWU5ZCJ9\">\n\t\t\t\t\t<div class=\"e-gallery-image elementor-gallery-item__image\" data-thumbnail=\"https:\/\/www.alcantara-alicante.cl\/alicante-sol\/wp-content\/uploads\/sites\/9\/2025\/10\/Arte-preescolar-Colegio-Alicante-del-Sol5-300x225.jpeg\" data-width=\"300\" data-height=\"225\" aria-label=\"\" role=\"img\" ><\/div>\n\t\t\t\t\t\t\t\t\t\t\t<div class=\"elementor-gallery-item__overlay\"><\/div>\n\t\t\t\t\t\t\t\t\t\t\t\t\t\t<\/a>\n\t\t\t\t\t\t\t<a class=\"e-gallery-item elementor-gallery-item elementor-animated-content\" href=\"https:\/\/www.alcantara-alicante.cl\/alicante-sol\/wp-content\/uploads\/sites\/9\/2025\/10\/Arte-preescolar-Colegio-Alicante-del-Sol6.jpeg\" data-elementor-open-lightbox=\"yes\" data-elementor-lightbox-slideshow=\"c63ee9d\" data-elementor-lightbox-title=\"Arte preescolar Colegio Alicante del Sol6\" data-e-action-hash=\"#elementor-action%3Aaction%3Dlightbox%26settings%3DeyJpZCI6MjI5OSwidXJsIjoiaHR0cHM6XC9cL3d3dy5hbGNhbnRhcmEtYWxpY2FudGUuY2xcL2FsaWNhbnRlLXNvbFwvd3AtY29udGVudFwvdXBsb2Fkc1wvc2l0ZXNcLzlcLzIwMjVcLzEwXC9BcnRlLXByZWVzY29sYXItQ29sZWdpby1BbGljYW50ZS1kZWwtU29sNi5qcGVnIiwic2xpZGVzaG93IjoiYzYzZWU5ZCJ9\">\n\t\t\t\t\t<div class=\"e-gallery-image elementor-gallery-item__image\" data-thumbnail=\"https:\/\/www.alcantara-alicante.cl\/alicante-sol\/wp-content\/uploads\/sites\/9\/2025\/10\/Arte-preescolar-Colegio-Alicante-del-Sol6-300x225.jpeg\" data-width=\"300\" data-height=\"225\" aria-label=\"\" role=\"img\" ><\/div>\n\t\t\t\t\t\t\t\t\t\t\t<div class=\"elementor-gallery-item__overlay\"><\/div>\n\t\t\t\t\t\t\t\t\t\t\t\t\t\t<\/a>\n\t\t\t\t\t\t\t<a class=\"e-gallery-item elementor-gallery-item elementor-animated-content\" href=\"https:\/\/www.alcantara-alicante.cl\/alicante-sol\/wp-content\/uploads\/sites\/9\/2025\/10\/Arte-preescolar-Colegio-Alicante-del-Sol7.jpeg\" data-elementor-open-lightbox=\"yes\" data-elementor-lightbox-slideshow=\"c63ee9d\" data-elementor-lightbox-title=\"Arte preescolar Colegio Alicante del Sol7\" data-e-action-hash=\"#elementor-action%3Aaction%3Dlightbox%26settings%3DeyJpZCI6MjMwMCwidXJsIjoiaHR0cHM6XC9cL3d3dy5hbGNhbnRhcmEtYWxpY2FudGUuY2xcL2FsaWNhbnRlLXNvbFwvd3AtY29udGVudFwvdXBsb2Fkc1wvc2l0ZXNcLzlcLzIwMjVcLzEwXC9BcnRlLXByZWVzY29sYXItQ29sZWdpby1BbGljYW50ZS1kZWwtU29sNy5qcGVnIiwic2xpZGVzaG93IjoiYzYzZWU5ZCJ9\">\n\t\t\t\t\t<div class=\"e-gallery-image elementor-gallery-item__image\" data-thumbnail=\"https:\/\/www.alcantara-alicante.cl\/alicante-sol\/wp-content\/uploads\/sites\/9\/2025\/10\/Arte-preescolar-Colegio-Alicante-del-Sol7-300x225.jpeg\" data-width=\"300\" data-height=\"225\" aria-label=\"\" role=\"img\" ><\/div>\n\t\t\t\t\t\t\t\t\t\t\t<div class=\"elementor-gallery-item__overlay\"><\/div>\n\t\t\t\t\t\t\t\t\t\t\t\t\t\t<\/a>\n\t\t\t\t\t\t\t<a class=\"e-gallery-item elementor-gallery-item elementor-animated-content\" href=\"https:\/\/www.alcantara-alicante.cl\/alicante-sol\/wp-content\/uploads\/sites\/9\/2025\/10\/Arte-preescolar-Colegio-Alicante-del-Sol9.jpeg\" data-elementor-open-lightbox=\"yes\" data-elementor-lightbox-slideshow=\"c63ee9d\" data-elementor-lightbox-title=\"Arte preescolar Colegio Alicante del Sol9\" data-e-action-hash=\"#elementor-action%3Aaction%3Dlightbox%26settings%3DeyJpZCI6MjMwMiwidXJsIjoiaHR0cHM6XC9cL3d3dy5hbGNhbnRhcmEtYWxpY2FudGUuY2xcL2FsaWNhbnRlLXNvbFwvd3AtY29udGVudFwvdXBsb2Fkc1wvc2l0ZXNcLzlcLzIwMjVcLzEwXC9BcnRlLXByZWVzY29sYXItQ29sZWdpby1BbGljYW50ZS1kZWwtU29sOS5qcGVnIiwic2xpZGVzaG93IjoiYzYzZWU5ZCJ9\">\n\t\t\t\t\t<div class=\"e-gallery-image elementor-gallery-item__image\" data-thumbnail=\"https:\/\/www.alcantara-alicante.cl\/alicante-sol\/wp-content\/uploads\/sites\/9\/2025\/10\/Arte-preescolar-Colegio-Alicante-del-Sol9-300x225.jpeg\" data-width=\"300\" data-height=\"225\" aria-label=\"\" role=\"img\" ><\/div>\n\t\t\t\t\t\t\t\t\t\t\t<div class=\"elementor-gallery-item__overlay\"><\/div>\n\t\t\t\t\t\t\t\t\t\t\t\t\t\t<\/a>\n\t\t\t\t\t\t\t<a class=\"e-gallery-item elementor-gallery-item elementor-animated-content\" href=\"https:\/\/www.alcantara-alicante.cl\/alicante-sol\/wp-content\/uploads\/sites\/9\/2025\/10\/Arte-preescolar-Colegio-Alicante-del-Sol10.jpeg\" data-elementor-open-lightbox=\"yes\" data-elementor-lightbox-slideshow=\"c63ee9d\" data-elementor-lightbox-title=\"Arte preescolar Colegio Alicante del Sol10\" data-e-action-hash=\"#elementor-action%3Aaction%3Dlightbox%26settings%3DeyJpZCI6MjMwMywidXJsIjoiaHR0cHM6XC9cL3d3dy5hbGNhbnRhcmEtYWxpY2FudGUuY2xcL2FsaWNhbnRlLXNvbFwvd3AtY29udGVudFwvdXBsb2Fkc1wvc2l0ZXNcLzlcLzIwMjVcLzEwXC9BcnRlLXByZWVzY29sYXItQ29sZWdpby1BbGljYW50ZS1kZWwtU29sMTAuanBlZyIsInNsaWRlc2hvdyI6ImM2M2VlOWQifQ%3D%3D\">\n\t\t\t\t\t<div class=\"e-gallery-image elementor-gallery-item__image\" data-thumbnail=\"https:\/\/www.alcantara-alicante.cl\/alicante-sol\/wp-content\/uploads\/sites\/9\/2025\/10\/Arte-preescolar-Colegio-Alicante-del-Sol10-300x225.jpeg\" data-width=\"300\" data-height=\"225\" aria-label=\"\" role=\"img\" ><\/div>\n\t\t\t\t\t\t\t\t\t\t\t<div class=\"elementor-gallery-item__overlay\"><\/div>\n\t\t\t\t\t\t\t\t\t\t\t\t\t\t<\/a>\n\t\t\t\t\t\t\t<a class=\"e-gallery-item elementor-gallery-item elementor-animated-content\" href=\"https:\/\/www.alcantara-alicante.cl\/alicante-sol\/wp-content\/uploads\/sites\/9\/2025\/10\/Feria-costumbrista-colegio-colegio-alicante-del-sol16.jpeg\" data-elementor-open-lightbox=\"yes\" data-elementor-lightbox-slideshow=\"c63ee9d\" data-elementor-lightbox-title=\"Feria costumbrista colegio colegio alicante del sol16\" data-e-action-hash=\"#elementor-action%3Aaction%3Dlightbox%26settings%3DeyJpZCI6MjI4NywidXJsIjoiaHR0cHM6XC9cL3d3dy5hbGNhbnRhcmEtYWxpY2FudGUuY2xcL2FsaWNhbnRlLXNvbFwvd3AtY29udGVudFwvdXBsb2Fkc1wvc2l0ZXNcLzlcLzIwMjVcLzEwXC9GZXJpYS1jb3N0dW1icmlzdGEtY29sZWdpby1jb2xlZ2lvLWFsaWNhbnRlLWRlbC1zb2wxNi5qcGVnIiwic2xpZGVzaG93IjoiYzYzZWU5ZCJ9\">\n\t\t\t\t\t<div class=\"e-gallery-image elementor-gallery-item__image\" data-thumbnail=\"https:\/\/www.alcantara-alicante.cl\/alicante-sol\/wp-content\/uploads\/sites\/9\/2025\/10\/Feria-costumbrista-colegio-colegio-alicante-del-sol16-169x300.jpeg\" data-width=\"169\" data-height=\"300\" aria-label=\"\" role=\"img\" ><\/div>\n\t\t\t\t\t\t\t\t\t\t\t<div class=\"elementor-gallery-item__overlay\"><\/div>\n\t\t\t\t\t\t\t\t\t\t\t\t\t\t<\/a>\n\t\t\t\t\t\t\t<a class=\"e-gallery-item elementor-gallery-item elementor-animated-content\" href=\"https:\/\/www.alcantara-alicante.cl\/alicante-sol\/wp-content\/uploads\/sites\/9\/2025\/10\/Feria-costumbrista-colegio-colegio-alicante-del-sol15.jpeg\" data-elementor-open-lightbox=\"yes\" data-elementor-lightbox-slideshow=\"c63ee9d\" data-elementor-lightbox-title=\"Feria costumbrista colegio colegio alicante del sol15\" data-e-action-hash=\"#elementor-action%3Aaction%3Dlightbox%26settings%3DeyJpZCI6MjI4NiwidXJsIjoiaHR0cHM6XC9cL3d3dy5hbGNhbnRhcmEtYWxpY2FudGUuY2xcL2FsaWNhbnRlLXNvbFwvd3AtY29udGVudFwvdXBsb2Fkc1wvc2l0ZXNcLzlcLzIwMjVcLzEwXC9GZXJpYS1jb3N0dW1icmlzdGEtY29sZWdpby1jb2xlZ2lvLWFsaWNhbnRlLWRlbC1zb2wxNS5qcGVnIiwic2xpZGVzaG93IjoiYzYzZWU5ZCJ9\">\n\t\t\t\t\t<div class=\"e-gallery-image elementor-gallery-item__image\" data-thumbnail=\"https:\/\/www.alcantara-alicante.cl\/alicante-sol\/wp-content\/uploads\/sites\/9\/2025\/10\/Feria-costumbrista-colegio-colegio-alicante-del-sol15-169x300.jpeg\" data-width=\"169\" data-height=\"300\" aria-label=\"\" role=\"img\" ><\/div>\n\t\t\t\t\t\t\t\t\t\t\t<div class=\"elementor-gallery-item__overlay\"><\/div>\n\t\t\t\t\t\t\t\t\t\t\t\t\t\t<\/a>\n\t\t\t\t\t<\/div>\n\t\t\t\t\t<\/div>\n\t\t\t\t<\/div>\n\t\t\t\t\t<\/div>\n\t\t\t\t<\/div>\n\t\t\t\t<\/div>\n\t\t","protected":false},"excerpt":{"rendered":"<p>El jueves 2 de octubre, los ni\u00f1os y ni\u00f1as del K\u00ednder B participaron en la experiencia educativa \u201cRepresentar ideas de manera art\u00edstica sobre piedra\u201d, una actividad enmarcada en el \u00e1mbito de Comunicaci\u00f3n Integral, espec\u00edficamente en el n\u00facleo Lenguajes Art\u00edsticos. Durante la jornada, los estudiantes exploraron diversas formas de expresi\u00f3n creativa, utilizando l\u00edneas, formas y colores &#8230; <a title=\"Arte en K\u00ednder B\" class=\"read-more\" href=\"https:\/\/www.alcantara-alicante.cl\/alicante-sol\/2025\/10\/07\/arte-en-kinder-b\/\" aria-label=\"Leer m\u00e1s sobre Arte en K\u00ednder B\">Leer m\u00e1s<\/a><\/p>\n","protected":false},"author":4,"featured_media":2292,"comment_status":"open","ping_status":"open","sticky":false,"template":"","format":"standard","meta":{"footnotes":""},"categories":[16,10,22],"tags":[],"class_list":["post-2291","post","type-post","status-publish","format-standard","has-post-thumbnail","hentry","category-arte","category-destacadas","category-noticias-parvulario"],"aioseo_notices":[],"_links":{"self":[{"href":"https:\/\/www.alcantara-alicante.cl\/alicante-sol\/wp-json\/wp\/v2\/posts\/2291","targetHints":{"allow":["GET"]}}],"collection":[{"href":"https:\/\/www.alcantara-alicante.cl\/alicante-sol\/wp-json\/wp\/v2\/posts"}],"about":[{"href":"https:\/\/www.alcantara-alicante.cl\/alicante-sol\/wp-json\/wp\/v2\/types\/post"}],"author":[{"embeddable":true,"href":"https:\/\/www.alcantara-alicante.cl\/alicante-sol\/wp-json\/wp\/v2\/users\/4"}],"replies":[{"embeddable":true,"href":"https:\/\/www.alcantara-alicante.cl\/alicante-sol\/wp-json\/wp\/v2\/comments?post=2291"}],"version-history":[{"count":4,"href":"https:\/\/www.alcantara-alicante.cl\/alicante-sol\/wp-json\/wp\/v2\/posts\/2291\/revisions"}],"predecessor-version":[{"id":2306,"href":"https:\/\/www.alcantara-alicante.cl\/alicante-sol\/wp-json\/wp\/v2\/posts\/2291\/revisions\/2306"}],"wp:featuredmedia":[{"embeddable":true,"href":"https:\/\/www.alcantara-alicante.cl\/alicante-sol\/wp-json\/wp\/v2\/media\/2292"}],"wp:attachment":[{"href":"https:\/\/www.alcantara-alicante.cl\/alicante-sol\/wp-json\/wp\/v2\/media?parent=2291"}],"wp:term":[{"taxonomy":"category","embeddable":true,"href":"https:\/\/www.alcantara-alicante.cl\/alicante-sol\/wp-json\/wp\/v2\/categories?post=2291"},{"taxonomy":"post_tag","embeddable":true,"href":"https:\/\/www.alcantara-alicante.cl\/alicante-sol\/wp-json\/wp\/v2\/tags?post=2291"}],"curies":[{"name":"wp","href":"https:\/\/api.w.org\/{rel}","templated":true}]}}