{"id":2272,"date":"2025-09-29T10:47:29","date_gmt":"2025-09-29T13:47:29","guid":{"rendered":"https:\/\/www.alcantara-alicante.cl\/alicante-sol\/?p=2272"},"modified":"2025-10-07T10:57:38","modified_gmt":"2025-10-07T13:57:38","slug":"feria-costumbrista-2","status":"publish","type":"post","link":"https:\/\/www.alcantara-alicante.cl\/alicante-sol\/2025\/09\/29\/feria-costumbrista-2\/","title":{"rendered":"Feria Costumbrista"},"content":{"rendered":"\t\t<div data-elementor-type=\"wp-post\" data-elementor-id=\"2272\" class=\"elementor elementor-2272\" data-elementor-post-type=\"post\">\n\t\t\t\t<div class=\"elementor-element elementor-element-741802e e-flex e-con-boxed e-con e-parent\" data-id=\"741802e\" data-element_type=\"container\" data-e-type=\"container\">\n\t\t\t\t\t<div class=\"e-con-inner\">\n\t\t\t\t<div class=\"elementor-element elementor-element-3c95e56 elementor-widget elementor-widget-text-editor\" data-id=\"3c95e56\" data-element_type=\"widget\" data-e-type=\"widget\" data-widget_type=\"text-editor.default\">\n\t\t\t\t<div class=\"elementor-widget-container\">\n\t\t\t\t\t\t\t\t\t<p data-start=\"48\" data-end=\"367\">En el marco del <strong data-start=\"64\" data-end=\"112\">\u00c1mbito Interacci\u00f3n y Comprensi\u00f3n del Entorno<\/strong> y el <strong data-start=\"118\" data-end=\"166\">N\u00facleo Comprensi\u00f3n del entorno sociocultural<\/strong>, los ni\u00f1os y ni\u00f1as del <strong data-start=\"190\" data-end=\"223\">ciclo de Educaci\u00f3n Parvularia<\/strong> participaron en la <strong data-start=\"243\" data-end=\"291\">experiencia educativa \u201cMuestra Costumbrista\u201d<\/strong>, una instancia cultural y pedag\u00f3gica que se realiza cada a\u00f1o en el colegio.<\/p><p data-start=\"369\" data-end=\"786\">Esta actividad tuvo como prop\u00f3sito <strong data-start=\"404\" data-end=\"480\">apreciar las diversas formas de vida de comunidades del pa\u00eds y del mundo<\/strong>, tanto del pasado como del presente, seg\u00fan el <strong data-start=\"527\" data-end=\"554\">objetivo de aprendizaje<\/strong> del nivel. A trav\u00e9s de exposiciones, m\u00fasica, comidas t\u00edpicas, vestimentas, juegos tradicionales y presentaciones art\u00edsticas, los estudiantes <strong data-start=\"696\" data-end=\"753\">exploraron, valoraron y representaron las tradiciones<\/strong> de las distintas zonas de Chile.<\/p><p data-start=\"788\" data-end=\"1103\" data-is-last-node=\"\" data-is-only-node=\"\">Las familias cumplieron un rol fundamental al participar activamente, compartiendo elementos caracter\u00edsticos de cada regi\u00f3n. De esta forma, se fortaleci\u00f3 en los ni\u00f1os y ni\u00f1as el <strong data-start=\"966\" data-end=\"1050\">sentido de pertenencia, la identidad cultural y la valoraci\u00f3n de nuestras ra\u00edces<\/strong>, en un ambiente de alegr\u00eda, aprendizaje y comunidad.<\/p>\t\t\t\t\t\t\t\t<\/div>\n\t\t\t\t<\/div>\n\t\t\t\t\t<\/div>\n\t\t\t\t<\/div>\n\t\t<div class=\"elementor-element elementor-element-117296b e-flex e-con-boxed e-con e-parent\" data-id=\"117296b\" data-element_type=\"container\" data-e-type=\"container\">\n\t\t\t\t\t<div class=\"e-con-inner\">\n\t\t\t\t<div class=\"elementor-element elementor-element-541bb2f elementor-widget elementor-widget-gallery\" data-id=\"541bb2f\" data-element_type=\"widget\" data-e-type=\"widget\" data-settings=\"{&quot;columns&quot;:5,&quot;lazyload&quot;:&quot;yes&quot;,&quot;gallery_layout&quot;:&quot;grid&quot;,&quot;columns_tablet&quot;:2,&quot;columns_mobile&quot;:1,&quot;gap&quot;:{&quot;unit&quot;:&quot;px&quot;,&quot;size&quot;:10,&quot;sizes&quot;:[]},&quot;gap_tablet&quot;:{&quot;unit&quot;:&quot;px&quot;,&quot;size&quot;:10,&quot;sizes&quot;:[]},&quot;gap_mobile&quot;:{&quot;unit&quot;:&quot;px&quot;,&quot;size&quot;:10,&quot;sizes&quot;:[]},&quot;link_to&quot;:&quot;file&quot;,&quot;aspect_ratio&quot;:&quot;3:2&quot;,&quot;overlay_background&quot;:&quot;yes&quot;,&quot;content_hover_animation&quot;:&quot;fade-in&quot;}\" data-widget_type=\"gallery.default\">\n\t\t\t\t<div class=\"elementor-widget-container\">\n\t\t\t\t\t\t\t<div class=\"elementor-gallery__container\">\n\t\t\t\t\t\t\t<a class=\"e-gallery-item elementor-gallery-item elementor-animated-content\" href=\"https:\/\/www.alcantara-alicante.cl\/alicante-sol\/wp-content\/uploads\/sites\/9\/2025\/10\/Feria-costumbrista-colegio-colegio-alicante-del-sol2.jpeg\" data-elementor-open-lightbox=\"yes\" data-elementor-lightbox-slideshow=\"541bb2f\" data-elementor-lightbox-title=\"Feria costumbrista colegio colegio alicante del sol2\" data-e-action-hash=\"#elementor-action%3Aaction%3Dlightbox%26settings%3DeyJpZCI6MjI3NSwidXJsIjoiaHR0cHM6XC9cL3d3dy5hbGNhbnRhcmEtYWxpY2FudGUuY2xcL2FsaWNhbnRlLXNvbFwvd3AtY29udGVudFwvdXBsb2Fkc1wvc2l0ZXNcLzlcLzIwMjVcLzEwXC9GZXJpYS1jb3N0dW1icmlzdGEtY29sZWdpby1jb2xlZ2lvLWFsaWNhbnRlLWRlbC1zb2wyLmpwZWciLCJzbGlkZXNob3ciOiI1NDFiYjJmIn0%3D\">\n\t\t\t\t\t<div class=\"e-gallery-image elementor-gallery-item__image\" data-thumbnail=\"https:\/\/www.alcantara-alicante.cl\/alicante-sol\/wp-content\/uploads\/sites\/9\/2025\/10\/Feria-costumbrista-colegio-colegio-alicante-del-sol2-225x300.jpeg\" data-width=\"225\" data-height=\"300\" aria-label=\"\" role=\"img\" ><\/div>\n\t\t\t\t\t\t\t\t\t\t\t<div class=\"elementor-gallery-item__overlay\"><\/div>\n\t\t\t\t\t\t\t\t\t\t\t\t\t\t<\/a>\n\t\t\t\t\t\t\t<a class=\"e-gallery-item elementor-gallery-item elementor-animated-content\" href=\"https:\/\/www.alcantara-alicante.cl\/alicante-sol\/wp-content\/uploads\/sites\/9\/2025\/10\/Feria-costumbrista-colegio-colegio-alicante-del-sol3.jpeg\" data-elementor-open-lightbox=\"yes\" data-elementor-lightbox-slideshow=\"541bb2f\" data-elementor-lightbox-title=\"Feria costumbrista colegio colegio alicante del sol3\" data-e-action-hash=\"#elementor-action%3Aaction%3Dlightbox%26settings%3DeyJpZCI6MjI3NiwidXJsIjoiaHR0cHM6XC9cL3d3dy5hbGNhbnRhcmEtYWxpY2FudGUuY2xcL2FsaWNhbnRlLXNvbFwvd3AtY29udGVudFwvdXBsb2Fkc1wvc2l0ZXNcLzlcLzIwMjVcLzEwXC9GZXJpYS1jb3N0dW1icmlzdGEtY29sZWdpby1jb2xlZ2lvLWFsaWNhbnRlLWRlbC1zb2wzLmpwZWciLCJzbGlkZXNob3ciOiI1NDFiYjJmIn0%3D\">\n\t\t\t\t\t<div class=\"e-gallery-image elementor-gallery-item__image\" data-thumbnail=\"https:\/\/www.alcantara-alicante.cl\/alicante-sol\/wp-content\/uploads\/sites\/9\/2025\/10\/Feria-costumbrista-colegio-colegio-alicante-del-sol3-225x300.jpeg\" data-width=\"225\" data-height=\"300\" aria-label=\"\" role=\"img\" ><\/div>\n\t\t\t\t\t\t\t\t\t\t\t<div class=\"elementor-gallery-item__overlay\"><\/div>\n\t\t\t\t\t\t\t\t\t\t\t\t\t\t<\/a>\n\t\t\t\t\t\t\t<a class=\"e-gallery-item elementor-gallery-item elementor-animated-content\" href=\"https:\/\/www.alcantara-alicante.cl\/alicante-sol\/wp-content\/uploads\/sites\/9\/2025\/10\/Feria-costumbrista-colegio-colegio-alicante-del-sol4.jpeg\" data-elementor-open-lightbox=\"yes\" data-elementor-lightbox-slideshow=\"541bb2f\" data-elementor-lightbox-title=\"Feria costumbrista colegio colegio alicante del sol4\" data-e-action-hash=\"#elementor-action%3Aaction%3Dlightbox%26settings%3DeyJpZCI6MjI3NywidXJsIjoiaHR0cHM6XC9cL3d3dy5hbGNhbnRhcmEtYWxpY2FudGUuY2xcL2FsaWNhbnRlLXNvbFwvd3AtY29udGVudFwvdXBsb2Fkc1wvc2l0ZXNcLzlcLzIwMjVcLzEwXC9GZXJpYS1jb3N0dW1icmlzdGEtY29sZWdpby1jb2xlZ2lvLWFsaWNhbnRlLWRlbC1zb2w0LmpwZWciLCJzbGlkZXNob3ciOiI1NDFiYjJmIn0%3D\">\n\t\t\t\t\t<div class=\"e-gallery-image elementor-gallery-item__image\" data-thumbnail=\"https:\/\/www.alcantara-alicante.cl\/alicante-sol\/wp-content\/uploads\/sites\/9\/2025\/10\/Feria-costumbrista-colegio-colegio-alicante-del-sol4-300x225.jpeg\" data-width=\"300\" data-height=\"225\" aria-label=\"\" role=\"img\" ><\/div>\n\t\t\t\t\t\t\t\t\t\t\t<div class=\"elementor-gallery-item__overlay\"><\/div>\n\t\t\t\t\t\t\t\t\t\t\t\t\t\t<\/a>\n\t\t\t\t\t\t\t<a class=\"e-gallery-item elementor-gallery-item elementor-animated-content\" href=\"https:\/\/www.alcantara-alicante.cl\/alicante-sol\/wp-content\/uploads\/sites\/9\/2025\/10\/Feria-costumbrista-colegio-colegio-alicante-del-sol5.jpeg\" data-elementor-open-lightbox=\"yes\" data-elementor-lightbox-slideshow=\"541bb2f\" data-elementor-lightbox-title=\"Feria costumbrista colegio colegio alicante del sol5\" data-e-action-hash=\"#elementor-action%3Aaction%3Dlightbox%26settings%3DeyJpZCI6MjI3OCwidXJsIjoiaHR0cHM6XC9cL3d3dy5hbGNhbnRhcmEtYWxpY2FudGUuY2xcL2FsaWNhbnRlLXNvbFwvd3AtY29udGVudFwvdXBsb2Fkc1wvc2l0ZXNcLzlcLzIwMjVcLzEwXC9GZXJpYS1jb3N0dW1icmlzdGEtY29sZWdpby1jb2xlZ2lvLWFsaWNhbnRlLWRlbC1zb2w1LmpwZWciLCJzbGlkZXNob3ciOiI1NDFiYjJmIn0%3D\">\n\t\t\t\t\t<div class=\"e-gallery-image elementor-gallery-item__image\" data-thumbnail=\"https:\/\/www.alcantara-alicante.cl\/alicante-sol\/wp-content\/uploads\/sites\/9\/2025\/10\/Feria-costumbrista-colegio-colegio-alicante-del-sol5-300x225.jpeg\" data-width=\"300\" data-height=\"225\" aria-label=\"\" role=\"img\" ><\/div>\n\t\t\t\t\t\t\t\t\t\t\t<div class=\"elementor-gallery-item__overlay\"><\/div>\n\t\t\t\t\t\t\t\t\t\t\t\t\t\t<\/a>\n\t\t\t\t\t\t\t<a class=\"e-gallery-item elementor-gallery-item elementor-animated-content\" href=\"https:\/\/www.alcantara-alicante.cl\/alicante-sol\/wp-content\/uploads\/sites\/9\/2025\/10\/Feria-costumbrista-colegio-colegio-alicante-del-sol6.jpeg\" data-elementor-open-lightbox=\"yes\" data-elementor-lightbox-slideshow=\"541bb2f\" data-elementor-lightbox-title=\"Feria costumbrista colegio colegio alicante del sol6\" data-e-action-hash=\"#elementor-action%3Aaction%3Dlightbox%26settings%3DeyJpZCI6MjI3OSwidXJsIjoiaHR0cHM6XC9cL3d3dy5hbGNhbnRhcmEtYWxpY2FudGUuY2xcL2FsaWNhbnRlLXNvbFwvd3AtY29udGVudFwvdXBsb2Fkc1wvc2l0ZXNcLzlcLzIwMjVcLzEwXC9GZXJpYS1jb3N0dW1icmlzdGEtY29sZWdpby1jb2xlZ2lvLWFsaWNhbnRlLWRlbC1zb2w2LmpwZWciLCJzbGlkZXNob3ciOiI1NDFiYjJmIn0%3D\">\n\t\t\t\t\t<div class=\"e-gallery-image elementor-gallery-item__image\" data-thumbnail=\"https:\/\/www.alcantara-alicante.cl\/alicante-sol\/wp-content\/uploads\/sites\/9\/2025\/10\/Feria-costumbrista-colegio-colegio-alicante-del-sol6-300x225.jpeg\" data-width=\"300\" data-height=\"225\" aria-label=\"\" role=\"img\" ><\/div>\n\t\t\t\t\t\t\t\t\t\t\t<div class=\"elementor-gallery-item__overlay\"><\/div>\n\t\t\t\t\t\t\t\t\t\t\t\t\t\t<\/a>\n\t\t\t\t\t\t\t<a class=\"e-gallery-item elementor-gallery-item elementor-animated-content\" href=\"https:\/\/www.alcantara-alicante.cl\/alicante-sol\/wp-content\/uploads\/sites\/9\/2025\/10\/Feria-costumbrista-colegio-colegio-alicante-del-sol8.jpeg\" data-elementor-open-lightbox=\"yes\" data-elementor-lightbox-slideshow=\"541bb2f\" data-elementor-lightbox-title=\"Feria costumbrista colegio colegio alicante del sol8\" data-e-action-hash=\"#elementor-action%3Aaction%3Dlightbox%26settings%3DeyJpZCI6MjI4MCwidXJsIjoiaHR0cHM6XC9cL3d3dy5hbGNhbnRhcmEtYWxpY2FudGUuY2xcL2FsaWNhbnRlLXNvbFwvd3AtY29udGVudFwvdXBsb2Fkc1wvc2l0ZXNcLzlcLzIwMjVcLzEwXC9GZXJpYS1jb3N0dW1icmlzdGEtY29sZWdpby1jb2xlZ2lvLWFsaWNhbnRlLWRlbC1zb2w4LmpwZWciLCJzbGlkZXNob3ciOiI1NDFiYjJmIn0%3D\">\n\t\t\t\t\t<div class=\"e-gallery-image elementor-gallery-item__image\" data-thumbnail=\"https:\/\/www.alcantara-alicante.cl\/alicante-sol\/wp-content\/uploads\/sites\/9\/2025\/10\/Feria-costumbrista-colegio-colegio-alicante-del-sol8-300x169.jpeg\" data-width=\"300\" data-height=\"169\" aria-label=\"\" role=\"img\" ><\/div>\n\t\t\t\t\t\t\t\t\t\t\t<div class=\"elementor-gallery-item__overlay\"><\/div>\n\t\t\t\t\t\t\t\t\t\t\t\t\t\t<\/a>\n\t\t\t\t\t\t\t<a class=\"e-gallery-item elementor-gallery-item elementor-animated-content\" href=\"https:\/\/www.alcantara-alicante.cl\/alicante-sol\/wp-content\/uploads\/sites\/9\/2025\/10\/Feria-costumbrista-colegio-colegio-alicante-del-sol10.jpeg\" data-elementor-open-lightbox=\"yes\" data-elementor-lightbox-slideshow=\"541bb2f\" data-elementor-lightbox-title=\"Feria costumbrista colegio colegio alicante del sol10\" data-e-action-hash=\"#elementor-action%3Aaction%3Dlightbox%26settings%3DeyJpZCI6MjI4MSwidXJsIjoiaHR0cHM6XC9cL3d3dy5hbGNhbnRhcmEtYWxpY2FudGUuY2xcL2FsaWNhbnRlLXNvbFwvd3AtY29udGVudFwvdXBsb2Fkc1wvc2l0ZXNcLzlcLzIwMjVcLzEwXC9GZXJpYS1jb3N0dW1icmlzdGEtY29sZWdpby1jb2xlZ2lvLWFsaWNhbnRlLWRlbC1zb2wxMC5qcGVnIiwic2xpZGVzaG93IjoiNTQxYmIyZiJ9\">\n\t\t\t\t\t<div class=\"e-gallery-image elementor-gallery-item__image\" data-thumbnail=\"https:\/\/www.alcantara-alicante.cl\/alicante-sol\/wp-content\/uploads\/sites\/9\/2025\/10\/Feria-costumbrista-colegio-colegio-alicante-del-sol10-300x225.jpeg\" data-width=\"300\" data-height=\"225\" aria-label=\"\" role=\"img\" ><\/div>\n\t\t\t\t\t\t\t\t\t\t\t<div class=\"elementor-gallery-item__overlay\"><\/div>\n\t\t\t\t\t\t\t\t\t\t\t\t\t\t<\/a>\n\t\t\t\t\t\t\t<a class=\"e-gallery-item elementor-gallery-item elementor-animated-content\" href=\"https:\/\/www.alcantara-alicante.cl\/alicante-sol\/wp-content\/uploads\/sites\/9\/2025\/10\/Feria-costumbrista-colegio-colegio-alicante-del-sol11.jpeg\" data-elementor-open-lightbox=\"yes\" data-elementor-lightbox-slideshow=\"541bb2f\" data-elementor-lightbox-title=\"Feria costumbrista colegio colegio alicante del sol11\" data-e-action-hash=\"#elementor-action%3Aaction%3Dlightbox%26settings%3DeyJpZCI6MjI4MiwidXJsIjoiaHR0cHM6XC9cL3d3dy5hbGNhbnRhcmEtYWxpY2FudGUuY2xcL2FsaWNhbnRlLXNvbFwvd3AtY29udGVudFwvdXBsb2Fkc1wvc2l0ZXNcLzlcLzIwMjVcLzEwXC9GZXJpYS1jb3N0dW1icmlzdGEtY29sZWdpby1jb2xlZ2lvLWFsaWNhbnRlLWRlbC1zb2wxMS5qcGVnIiwic2xpZGVzaG93IjoiNTQxYmIyZiJ9\">\n\t\t\t\t\t<div class=\"e-gallery-image elementor-gallery-item__image\" data-thumbnail=\"https:\/\/www.alcantara-alicante.cl\/alicante-sol\/wp-content\/uploads\/sites\/9\/2025\/10\/Feria-costumbrista-colegio-colegio-alicante-del-sol11-300x225.jpeg\" data-width=\"300\" data-height=\"225\" aria-label=\"\" role=\"img\" ><\/div>\n\t\t\t\t\t\t\t\t\t\t\t<div class=\"elementor-gallery-item__overlay\"><\/div>\n\t\t\t\t\t\t\t\t\t\t\t\t\t\t<\/a>\n\t\t\t\t\t\t\t<a class=\"e-gallery-item elementor-gallery-item elementor-animated-content\" href=\"https:\/\/www.alcantara-alicante.cl\/alicante-sol\/wp-content\/uploads\/sites\/9\/2025\/10\/Feria-costumbrista-colegio-colegio-alicante-del-sol12.jpeg\" data-elementor-open-lightbox=\"yes\" data-elementor-lightbox-slideshow=\"541bb2f\" data-elementor-lightbox-title=\"Feria costumbrista colegio colegio alicante del sol12\" data-e-action-hash=\"#elementor-action%3Aaction%3Dlightbox%26settings%3DeyJpZCI6MjI4MywidXJsIjoiaHR0cHM6XC9cL3d3dy5hbGNhbnRhcmEtYWxpY2FudGUuY2xcL2FsaWNhbnRlLXNvbFwvd3AtY29udGVudFwvdXBsb2Fkc1wvc2l0ZXNcLzlcLzIwMjVcLzEwXC9GZXJpYS1jb3N0dW1icmlzdGEtY29sZWdpby1jb2xlZ2lvLWFsaWNhbnRlLWRlbC1zb2wxMi5qcGVnIiwic2xpZGVzaG93IjoiNTQxYmIyZiJ9\">\n\t\t\t\t\t<div class=\"e-gallery-image elementor-gallery-item__image\" data-thumbnail=\"https:\/\/www.alcantara-alicante.cl\/alicante-sol\/wp-content\/uploads\/sites\/9\/2025\/10\/Feria-costumbrista-colegio-colegio-alicante-del-sol12-300x169.jpeg\" data-width=\"300\" data-height=\"169\" aria-label=\"\" role=\"img\" ><\/div>\n\t\t\t\t\t\t\t\t\t\t\t<div class=\"elementor-gallery-item__overlay\"><\/div>\n\t\t\t\t\t\t\t\t\t\t\t\t\t\t<\/a>\n\t\t\t\t\t\t\t<a class=\"e-gallery-item elementor-gallery-item elementor-animated-content\" href=\"https:\/\/www.alcantara-alicante.cl\/alicante-sol\/wp-content\/uploads\/sites\/9\/2025\/10\/Feria-costumbrista-colegio-colegio-alicante-del-sol13.jpeg\" data-elementor-open-lightbox=\"yes\" data-elementor-lightbox-slideshow=\"541bb2f\" data-elementor-lightbox-title=\"Feria costumbrista colegio colegio alicante del sol13\" data-e-action-hash=\"#elementor-action%3Aaction%3Dlightbox%26settings%3DeyJpZCI6MjI4NCwidXJsIjoiaHR0cHM6XC9cL3d3dy5hbGNhbnRhcmEtYWxpY2FudGUuY2xcL2FsaWNhbnRlLXNvbFwvd3AtY29udGVudFwvdXBsb2Fkc1wvc2l0ZXNcLzlcLzIwMjVcLzEwXC9GZXJpYS1jb3N0dW1icmlzdGEtY29sZWdpby1jb2xlZ2lvLWFsaWNhbnRlLWRlbC1zb2wxMy5qcGVnIiwic2xpZGVzaG93IjoiNTQxYmIyZiJ9\">\n\t\t\t\t\t<div class=\"e-gallery-image elementor-gallery-item__image\" data-thumbnail=\"https:\/\/www.alcantara-alicante.cl\/alicante-sol\/wp-content\/uploads\/sites\/9\/2025\/10\/Feria-costumbrista-colegio-colegio-alicante-del-sol13-300x225.jpeg\" data-width=\"300\" data-height=\"225\" aria-label=\"\" role=\"img\" ><\/div>\n\t\t\t\t\t\t\t\t\t\t\t<div class=\"elementor-gallery-item__overlay\"><\/div>\n\t\t\t\t\t\t\t\t\t\t\t\t\t\t<\/a>\n\t\t\t\t\t\t\t<a class=\"e-gallery-item elementor-gallery-item elementor-animated-content\" href=\"https:\/\/www.alcantara-alicante.cl\/alicante-sol\/wp-content\/uploads\/sites\/9\/2025\/10\/Feria-costumbrista-colegio-colegio-alicante-del-sol14.jpeg\" data-elementor-open-lightbox=\"yes\" data-elementor-lightbox-slideshow=\"541bb2f\" data-elementor-lightbox-title=\"Feria costumbrista colegio colegio alicante del sol14\" data-e-action-hash=\"#elementor-action%3Aaction%3Dlightbox%26settings%3DeyJpZCI6MjI4NSwidXJsIjoiaHR0cHM6XC9cL3d3dy5hbGNhbnRhcmEtYWxpY2FudGUuY2xcL2FsaWNhbnRlLXNvbFwvd3AtY29udGVudFwvdXBsb2Fkc1wvc2l0ZXNcLzlcLzIwMjVcLzEwXC9GZXJpYS1jb3N0dW1icmlzdGEtY29sZWdpby1jb2xlZ2lvLWFsaWNhbnRlLWRlbC1zb2wxNC5qcGVnIiwic2xpZGVzaG93IjoiNTQxYmIyZiJ9\">\n\t\t\t\t\t<div class=\"e-gallery-image elementor-gallery-item__image\" data-thumbnail=\"https:\/\/www.alcantara-alicante.cl\/alicante-sol\/wp-content\/uploads\/sites\/9\/2025\/10\/Feria-costumbrista-colegio-colegio-alicante-del-sol14-300x225.jpeg\" data-width=\"300\" data-height=\"225\" aria-label=\"\" role=\"img\" ><\/div>\n\t\t\t\t\t\t\t\t\t\t\t<div class=\"elementor-gallery-item__overlay\"><\/div>\n\t\t\t\t\t\t\t\t\t\t\t\t\t\t<\/a>\n\t\t\t\t\t<\/div>\n\t\t\t\t\t<\/div>\n\t\t\t\t<\/div>\n\t\t\t\t\t<\/div>\n\t\t\t\t<\/div>\n\t\t\t\t<\/div>\n\t\t","protected":false},"excerpt":{"rendered":"<p>En el marco del \u00c1mbito Interacci\u00f3n y Comprensi\u00f3n del Entorno y el N\u00facleo Comprensi\u00f3n del entorno sociocultural, los ni\u00f1os y ni\u00f1as del ciclo de Educaci\u00f3n Parvularia participaron en la experiencia educativa \u201cMuestra Costumbrista\u201d, una instancia cultural y pedag\u00f3gica que se realiza cada a\u00f1o en el colegio. Esta actividad tuvo como prop\u00f3sito apreciar las diversas formas &#8230; <a title=\"Feria Costumbrista\" class=\"read-more\" href=\"https:\/\/www.alcantara-alicante.cl\/alicante-sol\/2025\/09\/29\/feria-costumbrista-2\/\" aria-label=\"Leer m\u00e1s sobre Feria Costumbrista\">Leer m\u00e1s<\/a><\/p>\n","protected":false},"author":4,"featured_media":2273,"comment_status":"open","ping_status":"open","sticky":false,"template":"","format":"standard","meta":{"footnotes":""},"categories":[15,10,22],"tags":[],"class_list":["post-2272","post","type-post","status-publish","format-standard","has-post-thumbnail","hentry","category-culturales","category-destacadas","category-noticias-parvulario"],"aioseo_notices":[],"_links":{"self":[{"href":"https:\/\/www.alcantara-alicante.cl\/alicante-sol\/wp-json\/wp\/v2\/posts\/2272","targetHints":{"allow":["GET"]}}],"collection":[{"href":"https:\/\/www.alcantara-alicante.cl\/alicante-sol\/wp-json\/wp\/v2\/posts"}],"about":[{"href":"https:\/\/www.alcantara-alicante.cl\/alicante-sol\/wp-json\/wp\/v2\/types\/post"}],"author":[{"embeddable":true,"href":"https:\/\/www.alcantara-alicante.cl\/alicante-sol\/wp-json\/wp\/v2\/users\/4"}],"replies":[{"embeddable":true,"href":"https:\/\/www.alcantara-alicante.cl\/alicante-sol\/wp-json\/wp\/v2\/comments?post=2272"}],"version-history":[{"count":4,"href":"https:\/\/www.alcantara-alicante.cl\/alicante-sol\/wp-json\/wp\/v2\/posts\/2272\/revisions"}],"predecessor-version":[{"id":2290,"href":"https:\/\/www.alcantara-alicante.cl\/alicante-sol\/wp-json\/wp\/v2\/posts\/2272\/revisions\/2290"}],"wp:featuredmedia":[{"embeddable":true,"href":"https:\/\/www.alcantara-alicante.cl\/alicante-sol\/wp-json\/wp\/v2\/media\/2273"}],"wp:attachment":[{"href":"https:\/\/www.alcantara-alicante.cl\/alicante-sol\/wp-json\/wp\/v2\/media?parent=2272"}],"wp:term":[{"taxonomy":"category","embeddable":true,"href":"https:\/\/www.alcantara-alicante.cl\/alicante-sol\/wp-json\/wp\/v2\/categories?post=2272"},{"taxonomy":"post_tag","embeddable":true,"href":"https:\/\/www.alcantara-alicante.cl\/alicante-sol\/wp-json\/wp\/v2\/tags?post=2272"}],"curies":[{"name":"wp","href":"https:\/\/api.w.org\/{rel}","templated":true}]}}