{"id":1399,"date":"2025-03-21T13:15:04","date_gmt":"2025-03-21T16:15:04","guid":{"rendered":"https:\/\/www.alcantara-alicante.cl\/alicante-sol\/2025\/03\/21\/calcetines-intercambiados\/"},"modified":"2025-03-21T13:15:04","modified_gmt":"2025-03-21T16:15:04","slug":"calcetines-intercambiados","status":"publish","type":"post","link":"https:\/\/www.alcantara-alicante.cl\/alicante-sol\/2025\/03\/21\/calcetines-intercambiados\/","title":{"rendered":"Calcetines intercambiados"},"content":{"rendered":"<p data-olk-copy-source=\"MailCompose\">El 21 de marzo se conmemora mundialmente el\u00a0D\u00eda Mundial del S\u00edndrome de Down,\u00a0una fecha que busca promover la inclusi\u00f3n y recordar la autonom\u00eda e independencia de personas con S\u00edndrome de Down.<\/p>\n<p>La elecci\u00f3n de esta fecha no es al azar: hace referencia a la\u00a0trisom\u00eda del cromosoma 21,\u00a0la alteraci\u00f3n gen\u00e9tica que caracteriza al s\u00edndrome de Down.<\/p>\n<p data-olk-copy-source=\"MailCompose\">En este d\u00eda, una de las tradiciones m\u00e1s simb\u00f3licas es el uso de calcetines de distintos colores y dise\u00f1os, un gesto que nos recuerda que\u00a0cada persona es \u00fanica y que la diversidad nos enriquece como comunidad.<\/p>\n<p>Aprovechemos esta fecha para\u00a0reforzar nuestro compromiso con la inclusi\u00f3n.\u00a0Conoce nuestros talleres para dotar a tu cuerpo educativo de las herramientas y estrategias necesarias para lograr espacios m\u00e1s inclusivos.<\/p>\n<p><img fetchpriority=\"high\" decoding=\"async\" width=\"409\" height=\"1024\" src=\"https:\/\/www.alcantara-alicante.cl\/alicante-sol\/wp-content\/uploads\/sites\/9\/site\/\/1\/Conmemoracion-al-Dia-Mundial-del-Sindrome-de-Down-AA-PDF-1-1_compressed-scaled.jpg\" alt=\"\" srcset=\"https:\/\/www.alcantara-alicante.cl\/alicante-sol\/wp-content\/uploads\/sites\/9\/site\/\/1\/Conmemoracion-al-Dia-Mundial-del-Sindrome-de-Down-AA-PDF-1-1_compressed-scaled.jpg 409w, https:\/\/www.alcantara-alicante.cl\/alicante-sol\/wp-content\/uploads\/sites\/9\/site\/\/1\/Conmemoracion-al-Dia-Mundial-del-Sindrome-de-Down-AA-PDF-1-1_compressed-scaled.jpg 120w, https:\/\/www.alcantara-alicante.cl\/alicante-sol\/wp-content\/uploads\/sites\/9\/site\/\/1\/Conmemoracion-al-Dia-Mundial-del-Sindrome-de-Down-AA-PDF-1-1_compressed-scaled.jpg 768w, https:\/\/www.alcantara-alicante.cl\/alicante-sol\/wp-content\/uploads\/sites\/9\/site\/\/1\/Conmemoracion-al-Dia-Mundial-del-Sindrome-de-Down-AA-PDF-1-1_compressed-scaled.jpg 614w, https:\/\/www.alcantara-alicante.cl\/alicante-sol\/wp-content\/uploads\/sites\/9\/site\/\/1\/Conmemoracion-al-Dia-Mundial-del-Sindrome-de-Down-AA-PDF-1-1_compressed-scaled.jpg 819w, https:\/\/www.alcantara-alicante.cl\/alicante-sol\/wp-content\/uploads\/sites\/9\/site\/\/1\/Conmemoracion-al-Dia-Mundial-del-Sindrome-de-Down-AA-PDF-1-1_compressed-scaled.jpg 700w, https:\/\/www.alcantara-alicante.cl\/alicante-sol\/wp-content\/uploads\/sites\/9\/site\/\/1\/Conmemoracion-al-Dia-Mundial-del-Sindrome-de-Down-AA-PDF-1-1_compressed-scaled.jpg 1024w\" sizes=\"(max-width: 409px) 100vw, 409px\" \/><\/p>\n","protected":false},"excerpt":{"rendered":"<p>El 21 de marzo se conmemora mundialmente el\u00a0D\u00eda Mundial del S\u00edndrome de Down,\u00a0una fecha que busca promover la inclusi\u00f3n y recordar la autonom\u00eda e independencia de personas con S\u00edndrome de Down. La elecci\u00f3n de esta fecha no es al azar: hace referencia a la\u00a0trisom\u00eda del cromosoma 21,\u00a0la alteraci\u00f3n gen\u00e9tica que caracteriza al s\u00edndrome de Down. &#8230; <a title=\"Calcetines intercambiados\" class=\"read-more\" href=\"https:\/\/www.alcantara-alicante.cl\/alicante-sol\/2025\/03\/21\/calcetines-intercambiados\/\" aria-label=\"Leer m\u00e1s sobre Calcetines intercambiados\">Leer m\u00e1s<\/a><\/p>\n","protected":false},"author":1,"featured_media":1095,"comment_status":"open","ping_status":"open","sticky":false,"template":"","format":"standard","meta":{"footnotes":""},"categories":[17,10],"tags":[],"class_list":["post-1399","post","type-post","status-publish","format-standard","has-post-thumbnail","hentry","category-convivencia-escolar","category-destacadas"],"aioseo_notices":[],"_links":{"self":[{"href":"https:\/\/www.alcantara-alicante.cl\/alicante-sol\/wp-json\/wp\/v2\/posts\/1399","targetHints":{"allow":["GET"]}}],"collection":[{"href":"https:\/\/www.alcantara-alicante.cl\/alicante-sol\/wp-json\/wp\/v2\/posts"}],"about":[{"href":"https:\/\/www.alcantara-alicante.cl\/alicante-sol\/wp-json\/wp\/v2\/types\/post"}],"author":[{"embeddable":true,"href":"https:\/\/www.alcantara-alicante.cl\/alicante-sol\/wp-json\/wp\/v2\/users\/1"}],"replies":[{"embeddable":true,"href":"https:\/\/www.alcantara-alicante.cl\/alicante-sol\/wp-json\/wp\/v2\/comments?post=1399"}],"version-history":[{"count":0,"href":"https:\/\/www.alcantara-alicante.cl\/alicante-sol\/wp-json\/wp\/v2\/posts\/1399\/revisions"}],"wp:featuredmedia":[{"embeddable":true,"href":"https:\/\/www.alcantara-alicante.cl\/alicante-sol\/wp-json\/wp\/v2\/media\/1095"}],"wp:attachment":[{"href":"https:\/\/www.alcantara-alicante.cl\/alicante-sol\/wp-json\/wp\/v2\/media?parent=1399"}],"wp:term":[{"taxonomy":"category","embeddable":true,"href":"https:\/\/www.alcantara-alicante.cl\/alicante-sol\/wp-json\/wp\/v2\/categories?post=1399"},{"taxonomy":"post_tag","embeddable":true,"href":"https:\/\/www.alcantara-alicante.cl\/alicante-sol\/wp-json\/wp\/v2\/tags?post=1399"}],"curies":[{"name":"wp","href":"https:\/\/api.w.org\/{rel}","templated":true}]}}