{"id":1366,"date":"2024-11-05T20:29:16","date_gmt":"2024-11-05T23:29:16","guid":{"rendered":"https:\/\/www.alcantara-alicante.cl\/alicante-sol\/2024\/11\/05\/1o-seminario-int-de-pedagogia-con-ai\/"},"modified":"2024-11-05T20:29:16","modified_gmt":"2024-11-05T23:29:16","slug":"1o-seminario-int-de-pedagogia-con-ai","status":"publish","type":"post","link":"https:\/\/www.alcantara-alicante.cl\/alicante-sol\/2024\/11\/05\/1o-seminario-int-de-pedagogia-con-ai\/","title":{"rendered":"1\u00ba Seminario Int. de pedagog\u00eda con AI"},"content":{"rendered":"<p>El d\u00eda 4 de noviembre se desarroll\u00f3 el 1er Seminario Internacional de Pedagog\u00eda con Inteligencia Artificial (IA) <strong>\u00bfQu\u00e9 tipo de pensamiento hay que desarrollar? <\/strong>organizado por Centro de Investigaci\u00f3n Avanzada en Educaci\u00f3n de la Universidad de Chile.\u00a0\u00a0El objetivo de este seminario fue entregar herramientas contextuales a docentes y directivos que permitan desarrollar habilidades estrat\u00e9gicas y de gesti\u00f3n educativa para el aprovechamiento del pensamiento computacional y creativo en los estudiantes, con el prop\u00f3sito que est\u00e9n mejor preparados para interactuar con solidez y cuidado con la IA.\u00a0\u00a0Tuvimos la experiencia de presenciar ponencias de importantes investigadores internacionales y de nuestro pa\u00eds que nos expusieron investigaciones donde el fin era el desarrollo de pensamiento matem\u00e1tico, computacional como tambi\u00e9n como estos se ven reflejados en la actualizaci\u00f3n curricular propuesta por el MINEDUC.\u00a0\u00a0En esta ocasi\u00f3n nos representaron los docentes Bernardita Alarc\u00f3n y Javier Figueroa quienes compartir\u00e1n con sus colegas las experiencias aprendidas y avances educativos en el tema.<br \/>\n<a href=\"https:\/\/www.alcantara-alicante.cl\/alicante-sol\/wp-content\/uploads\/sites\/11\/2024\/11\/pedagogia-con-AI-1.jpg\" data-elementor-open-lightbox=\"yes\" data-elementor-lightbox-slideshow=\"9834c98\" data-elementor-lightbox-title=\"pedagogia con AI 1\" data-e-action-hash=\"#elementor-action%3Aaction%3Dlightbox%26settings%3DeyJpZCI6MjM1NjEsInVybCI6Imh0dHBzOlwvXC93d3cuYWxjYW50YXJhLWFsaWNhbnRlLmNsXC9hbGljYW50ZS1zb2xcL3dwLWNvbnRlbnRcL3VwbG9hZHNcL3NpdGVzXC8xMVwvMjAyNFwvMTFcL3BlZGFnb2dpYS1jb24tQUktMS5qcGciLCJzbGlkZXNob3ciOiI5ODM0Yzk4In0%3D\"><br \/>\n<\/a><br \/>\n<a href=\"https:\/\/www.alcantara-alicante.cl\/alicante-sol\/wp-content\/uploads\/sites\/11\/2024\/11\/pedagogia-con-AI-2.jpg\" data-elementor-open-lightbox=\"yes\" data-elementor-lightbox-slideshow=\"9834c98\" data-elementor-lightbox-title=\"pedagogia con AI 2\" data-e-action-hash=\"#elementor-action%3Aaction%3Dlightbox%26settings%3DeyJpZCI6MjM1NjIsInVybCI6Imh0dHBzOlwvXC93d3cuYWxjYW50YXJhLWFsaWNhbnRlLmNsXC9hbGljYW50ZS1zb2xcL3dwLWNvbnRlbnRcL3VwbG9hZHNcL3NpdGVzXC8xMVwvMjAyNFwvMTFcL3BlZGFnb2dpYS1jb24tQUktMi5qcGciLCJzbGlkZXNob3ciOiI5ODM0Yzk4In0%3D\"><br \/>\n<\/a><br \/>\n<a href=\"https:\/\/www.alcantara-alicante.cl\/alicante-sol\/wp-content\/uploads\/sites\/11\/2024\/11\/pedagogia-con-AI-3.jpg\" data-elementor-open-lightbox=\"yes\" data-elementor-lightbox-slideshow=\"9834c98\" data-elementor-lightbox-title=\"pedagogia con AI 3\" data-e-action-hash=\"#elementor-action%3Aaction%3Dlightbox%26settings%3DeyJpZCI6MjM1NjMsInVybCI6Imh0dHBzOlwvXC93d3cuYWxjYW50YXJhLWFsaWNhbnRlLmNsXC9hbGljYW50ZS1zb2xcL3dwLWNvbnRlbnRcL3VwbG9hZHNcL3NpdGVzXC8xMVwvMjAyNFwvMTFcL3BlZGFnb2dpYS1jb24tQUktMy5qcGciLCJzbGlkZXNob3ciOiI5ODM0Yzk4In0%3D\"><br \/>\n<\/a><br \/>\n<a href=\"https:\/\/www.alcantara-alicante.cl\/alicante-sol\/wp-content\/uploads\/sites\/11\/2024\/11\/pedagogia-con-AI-4.jpg\" data-elementor-open-lightbox=\"yes\" data-elementor-lightbox-slideshow=\"9834c98\" data-elementor-lightbox-title=\"pedagogia con AI 4\" data-e-action-hash=\"#elementor-action%3Aaction%3Dlightbox%26settings%3DeyJpZCI6MjM1NjQsInVybCI6Imh0dHBzOlwvXC93d3cuYWxjYW50YXJhLWFsaWNhbnRlLmNsXC9hbGljYW50ZS1zb2xcL3dwLWNvbnRlbnRcL3VwbG9hZHNcL3NpdGVzXC8xMVwvMjAyNFwvMTFcL3BlZGFnb2dpYS1jb24tQUktNC5qcGciLCJzbGlkZXNob3ciOiI5ODM0Yzk4In0%3D\"><br \/>\n<\/a><\/p>\n","protected":false},"excerpt":{"rendered":"<p>El d\u00eda 4 de noviembre se desarroll\u00f3 el 1er Seminario Internacional de Pedagog\u00eda con Inteligencia Artificial (IA) \u00bfQu\u00e9 tipo de pensamiento hay que desarrollar? organizado por Centro de Investigaci\u00f3n Avanzada en Educaci\u00f3n de la Universidad de Chile.\u00a0\u00a0El objetivo de este seminario fue entregar herramientas contextuales a docentes y directivos que permitan desarrollar habilidades estrat\u00e9gicas y &#8230; <a title=\"1\u00ba Seminario Int. de pedagog\u00eda con AI\" class=\"read-more\" href=\"https:\/\/www.alcantara-alicante.cl\/alicante-sol\/2024\/11\/05\/1o-seminario-int-de-pedagogia-con-ai\/\" aria-label=\"Leer m\u00e1s sobre 1\u00ba Seminario Int. de pedagog\u00eda con AI\">Leer m\u00e1s<\/a><\/p>\n","protected":false},"author":1,"featured_media":1367,"comment_status":"open","ping_status":"open","sticky":false,"template":"","format":"standard","meta":{"footnotes":""},"categories":[12,10,1],"tags":[],"class_list":["post-1366","post","type-post","status-publish","format-standard","has-post-thumbnail","hentry","category-academicas","category-destacadas","category-sin-categoria"],"aioseo_notices":[],"_links":{"self":[{"href":"https:\/\/www.alcantara-alicante.cl\/alicante-sol\/wp-json\/wp\/v2\/posts\/1366","targetHints":{"allow":["GET"]}}],"collection":[{"href":"https:\/\/www.alcantara-alicante.cl\/alicante-sol\/wp-json\/wp\/v2\/posts"}],"about":[{"href":"https:\/\/www.alcantara-alicante.cl\/alicante-sol\/wp-json\/wp\/v2\/types\/post"}],"author":[{"embeddable":true,"href":"https:\/\/www.alcantara-alicante.cl\/alicante-sol\/wp-json\/wp\/v2\/users\/1"}],"replies":[{"embeddable":true,"href":"https:\/\/www.alcantara-alicante.cl\/alicante-sol\/wp-json\/wp\/v2\/comments?post=1366"}],"version-history":[{"count":0,"href":"https:\/\/www.alcantara-alicante.cl\/alicante-sol\/wp-json\/wp\/v2\/posts\/1366\/revisions"}],"wp:featuredmedia":[{"embeddable":true,"href":"https:\/\/www.alcantara-alicante.cl\/alicante-sol\/wp-json\/wp\/v2\/media\/1367"}],"wp:attachment":[{"href":"https:\/\/www.alcantara-alicante.cl\/alicante-sol\/wp-json\/wp\/v2\/media?parent=1366"}],"wp:term":[{"taxonomy":"category","embeddable":true,"href":"https:\/\/www.alcantara-alicante.cl\/alicante-sol\/wp-json\/wp\/v2\/categories?post=1366"},{"taxonomy":"post_tag","embeddable":true,"href":"https:\/\/www.alcantara-alicante.cl\/alicante-sol\/wp-json\/wp\/v2\/tags?post=1366"}],"curies":[{"name":"wp","href":"https:\/\/api.w.org\/{rel}","templated":true}]}}