{"id":1350,"date":"2024-09-30T16:11:35","date_gmt":"2024-09-30T19:11:35","guid":{"rendered":"https:\/\/www.alcantara-alicante.cl\/alicante-sol\/2024\/09\/30\/feria-costumbrista\/"},"modified":"2024-09-30T16:11:35","modified_gmt":"2024-09-30T19:11:35","slug":"feria-costumbrista","status":"publish","type":"post","link":"https:\/\/www.alcantara-alicante.cl\/alicante-sol\/2024\/09\/30\/feria-costumbrista\/","title":{"rendered":"Feria costumbrista"},"content":{"rendered":"<p>El mi\u00e9rcoles 25 de septiembre se realiz\u00f3 en el ciclo de educaci\u00f3n Parvularia nuestra tradicional \u00abFeria costumbrista\u00bb, como cada a\u00f1o las apoderadas y apoderados de los distintos cursos prepararon una gran muestra cultural, geogr\u00e1fica y culinaria de la zona del pa\u00eds que les fue asignada.En esta oportunidad ni\u00f1os y ni\u00f1as disfrutaron de hermosas presentaciones que los llevaron a identificar aspectos relevantes de nuestro diverso y extenso pa\u00eds: paisajes, bailes, juegos y comidas t\u00edpica,\u00a0 fueron destacados elementos que favorecieron el excelente desarrollo de esta actividad.Muchas gracias apoderadas y apoderados, estas actividades nos permiten consolidar el trabajo colaborativo entre \u00abFamilia\u00a0 y Escuela\u00bb,\u00a0 de ese modo logramos objetivos juntos y sus hijos e hijas aprenden mejor.\u00a0<br \/>\n<a href=\"https:\/\/www.alcantara-alicante.cl\/alicante-sol\/wp-content\/uploads\/sites\/11\/2024\/09\/preescolar1.jpg\" data-elementor-open-lightbox=\"yes\" data-elementor-lightbox-slideshow=\"8d0d2ef\" data-elementor-lightbox-title=\"preescolar1\" data-e-action-hash=\"#elementor-action%3Aaction%3Dlightbox%26settings%3DeyJpZCI6MjMzOTIsInVybCI6Imh0dHBzOlwvXC93d3cuYWxjYW50YXJhLWFsaWNhbnRlLmNsXC9hbGljYW50ZS1zb2xcL3dwLWNvbnRlbnRcL3VwbG9hZHNcL3NpdGVzXC8xMVwvMjAyNFwvMDlcL3ByZWVzY29sYXIxLmpwZyIsInNsaWRlc2hvdyI6IjhkMGQyZWYifQ%3D%3D\"><br \/>\n<\/a><br \/>\n<a href=\"https:\/\/www.alcantara-alicante.cl\/alicante-sol\/wp-content\/uploads\/sites\/11\/2024\/09\/preescolar2.jpg\" data-elementor-open-lightbox=\"yes\" data-elementor-lightbox-slideshow=\"8d0d2ef\" data-elementor-lightbox-title=\"preescolar2\" data-e-action-hash=\"#elementor-action%3Aaction%3Dlightbox%26settings%3DeyJpZCI6MjMzOTMsInVybCI6Imh0dHBzOlwvXC93d3cuYWxjYW50YXJhLWFsaWNhbnRlLmNsXC9hbGljYW50ZS1zb2xcL3dwLWNvbnRlbnRcL3VwbG9hZHNcL3NpdGVzXC8xMVwvMjAyNFwvMDlcL3ByZWVzY29sYXIyLmpwZyIsInNsaWRlc2hvdyI6IjhkMGQyZWYifQ%3D%3D\"><br \/>\n<\/a><br \/>\n<a href=\"https:\/\/www.alcantara-alicante.cl\/alicante-sol\/wp-content\/uploads\/sites\/11\/2024\/09\/preescolar3.jpg\" data-elementor-open-lightbox=\"yes\" data-elementor-lightbox-slideshow=\"8d0d2ef\" data-elementor-lightbox-title=\"preescolar3\" data-e-action-hash=\"#elementor-action%3Aaction%3Dlightbox%26settings%3DeyJpZCI6MjMzOTQsInVybCI6Imh0dHBzOlwvXC93d3cuYWxjYW50YXJhLWFsaWNhbnRlLmNsXC9hbGljYW50ZS1zb2xcL3dwLWNvbnRlbnRcL3VwbG9hZHNcL3NpdGVzXC8xMVwvMjAyNFwvMDlcL3ByZWVzY29sYXIzLmpwZyIsInNsaWRlc2hvdyI6IjhkMGQyZWYifQ%3D%3D\"><br \/>\n<\/a><br \/>\n<a href=\"https:\/\/www.alcantara-alicante.cl\/alicante-sol\/wp-content\/uploads\/sites\/11\/2024\/09\/preescolar4.jpg\" data-elementor-open-lightbox=\"yes\" data-elementor-lightbox-slideshow=\"8d0d2ef\" data-elementor-lightbox-title=\"preescolar4\" data-e-action-hash=\"#elementor-action%3Aaction%3Dlightbox%26settings%3DeyJpZCI6MjMzOTUsInVybCI6Imh0dHBzOlwvXC93d3cuYWxjYW50YXJhLWFsaWNhbnRlLmNsXC9hbGljYW50ZS1zb2xcL3dwLWNvbnRlbnRcL3VwbG9hZHNcL3NpdGVzXC8xMVwvMjAyNFwvMDlcL3ByZWVzY29sYXI0LmpwZyIsInNsaWRlc2hvdyI6IjhkMGQyZWYifQ%3D%3D\"><br \/>\n<\/a><br \/>\n<a href=\"https:\/\/www.alcantara-alicante.cl\/alicante-sol\/wp-content\/uploads\/sites\/11\/2024\/09\/preescolar5.jpg\" data-elementor-open-lightbox=\"yes\" data-elementor-lightbox-slideshow=\"8d0d2ef\" data-elementor-lightbox-title=\"preescolar5\" data-e-action-hash=\"#elementor-action%3Aaction%3Dlightbox%26settings%3DeyJpZCI6MjMzOTYsInVybCI6Imh0dHBzOlwvXC93d3cuYWxjYW50YXJhLWFsaWNhbnRlLmNsXC9hbGljYW50ZS1zb2xcL3dwLWNvbnRlbnRcL3VwbG9hZHNcL3NpdGVzXC8xMVwvMjAyNFwvMDlcL3ByZWVzY29sYXI1LmpwZyIsInNsaWRlc2hvdyI6IjhkMGQyZWYifQ%3D%3D\"><br \/>\n<\/a><br \/>\n<a href=\"https:\/\/www.alcantara-alicante.cl\/alicante-sol\/wp-content\/uploads\/sites\/11\/2024\/09\/preescolar6.jpg\" data-elementor-open-lightbox=\"yes\" data-elementor-lightbox-slideshow=\"8d0d2ef\" data-elementor-lightbox-title=\"preescolar6\" data-e-action-hash=\"#elementor-action%3Aaction%3Dlightbox%26settings%3DeyJpZCI6MjMzOTcsInVybCI6Imh0dHBzOlwvXC93d3cuYWxjYW50YXJhLWFsaWNhbnRlLmNsXC9hbGljYW50ZS1zb2xcL3dwLWNvbnRlbnRcL3VwbG9hZHNcL3NpdGVzXC8xMVwvMjAyNFwvMDlcL3ByZWVzY29sYXI2LmpwZyIsInNsaWRlc2hvdyI6IjhkMGQyZWYifQ%3D%3D\"><br \/>\n<\/a><br \/>\n<a href=\"https:\/\/www.alcantara-alicante.cl\/alicante-sol\/wp-content\/uploads\/sites\/11\/2024\/09\/preescolar7.jpg\" data-elementor-open-lightbox=\"yes\" data-elementor-lightbox-slideshow=\"8d0d2ef\" data-elementor-lightbox-title=\"preescolar7\" data-e-action-hash=\"#elementor-action%3Aaction%3Dlightbox%26settings%3DeyJpZCI6MjMzOTgsInVybCI6Imh0dHBzOlwvXC93d3cuYWxjYW50YXJhLWFsaWNhbnRlLmNsXC9hbGljYW50ZS1zb2xcL3dwLWNvbnRlbnRcL3VwbG9hZHNcL3NpdGVzXC8xMVwvMjAyNFwvMDlcL3ByZWVzY29sYXI3LmpwZyIsInNsaWRlc2hvdyI6IjhkMGQyZWYifQ%3D%3D\"><br \/>\n<\/a><br \/>\n<a href=\"https:\/\/www.alcantara-alicante.cl\/alicante-sol\/wp-content\/uploads\/sites\/11\/2024\/09\/preescolar8.jpg\" data-elementor-open-lightbox=\"yes\" data-elementor-lightbox-slideshow=\"8d0d2ef\" data-elementor-lightbox-title=\"preescolar8\" data-e-action-hash=\"#elementor-action%3Aaction%3Dlightbox%26settings%3DeyJpZCI6MjMzOTksInVybCI6Imh0dHBzOlwvXC93d3cuYWxjYW50YXJhLWFsaWNhbnRlLmNsXC9hbGljYW50ZS1zb2xcL3dwLWNvbnRlbnRcL3VwbG9hZHNcL3NpdGVzXC8xMVwvMjAyNFwvMDlcL3ByZWVzY29sYXI4LmpwZyIsInNsaWRlc2hvdyI6IjhkMGQyZWYifQ%3D%3D\"><br \/>\n<\/a><br \/>\n<a href=\"https:\/\/www.alcantara-alicante.cl\/alicante-sol\/wp-content\/uploads\/sites\/11\/2024\/09\/preescolar9.jpg\" data-elementor-open-lightbox=\"yes\" data-elementor-lightbox-slideshow=\"8d0d2ef\" data-elementor-lightbox-title=\"preescolar9\" data-e-action-hash=\"#elementor-action%3Aaction%3Dlightbox%26settings%3DeyJpZCI6MjM0MDAsInVybCI6Imh0dHBzOlwvXC93d3cuYWxjYW50YXJhLWFsaWNhbnRlLmNsXC9hbGljYW50ZS1zb2xcL3dwLWNvbnRlbnRcL3VwbG9hZHNcL3NpdGVzXC8xMVwvMjAyNFwvMDlcL3ByZWVzY29sYXI5LmpwZyIsInNsaWRlc2hvdyI6IjhkMGQyZWYifQ%3D%3D\"><br \/>\n<\/a><br \/>\n<a href=\"https:\/\/www.alcantara-alicante.cl\/alicante-sol\/wp-content\/uploads\/sites\/11\/2024\/09\/preescolar10.jpg\" data-elementor-open-lightbox=\"yes\" data-elementor-lightbox-slideshow=\"8d0d2ef\" data-elementor-lightbox-title=\"preescolar10\" data-e-action-hash=\"#elementor-action%3Aaction%3Dlightbox%26settings%3DeyJpZCI6MjM0MDEsInVybCI6Imh0dHBzOlwvXC93d3cuYWxjYW50YXJhLWFsaWNhbnRlLmNsXC9hbGljYW50ZS1zb2xcL3dwLWNvbnRlbnRcL3VwbG9hZHNcL3NpdGVzXC8xMVwvMjAyNFwvMDlcL3ByZWVzY29sYXIxMC5qcGciLCJzbGlkZXNob3ciOiI4ZDBkMmVmIn0%3D\"><br \/>\n<\/a><br \/>\n<a href=\"https:\/\/www.alcantara-alicante.cl\/alicante-sol\/wp-content\/uploads\/sites\/11\/2024\/09\/preescolar11.jpg\" data-elementor-open-lightbox=\"yes\" data-elementor-lightbox-slideshow=\"8d0d2ef\" data-elementor-lightbox-title=\"preescolar11\" data-e-action-hash=\"#elementor-action%3Aaction%3Dlightbox%26settings%3DeyJpZCI6MjM0MDIsInVybCI6Imh0dHBzOlwvXC93d3cuYWxjYW50YXJhLWFsaWNhbnRlLmNsXC9hbGljYW50ZS1zb2xcL3dwLWNvbnRlbnRcL3VwbG9hZHNcL3NpdGVzXC8xMVwvMjAyNFwvMDlcL3ByZWVzY29sYXIxMS5qcGciLCJzbGlkZXNob3ciOiI4ZDBkMmVmIn0%3D\"><br \/>\n<\/a><br \/>\n<a href=\"https:\/\/www.alcantara-alicante.cl\/alicante-sol\/wp-content\/uploads\/sites\/11\/2024\/09\/preescolar12.jpg\" data-elementor-open-lightbox=\"yes\" data-elementor-lightbox-slideshow=\"8d0d2ef\" data-elementor-lightbox-title=\"preescolar12\" data-e-action-hash=\"#elementor-action%3Aaction%3Dlightbox%26settings%3DeyJpZCI6MjM0MDMsInVybCI6Imh0dHBzOlwvXC93d3cuYWxjYW50YXJhLWFsaWNhbnRlLmNsXC9hbGljYW50ZS1zb2xcL3dwLWNvbnRlbnRcL3VwbG9hZHNcL3NpdGVzXC8xMVwvMjAyNFwvMDlcL3ByZWVzY29sYXIxMi5qcGciLCJzbGlkZXNob3ciOiI4ZDBkMmVmIn0%3D\"><br \/>\n<\/a><br \/>\n<a href=\"https:\/\/www.alcantara-alicante.cl\/alicante-sol\/wp-content\/uploads\/sites\/11\/2024\/09\/preescolar13.jpg\" data-elementor-open-lightbox=\"yes\" data-elementor-lightbox-slideshow=\"8d0d2ef\" data-elementor-lightbox-title=\"preescolar13\" data-e-action-hash=\"#elementor-action%3Aaction%3Dlightbox%26settings%3DeyJpZCI6MjM0MDQsInVybCI6Imh0dHBzOlwvXC93d3cuYWxjYW50YXJhLWFsaWNhbnRlLmNsXC9hbGljYW50ZS1zb2xcL3dwLWNvbnRlbnRcL3VwbG9hZHNcL3NpdGVzXC8xMVwvMjAyNFwvMDlcL3ByZWVzY29sYXIxMy5qcGciLCJzbGlkZXNob3ciOiI4ZDBkMmVmIn0%3D\"><br \/>\n<\/a><br \/>\n<a href=\"https:\/\/www.alcantara-alicante.cl\/alicante-sol\/wp-content\/uploads\/sites\/11\/2024\/09\/preescolar14.jpg\" data-elementor-open-lightbox=\"yes\" data-elementor-lightbox-slideshow=\"8d0d2ef\" data-elementor-lightbox-title=\"preescolar14\" data-e-action-hash=\"#elementor-action%3Aaction%3Dlightbox%26settings%3DeyJpZCI6MjM0MDUsInVybCI6Imh0dHBzOlwvXC93d3cuYWxjYW50YXJhLWFsaWNhbnRlLmNsXC9hbGljYW50ZS1zb2xcL3dwLWNvbnRlbnRcL3VwbG9hZHNcL3NpdGVzXC8xMVwvMjAyNFwvMDlcL3ByZWVzY29sYXIxNC5qcGciLCJzbGlkZXNob3ciOiI4ZDBkMmVmIn0%3D\"><br \/>\n<\/a><br \/>\n<a href=\"https:\/\/www.alcantara-alicante.cl\/alicante-sol\/wp-content\/uploads\/sites\/11\/2024\/09\/preescolar15.jpg\" data-elementor-open-lightbox=\"yes\" data-elementor-lightbox-slideshow=\"8d0d2ef\" data-elementor-lightbox-title=\"preescolar15\" data-e-action-hash=\"#elementor-action%3Aaction%3Dlightbox%26settings%3DeyJpZCI6MjM0MDYsInVybCI6Imh0dHBzOlwvXC93d3cuYWxjYW50YXJhLWFsaWNhbnRlLmNsXC9hbGljYW50ZS1zb2xcL3dwLWNvbnRlbnRcL3VwbG9hZHNcL3NpdGVzXC8xMVwvMjAyNFwvMDlcL3ByZWVzY29sYXIxNS5qcGciLCJzbGlkZXNob3ciOiI4ZDBkMmVmIn0%3D\"><br \/>\n<\/a><br \/>\n<a href=\"https:\/\/www.alcantara-alicante.cl\/alicante-sol\/wp-content\/uploads\/sites\/11\/2024\/09\/preescolar16.jpg\" data-elementor-open-lightbox=\"yes\" data-elementor-lightbox-slideshow=\"8d0d2ef\" data-elementor-lightbox-title=\"preescolar16\" data-e-action-hash=\"#elementor-action%3Aaction%3Dlightbox%26settings%3DeyJpZCI6MjM0MDcsInVybCI6Imh0dHBzOlwvXC93d3cuYWxjYW50YXJhLWFsaWNhbnRlLmNsXC9hbGljYW50ZS1zb2xcL3dwLWNvbnRlbnRcL3VwbG9hZHNcL3NpdGVzXC8xMVwvMjAyNFwvMDlcL3ByZWVzY29sYXIxNi5qcGciLCJzbGlkZXNob3ciOiI4ZDBkMmVmIn0%3D\"><br \/>\n<\/a><br \/>\n<a href=\"https:\/\/www.alcantara-alicante.cl\/alicante-sol\/wp-content\/uploads\/sites\/11\/2024\/09\/preescolar17.jpg\" data-elementor-open-lightbox=\"yes\" data-elementor-lightbox-slideshow=\"8d0d2ef\" data-elementor-lightbox-title=\"preescolar17\" data-e-action-hash=\"#elementor-action%3Aaction%3Dlightbox%26settings%3DeyJpZCI6MjM0MDgsInVybCI6Imh0dHBzOlwvXC93d3cuYWxjYW50YXJhLWFsaWNhbnRlLmNsXC9hbGljYW50ZS1zb2xcL3dwLWNvbnRlbnRcL3VwbG9hZHNcL3NpdGVzXC8xMVwvMjAyNFwvMDlcL3ByZWVzY29sYXIxNy5qcGciLCJzbGlkZXNob3ciOiI4ZDBkMmVmIn0%3D\"><br \/>\n<\/a><br \/>\n<a href=\"https:\/\/www.alcantara-alicante.cl\/alicante-sol\/wp-content\/uploads\/sites\/11\/2024\/09\/preescolar18.jpg\" data-elementor-open-lightbox=\"yes\" data-elementor-lightbox-slideshow=\"8d0d2ef\" data-elementor-lightbox-title=\"preescolar18\" data-e-action-hash=\"#elementor-action%3Aaction%3Dlightbox%26settings%3DeyJpZCI6MjM0MDksInVybCI6Imh0dHBzOlwvXC93d3cuYWxjYW50YXJhLWFsaWNhbnRlLmNsXC9hbGljYW50ZS1zb2xcL3dwLWNvbnRlbnRcL3VwbG9hZHNcL3NpdGVzXC8xMVwvMjAyNFwvMDlcL3ByZWVzY29sYXIxOC5qcGciLCJzbGlkZXNob3ciOiI4ZDBkMmVmIn0%3D\"><br \/>\n<\/a><br \/>\n<a href=\"https:\/\/www.alcantara-alicante.cl\/alicante-sol\/wp-content\/uploads\/sites\/11\/2024\/09\/preescolar19.jpg\" data-elementor-open-lightbox=\"yes\" data-elementor-lightbox-slideshow=\"8d0d2ef\" data-elementor-lightbox-title=\"preescolar19\" data-e-action-hash=\"#elementor-action%3Aaction%3Dlightbox%26settings%3DeyJpZCI6MjM0MTAsInVybCI6Imh0dHBzOlwvXC93d3cuYWxjYW50YXJhLWFsaWNhbnRlLmNsXC9hbGljYW50ZS1zb2xcL3dwLWNvbnRlbnRcL3VwbG9hZHNcL3NpdGVzXC8xMVwvMjAyNFwvMDlcL3ByZWVzY29sYXIxOS5qcGciLCJzbGlkZXNob3ciOiI4ZDBkMmVmIn0%3D\"><br \/>\n<\/a><\/p>\n","protected":false},"excerpt":{"rendered":"<p>El mi\u00e9rcoles 25 de septiembre se realiz\u00f3 en el ciclo de educaci\u00f3n Parvularia nuestra tradicional \u00abFeria costumbrista\u00bb, como cada a\u00f1o las apoderadas y apoderados de los distintos cursos prepararon una gran muestra cultural, geogr\u00e1fica y culinaria de la zona del pa\u00eds que les fue asignada.En esta oportunidad ni\u00f1os y ni\u00f1as disfrutaron de hermosas presentaciones que &#8230; <a title=\"Feria costumbrista\" class=\"read-more\" href=\"https:\/\/www.alcantara-alicante.cl\/alicante-sol\/2024\/09\/30\/feria-costumbrista\/\" aria-label=\"Leer m\u00e1s sobre Feria costumbrista\">Leer m\u00e1s<\/a><\/p>\n","protected":false},"author":1,"featured_media":11,"comment_status":"open","ping_status":"open","sticky":false,"template":"","format":"standard","meta":{"footnotes":""},"categories":[15,10,22],"tags":[],"class_list":["post-1350","post","type-post","status-publish","format-standard","has-post-thumbnail","hentry","category-culturales","category-destacadas","category-noticias-parvulario"],"aioseo_notices":[],"_links":{"self":[{"href":"https:\/\/www.alcantara-alicante.cl\/alicante-sol\/wp-json\/wp\/v2\/posts\/1350","targetHints":{"allow":["GET"]}}],"collection":[{"href":"https:\/\/www.alcantara-alicante.cl\/alicante-sol\/wp-json\/wp\/v2\/posts"}],"about":[{"href":"https:\/\/www.alcantara-alicante.cl\/alicante-sol\/wp-json\/wp\/v2\/types\/post"}],"author":[{"embeddable":true,"href":"https:\/\/www.alcantara-alicante.cl\/alicante-sol\/wp-json\/wp\/v2\/users\/1"}],"replies":[{"embeddable":true,"href":"https:\/\/www.alcantara-alicante.cl\/alicante-sol\/wp-json\/wp\/v2\/comments?post=1350"}],"version-history":[{"count":0,"href":"https:\/\/www.alcantara-alicante.cl\/alicante-sol\/wp-json\/wp\/v2\/posts\/1350\/revisions"}],"wp:featuredmedia":[{"embeddable":true,"href":"https:\/\/www.alcantara-alicante.cl\/alicante-sol\/wp-json\/wp\/v2\/media\/11"}],"wp:attachment":[{"href":"https:\/\/www.alcantara-alicante.cl\/alicante-sol\/wp-json\/wp\/v2\/media?parent=1350"}],"wp:term":[{"taxonomy":"category","embeddable":true,"href":"https:\/\/www.alcantara-alicante.cl\/alicante-sol\/wp-json\/wp\/v2\/categories?post=1350"},{"taxonomy":"post_tag","embeddable":true,"href":"https:\/\/www.alcantara-alicante.cl\/alicante-sol\/wp-json\/wp\/v2\/tags?post=1350"}],"curies":[{"name":"wp","href":"https:\/\/api.w.org\/{rel}","templated":true}]}}