{"id":1303,"date":"2024-05-08T18:43:41","date_gmt":"2024-05-08T22:43:41","guid":{"rendered":"https:\/\/www.alcantara-alicante.cl\/alicante-sol\/2024\/05\/08\/regalo-literario-en-parvulario\/"},"modified":"2024-05-08T18:43:41","modified_gmt":"2024-05-08T22:43:41","slug":"regalo-literario-en-parvulario","status":"publish","type":"post","link":"https:\/\/www.alcantara-alicante.cl\/alicante-sol\/2024\/05\/08\/regalo-literario-en-parvulario\/","title":{"rendered":"Regalo literario en parvulario"},"content":{"rendered":"<p>Como cada a\u00f1o las familias alicantinas de nuestro ciclo, utilizando toda su creatividad y talento, prepararon maravillosas obras literarias infantiles para presentarlas a todos los cursos de nuestro ciclo.Este a\u00f1o los cuentos y leyendas representados\u00a0 fueron:PKA \u00ab\u00bfA qu\u00e9 sabe la Luna?\u00bbPKB y KE \u00abA\u00f1a\u00f1uka\u00bbKA y PKD \u00abLa tortilla corredora\u00bbKB \u00abEl d\u00eda en que los crayones renunciaron\u00bbKC y KD \u00abAzuladaA trav\u00e9s de diferentes t\u00e9cnicas como por ejemplo: teatro de sombras, t\u00edteres y dramatizaciones; las apoderadas (os) consiguieron cautivar la atenci\u00f3n de cada ni\u00f1o y ni\u00f1a, quienes en sus caras reflejaron la alegr\u00eda, asombro e inter\u00e9s que les despert\u00f3 esta actividad y cada relato.\u00a0Fue una\u00a0 jornada emocionante, participativa y cargada de aprendizajes significativos para todos quienes pudimos disfrutarla.Agradecemos la motivaci\u00f3n y compromiso de las familias que participaron, con su apoyo permanente la tarea educativa cumple el rol de colaboraci\u00f3n que tanto se requiere para alcanzar grandes logros.\u00a0https:\/\/youtu.be\/LamLLziUhGo<\/p>\n","protected":false},"excerpt":{"rendered":"<p>Como cada a\u00f1o las familias alicantinas de nuestro ciclo, utilizando toda su creatividad y talento, prepararon maravillosas obras literarias infantiles para presentarlas a todos los cursos de nuestro ciclo.Este a\u00f1o los cuentos y leyendas representados\u00a0 fueron:PKA \u00ab\u00bfA qu\u00e9 sabe la Luna?\u00bbPKB y KE \u00abA\u00f1a\u00f1uka\u00bbKA y PKD \u00abLa tortilla corredora\u00bbKB \u00abEl d\u00eda en que los crayones &#8230; <a title=\"Regalo literario en parvulario\" class=\"read-more\" href=\"https:\/\/www.alcantara-alicante.cl\/alicante-sol\/2024\/05\/08\/regalo-literario-en-parvulario\/\" aria-label=\"Leer m\u00e1s sobre Regalo literario en parvulario\">Leer m\u00e1s<\/a><\/p>\n","protected":false},"author":1,"featured_media":1300,"comment_status":"open","ping_status":"open","sticky":false,"template":"","format":"standard","meta":{"footnotes":""},"categories":[12,15,10,22],"tags":[],"class_list":["post-1303","post","type-post","status-publish","format-standard","has-post-thumbnail","hentry","category-academicas","category-culturales","category-destacadas","category-noticias-parvulario"],"aioseo_notices":[],"_links":{"self":[{"href":"https:\/\/www.alcantara-alicante.cl\/alicante-sol\/wp-json\/wp\/v2\/posts\/1303","targetHints":{"allow":["GET"]}}],"collection":[{"href":"https:\/\/www.alcantara-alicante.cl\/alicante-sol\/wp-json\/wp\/v2\/posts"}],"about":[{"href":"https:\/\/www.alcantara-alicante.cl\/alicante-sol\/wp-json\/wp\/v2\/types\/post"}],"author":[{"embeddable":true,"href":"https:\/\/www.alcantara-alicante.cl\/alicante-sol\/wp-json\/wp\/v2\/users\/1"}],"replies":[{"embeddable":true,"href":"https:\/\/www.alcantara-alicante.cl\/alicante-sol\/wp-json\/wp\/v2\/comments?post=1303"}],"version-history":[{"count":0,"href":"https:\/\/www.alcantara-alicante.cl\/alicante-sol\/wp-json\/wp\/v2\/posts\/1303\/revisions"}],"wp:featuredmedia":[{"embeddable":true,"href":"https:\/\/www.alcantara-alicante.cl\/alicante-sol\/wp-json\/wp\/v2\/media\/1300"}],"wp:attachment":[{"href":"https:\/\/www.alcantara-alicante.cl\/alicante-sol\/wp-json\/wp\/v2\/media?parent=1303"}],"wp:term":[{"taxonomy":"category","embeddable":true,"href":"https:\/\/www.alcantara-alicante.cl\/alicante-sol\/wp-json\/wp\/v2\/categories?post=1303"},{"taxonomy":"post_tag","embeddable":true,"href":"https:\/\/www.alcantara-alicante.cl\/alicante-sol\/wp-json\/wp\/v2\/tags?post=1303"}],"curies":[{"name":"wp","href":"https:\/\/api.w.org\/{rel}","templated":true}]}}