{"id":1835,"date":"2025-11-24T09:41:53","date_gmt":"2025-11-24T12:41:53","guid":{"rendered":"https:\/\/www.alcantara-alicante.cl\/alicante-rosal\/?p=1835"},"modified":"2025-11-24T09:43:18","modified_gmt":"2025-11-24T12:43:18","slug":"palabras-de-despedida","status":"publish","type":"post","link":"https:\/\/www.alcantara-alicante.cl\/alicante-rosal\/2025\/11\/24\/palabras-de-despedida\/","title":{"rendered":"Palabras de despedida"},"content":{"rendered":"\t\t<div data-elementor-type=\"wp-post\" data-elementor-id=\"1835\" class=\"elementor elementor-1835\" data-elementor-post-type=\"post\">\n\t\t\t\t<div class=\"elementor-element elementor-element-dccb159 e-flex e-con-boxed e-con e-parent\" data-id=\"dccb159\" data-element_type=\"container\" data-e-type=\"container\">\n\t\t\t\t\t<div class=\"e-con-inner\">\n\t\t\t\t<div class=\"elementor-element elementor-element-b00803c elementor-widget elementor-widget-text-editor\" data-id=\"b00803c\" data-element_type=\"widget\" data-e-type=\"widget\" data-widget_type=\"text-editor.default\">\n\t\t\t\t<div class=\"elementor-widget-container\">\n\t\t\t\t\t\t\t\t\t<p><strong>Estimada Comunidad Alicante del Rosal:<\/strong><\/p><p>En el discurso inicial de despedida de la Licenciatura de nuestros cuartos medios, de la Generaci\u00f3n 2025 se\u00f1al\u00e1bamos que nuestras vidas est\u00e1n compuestas por etapas, y que cada una de ellas tiene un prop\u00f3sito que refleja la misi\u00f3n que Dios nos ha encomendado, perfeccionarnos constantemente en el camino de la vida.<\/p><p>Hoy, junto a Mar\u00eda Teresa, queremos compartir con ustedes una noticia importante: el sostenedor nos ha informado que, a partir del pr\u00f3ximo a\u00f1o, prescindir\u00e1 de nuestros servicios.<br \/>Con ello, cerramos una etapa profundamente significativa en nuestras vidas:\u00a0<strong>22 a\u00f1os en este querido Colegio Alicante del Rosal<\/strong>, que ha sido nuestro hogar profesional, nuestro espacio de crecimiento y ustedes, nuestra segunda familia.<\/p><p>Tuvimos el privilegio de ver nacer este proyecto, de acompa\u00f1arlo en su desarrollo y de presenciar su consolidaci\u00f3n como el gran colegio que es hoy, lleno de historia, aprendizajes y personas que han dejado huellas imborrables.<\/p><p><br \/>Los resultados acad\u00e9micos posicionan hoy a nuestro colegio como\u00a0<strong>el mejor colegio particular subvencionado de la comuna de Maip\u00fa<\/strong>, logro que pertenece a toda la comunidad.<\/p><p>A modo de s\u00edntesis, podemos destacar:<\/p><ul><li><strong>SIMCE 4\u00ba B\u00e1sico 2024:<\/strong>\u00a02\u00ba lugar comunal (incluidos colegios particulares pagados).<\/li><li><strong>SIMCE 6\u00ba B\u00e1sico 2024:<\/strong>\u00a02\u00ba lugar comunal (incluidos colegios particulares pagados).<\/li><li><strong>Promedio 4\u00ba\u20136\u00ba B\u00e1sico:<\/strong>\u00a01er lugar comunal (incluidos colegios particulares pagados).<\/li><li><strong>SIMCE II Medio:<\/strong>\u00a01er lugar comunal entre colegios particulares subvencionados.<\/li><\/ul><p><strong>Resultados PAES<\/strong><\/p><ul><li><strong>2023:<\/strong>\u00a0120 seleccionados a las universidades de 130 postulantes (92,3%).<\/li><li><strong>2024:<\/strong>\u00a0133 seleccionados a las universidades de 151 postulantes (84,6%).<\/li><li><strong>2025 (proyecci\u00f3n):<\/strong>\u00a0Aproximadamente un 95% de ingreso a universidades del CRUCH, seg\u00fan ensayos y resultados SIMCE 2023.<\/li><\/ul><p>Con estos resultados y tras 22 a\u00f1os de trabajo, podemos afirmar que nos vamos tranquilos y agradecidos, pues sentimos que hemos cumplido fielmente con cada una de las metas educacionales que nos propusimos en beneficio de nuestros estudiantes.<\/p><p><strong>Agradecimientos<\/strong><\/p><p>Deseamos expresar en primer lugar nuestro m\u00e1s profundo agradecimiento a los sostenedores, quienes confiaron en nosotros para dirigir este gran Proyecto Educativo.<\/p><p>Extendemos tambi\u00e9n nuestro sincero agradecimiento a todas las personas que han trabajado junto a nosotros y que han hecho posible convertir al Colegio Alicante del Rosal en lo que es hoy.<\/p><p>A nuestro\u00a0<strong>equipo directivo<\/strong>, con quienes nos reun\u00edamos semanalmente para coordinar el trabajo t\u00e9cnico y administrativo; a nuestros profesores, verdaderos art\u00edfices del aprendizaje <br \/>que han sabido llegar al coraz\u00f3n de nuestros alumnos y guiarlos con dedicaci\u00f3n en su formaci\u00f3n integral al\u00a0<strong>personal administrativo, secretarias, inspectoras, paradocentes, encargada<\/strong> <strong>de biblioteca, enfermeras, personal de mantenci\u00f3n, auxiliares y guardias<\/strong>, con quienes compartimos 22 a\u00f1os construyendo lazos profundos, sinceros y llenos de colaboraci\u00f3n.<\/p><p>Extendemos igualmente nuestro agradecimiento al\u00a0<strong>Centro de Padres y Apoderados<\/strong>, siempre dispuesto a colaborar con el desarrollo del colegio: aportes para actividades extraescolares, sistema de c\u00e1maras, bancas de los patios y, recientemente, la construcci\u00f3n del respaldo del escenario. Su apoyo constante ha sido siempre un pilar de apoyo para la gesti\u00f3n \u00a0del establecimiento.<\/p><p>A nuestros\u00a0<strong>padres y apoderados<\/strong>, gracias por confiar en este proyecto, muchos de ustedes trayendo a sus hijos desde sectores lejanos, e incluso desde otras comunas, atra\u00eddos por la calidad educativa de nuestro colegio.<\/p><p><br \/>De todo coraz\u00f3n, muchas gracias.<\/p><p><strong>Continuidad del Proyecto Educativo<\/strong><\/p><p>Finalmente, queremos solicitarles que contin\u00faen apoyando con el mismo entusiasmo, cari\u00f1o y compromiso a quien asumir\u00e1 la direcci\u00f3n del colegio a partir del pr\u00f3ximo a\u00f1o:\u00a0<strong>la se\u00f1ora Geraldine Rodr\u00edguez Olgu\u00edn<\/strong>, actual Jefa de la Unidad T\u00e9cnica de Ense\u00f1anza Media.<br \/>Estamos seguros de que ella sabr\u00e1 conducir este proyecto con profesionalismo, liderazgo y profundo sentido educativo, manteniendo siempre en alto el prestigio de nuestro querido Colegio Alicante del Rosal.<\/p><p><strong>Estimados compa\u00f1eros de trabajo y amigos todos:<\/strong><br \/>Los llevaremos siempre en nuestros corazones.<br \/>Gracias por acompa\u00f1arnos en este largo y hermoso camino, que hoy culmina una etapa, pero que permanecer\u00e1 para siempre en nuestra memoria y gratitud.<\/p><p>Con todo nuestro cari\u00f1o,<\/p><p><strong>JORGE Y MAR\u00cdA TERESA<\/strong><\/p>\t\t\t\t\t\t\t\t<\/div>\n\t\t\t\t<\/div>\n\t\t\t\t\t<\/div>\n\t\t\t\t<\/div>\n\t\t\t\t<\/div>\n\t\t","protected":false},"excerpt":{"rendered":"<p>Estimada Comunidad Alicante del Rosal: En el discurso inicial de despedida de la Licenciatura de nuestros cuartos medios, de la Generaci\u00f3n 2025 se\u00f1al\u00e1bamos que nuestras vidas est\u00e1n compuestas por etapas, y que cada una de ellas tiene un prop\u00f3sito que refleja la misi\u00f3n que Dios nos ha encomendado, perfeccionarnos constantemente en el camino de la &#8230; <a title=\"Palabras de despedida\" class=\"read-more\" href=\"https:\/\/www.alcantara-alicante.cl\/alicante-rosal\/2025\/11\/24\/palabras-de-despedida\/\" aria-label=\"Leer m\u00e1s sobre Palabras de despedida\">Leer m\u00e1s<\/a><\/p>\n","protected":false},"author":4,"featured_media":1836,"comment_status":"open","ping_status":"open","sticky":false,"template":"","format":"standard","meta":{"footnotes":""},"categories":[7],"tags":[],"class_list":["post-1835","post","type-post","status-publish","format-standard","has-post-thumbnail","hentry","category-destacadas"],"aioseo_notices":[],"_links":{"self":[{"href":"https:\/\/www.alcantara-alicante.cl\/alicante-rosal\/wp-json\/wp\/v2\/posts\/1835","targetHints":{"allow":["GET"]}}],"collection":[{"href":"https:\/\/www.alcantara-alicante.cl\/alicante-rosal\/wp-json\/wp\/v2\/posts"}],"about":[{"href":"https:\/\/www.alcantara-alicante.cl\/alicante-rosal\/wp-json\/wp\/v2\/types\/post"}],"author":[{"embeddable":true,"href":"https:\/\/www.alcantara-alicante.cl\/alicante-rosal\/wp-json\/wp\/v2\/users\/4"}],"replies":[{"embeddable":true,"href":"https:\/\/www.alcantara-alicante.cl\/alicante-rosal\/wp-json\/wp\/v2\/comments?post=1835"}],"version-history":[{"count":4,"href":"https:\/\/www.alcantara-alicante.cl\/alicante-rosal\/wp-json\/wp\/v2\/posts\/1835\/revisions"}],"predecessor-version":[{"id":1840,"href":"https:\/\/www.alcantara-alicante.cl\/alicante-rosal\/wp-json\/wp\/v2\/posts\/1835\/revisions\/1840"}],"wp:featuredmedia":[{"embeddable":true,"href":"https:\/\/www.alcantara-alicante.cl\/alicante-rosal\/wp-json\/wp\/v2\/media\/1836"}],"wp:attachment":[{"href":"https:\/\/www.alcantara-alicante.cl\/alicante-rosal\/wp-json\/wp\/v2\/media?parent=1835"}],"wp:term":[{"taxonomy":"category","embeddable":true,"href":"https:\/\/www.alcantara-alicante.cl\/alicante-rosal\/wp-json\/wp\/v2\/categories?post=1835"},{"taxonomy":"post_tag","embeddable":true,"href":"https:\/\/www.alcantara-alicante.cl\/alicante-rosal\/wp-json\/wp\/v2\/tags?post=1835"}],"curies":[{"name":"wp","href":"https:\/\/api.w.org\/{rel}","templated":true}]}}