{"id":1556,"date":"2025-06-10T10:22:50","date_gmt":"2025-06-10T14:22:50","guid":{"rendered":"https:\/\/www.alcantara-alicante.cl\/alicante-rosal\/?p=1556"},"modified":"2025-06-10T10:23:08","modified_gmt":"2025-06-10T14:23:08","slug":"comunicado-fin-de-semestre","status":"publish","type":"post","link":"https:\/\/www.alcantara-alicante.cl\/alicante-rosal\/2025\/06\/10\/comunicado-fin-de-semestre\/","title":{"rendered":"Comunicado fin de semestre"},"content":{"rendered":"\t\t<div data-elementor-type=\"wp-post\" data-elementor-id=\"1556\" class=\"elementor elementor-1556\" data-elementor-post-type=\"post\">\n\t\t\t\t<div class=\"elementor-element elementor-element-9853ca6 e-flex e-con-boxed e-con e-parent\" data-id=\"9853ca6\" data-element_type=\"container\" data-e-type=\"container\">\n\t\t\t\t\t<div class=\"e-con-inner\">\n\t\t\t\t<div class=\"elementor-element elementor-element-6325605 elementor-widget elementor-widget-text-editor\" data-id=\"6325605\" data-element_type=\"widget\" data-e-type=\"widget\" data-widget_type=\"text-editor.default\">\n\t\t\t\t<div class=\"elementor-widget-container\">\n\t\t\t\t\t\t\t\t\t<p class=\"p2\">Estimados apoderados:<\/p><p class=\"p2\">Junto con saludar, les informamos que el martes 17 de junio, ser\u00e1 el \u00faltimo d\u00eda de clases del Primer Semestre del presente a\u00f1o.<\/p><p>Descargue el comunicado completo<\/p><p><img decoding=\"async\" class=\"alignnone size-full wp-image-362\" src=\"https:\/\/www.alcantara-alicante.cl\/alicante-rosal\/wp-content\/uploads\/sites\/6\/2021\/03\/iconopdf_small.jpg\" alt=\"\" width=\"33\" height=\"35\" \/> <a href=\"https:\/\/drive.google.com\/file\/d\/11-GehfotOqbdczDbzPhOuKi0iDBYO8Gc\/view?usp=sharing\">comunicado t\u00e9rmino primer semestre 2025<\/a><\/p>\t\t\t\t\t\t\t\t<\/div>\n\t\t\t\t<\/div>\n\t\t\t\t\t<\/div>\n\t\t\t\t<\/div>\n\t\t\t\t<\/div>\n\t\t","protected":false},"excerpt":{"rendered":"<p>Estimados apoderados: Junto con saludar, les informamos que el martes 17 de junio, ser\u00e1 el \u00faltimo d\u00eda de clases del Primer Semestre del presente a\u00f1o. Descargue el comunicado completo comunicado t\u00e9rmino primer semestre 2025<\/p>\n","protected":false},"author":4,"featured_media":395,"comment_status":"open","ping_status":"open","sticky":false,"template":"","format":"standard","meta":{"footnotes":""},"categories":[9,7],"tags":[],"class_list":["post-1556","post","type-post","status-publish","format-standard","has-post-thumbnail","hentry","category-comunicado","category-destacadas"],"aioseo_notices":[],"_links":{"self":[{"href":"https:\/\/www.alcantara-alicante.cl\/alicante-rosal\/wp-json\/wp\/v2\/posts\/1556","targetHints":{"allow":["GET"]}}],"collection":[{"href":"https:\/\/www.alcantara-alicante.cl\/alicante-rosal\/wp-json\/wp\/v2\/posts"}],"about":[{"href":"https:\/\/www.alcantara-alicante.cl\/alicante-rosal\/wp-json\/wp\/v2\/types\/post"}],"author":[{"embeddable":true,"href":"https:\/\/www.alcantara-alicante.cl\/alicante-rosal\/wp-json\/wp\/v2\/users\/4"}],"replies":[{"embeddable":true,"href":"https:\/\/www.alcantara-alicante.cl\/alicante-rosal\/wp-json\/wp\/v2\/comments?post=1556"}],"version-history":[{"count":0,"href":"https:\/\/www.alcantara-alicante.cl\/alicante-rosal\/wp-json\/wp\/v2\/posts\/1556\/revisions"}],"wp:featuredmedia":[{"embeddable":true,"href":"https:\/\/www.alcantara-alicante.cl\/alicante-rosal\/wp-json\/wp\/v2\/media\/395"}],"wp:attachment":[{"href":"https:\/\/www.alcantara-alicante.cl\/alicante-rosal\/wp-json\/wp\/v2\/media?parent=1556"}],"wp:term":[{"taxonomy":"category","embeddable":true,"href":"https:\/\/www.alcantara-alicante.cl\/alicante-rosal\/wp-json\/wp\/v2\/categories?post=1556"},{"taxonomy":"post_tag","embeddable":true,"href":"https:\/\/www.alcantara-alicante.cl\/alicante-rosal\/wp-json\/wp\/v2\/tags?post=1556"}],"curies":[{"name":"wp","href":"https:\/\/api.w.org\/{rel}","templated":true}]}}