{"id":25580,"date":"2026-03-20T17:17:43","date_gmt":"2026-03-20T20:17:43","guid":{"rendered":"https:\/\/www.alcantara-alicante.cl\/alicante-maipu\/?p=25580"},"modified":"2026-03-23T12:39:44","modified_gmt":"2026-03-23T15:39:44","slug":"alianza-juventus-academy-y-academia-after-class","status":"publish","type":"post","link":"https:\/\/www.alcantara-alicante.cl\/alicante-maipu\/2026\/03\/20\/alianza-juventus-academy-y-academia-after-class\/","title":{"rendered":"Alianza Juventus Academy y Academia After Class"},"content":{"rendered":"\t\t<div data-elementor-type=\"wp-post\" data-elementor-id=\"25580\" class=\"elementor elementor-25580\" data-elementor-post-type=\"post\">\n\t\t\t\t<div class=\"elementor-element elementor-element-d9e1f48 e-flex e-con-boxed e-con e-parent\" data-id=\"d9e1f48\" data-element_type=\"container\" data-e-type=\"container\">\n\t\t\t\t\t<div class=\"e-con-inner\">\n\t\t\t\t<div class=\"elementor-element elementor-element-db4263e elementor-widget elementor-widget-image\" data-id=\"db4263e\" data-element_type=\"widget\" data-e-type=\"widget\" data-widget_type=\"image.default\">\n\t\t\t\t<div class=\"elementor-widget-container\">\n\t\t\t\t\t\t\t\t\t\t\t\t\t\t\t<img fetchpriority=\"high\" decoding=\"async\" width=\"1024\" height=\"256\" src=\"https:\/\/www.alcantara-alicante.cl\/alicante-maipu\/wp-content\/uploads\/sites\/5\/2026\/03\/alianza-1024x256.png\" class=\"attachment-large size-large wp-image-25593\" alt=\"\" srcset=\"https:\/\/www.alcantara-alicante.cl\/alicante-maipu\/wp-content\/uploads\/sites\/5\/2026\/03\/alianza-1024x256.png 1024w, https:\/\/www.alcantara-alicante.cl\/alicante-maipu\/wp-content\/uploads\/sites\/5\/2026\/03\/alianza-300x75.png 300w, https:\/\/www.alcantara-alicante.cl\/alicante-maipu\/wp-content\/uploads\/sites\/5\/2026\/03\/alianza-768x192.png 768w, https:\/\/www.alcantara-alicante.cl\/alicante-maipu\/wp-content\/uploads\/sites\/5\/2026\/03\/alianza-1536x384.png 1536w, https:\/\/www.alcantara-alicante.cl\/alicante-maipu\/wp-content\/uploads\/sites\/5\/2026\/03\/alianza.png 1600w\" sizes=\"(max-width: 1024px) 100vw, 1024px\" \/>\t\t\t\t\t\t\t\t\t\t\t\t\t\t\t<\/div>\n\t\t\t\t<\/div>\n\t\t\t\t\t<\/div>\n\t\t\t\t<\/div>\n\t\t<div class=\"elementor-element elementor-element-c2fd29f e-flex e-con-boxed e-con e-parent\" data-id=\"c2fd29f\" data-element_type=\"container\" data-e-type=\"container\">\n\t\t\t\t\t<div class=\"e-con-inner\">\n\t\t\t\t<div class=\"elementor-element elementor-element-2bfbd1d elementor-widget elementor-widget-text-editor\" data-id=\"2bfbd1d\" data-element_type=\"widget\" data-e-type=\"widget\" data-widget_type=\"text-editor.default\">\n\t\t\t\t<div class=\"elementor-widget-container\">\n\t\t\t\t\t\t\t\t\t<p><strong>Estimados padres y apoderados:<\/strong><\/p><p>Nos complace invitarlos a ser parte de una gran oportunidad para sus hijos e hijas: la alianza entre la <strong>Escuela Oficial Juventus Academy Chile<\/strong> y <strong>Academia After Class<\/strong>, en la sede del <strong>Colegio Alicante de Maip\u00fa<\/strong>.<\/p><p>Gracias a esta iniciativa, ni\u00f1as y ni\u00f1os de educaci\u00f3n b\u00e1sica podr\u00e1n acceder a <strong>clases de f\u00fatbol profesional<\/strong>, en un espacio formativo que promueve el desarrollo deportivo, la disciplina, el trabajo en equipo y la vida saludable.<\/p><p>Los cursos y valores son los siguientes:<\/p>\t\t\t\t\t\t\t\t<\/div>\n\t\t\t\t<\/div>\n\t\t\t\t\t<\/div>\n\t\t\t\t<\/div>\n\t\t<div class=\"elementor-element elementor-element-0ef03af e-flex e-con-boxed e-con e-parent\" data-id=\"0ef03af\" data-element_type=\"container\" data-e-type=\"container\" data-settings=\"{&quot;background_background&quot;:&quot;gradient&quot;}\">\n\t\t\t\t\t<div class=\"e-con-inner\">\n\t\t<div class=\"elementor-element elementor-element-de2ce58 e-con-full e-flex e-con e-child\" data-id=\"de2ce58\" data-element_type=\"container\" data-e-type=\"container\">\n\t\t\t\t<div class=\"elementor-element elementor-element-53f740d elementor-widget elementor-widget-text-editor\" data-id=\"53f740d\" data-element_type=\"widget\" data-e-type=\"widget\" data-widget_type=\"text-editor.default\">\n\t\t\t\t<div class=\"elementor-widget-container\">\n\t\t\t\t\t\t\t\t\t<p><span style=\"text-decoration: underline;\"><span style=\"color: #333333;\"><strong>CLASES D\u00cdA S\u00c1BADO <\/strong><\/span><\/span><\/p><p><strong>Per\u00edodo curso: desde el s\u00e1bado 11 de a abril a julio, <\/strong><\/p><p><strong>1 vez por semana $ 49.990 mensual (16 sesiones)<\/strong><\/p><ul><li>Curso mixto de 1\u00b0 b\u00e1sico<\/li><li>Curso mixto de 2\u00b0 b\u00e1sico<\/li><li>Curso femenino 3\u00b0 a 6\u00b0 b\u00e1sico<\/li><\/ul>\t\t\t\t\t\t\t\t<\/div>\n\t\t\t\t<\/div>\n\t\t\t\t<\/div>\n\t\t<div class=\"elementor-element elementor-element-0a2d187 e-con-full e-flex e-con e-child\" data-id=\"0a2d187\" data-element_type=\"container\" data-e-type=\"container\">\n\t\t\t\t<div class=\"elementor-element elementor-element-aec8af9 elementor-widget elementor-widget-text-editor\" data-id=\"aec8af9\" data-element_type=\"widget\" data-e-type=\"widget\" data-widget_type=\"text-editor.default\">\n\t\t\t\t<div class=\"elementor-widget-container\">\n\t\t\t\t\t\t\t\t\t<p><span style=\"text-decoration: underline; color: #333333;\"><strong>CLASES MARTES Y JUEVES<\/strong><\/span><\/p><p><strong>Per\u00edodo curso: desde el martes 14 de a abril a julio, <\/strong><\/p><p><strong>2 veces por semana $ 79.990 mensual (26 sesiones )<\/strong><\/p><ul><li><strong>\u00a0<\/strong>Curso masculino de 3\u00b0 y 4\u00b0 b\u00e1sico<\/li><li>Curso masculino de 5\u00b0 y 6\u00b0 b\u00e1sico<\/li><li>Curso masculino de 7\u00b0 y 8\u00b0 b\u00e1sico<\/li><\/ul>\t\t\t\t\t\t\t\t<\/div>\n\t\t\t\t<\/div>\n\t\t\t\t<\/div>\n\t\t\t\t\t<\/div>\n\t\t\t\t<\/div>\n\t\t<div class=\"elementor-element elementor-element-64fd4d6 e-flex e-con-boxed e-con e-parent\" data-id=\"64fd4d6\" data-element_type=\"container\" data-e-type=\"container\">\n\t\t\t\t\t<div class=\"e-con-inner\">\n\t\t\t\t<div class=\"elementor-element elementor-element-4c58dd0 elementor-widget elementor-widget-text-editor\" data-id=\"4c58dd0\" data-element_type=\"widget\" data-e-type=\"widget\" data-widget_type=\"text-editor.default\">\n\t\t\t\t<div class=\"elementor-widget-container\">\n\t\t\t\t\t\t\t\t\t<p><span style=\"text-decoration: underline;\"><span style=\"color: #333333;\"><strong>FORMAS DE PAGO<\/strong><\/span><\/span><\/p><p>1 vez por semana, 16 sesiones: matr\u00edcula m\u00e1s 16 sesiones $ 198.400<\/p><p>2 veces por semana, 26 sesiones: matr\u00edcula m\u00e1s 26 sesiones $ 319.960<\/p><ul><li>PAT (pago con tarjeta de cr\u00e9dito)<\/li><li>PAC (pago con cargo a cuenta corriente)<\/li><li>Pago contado tarjeta de d\u00e9bito<\/li><\/ul>\t\t\t\t\t\t\t\t<\/div>\n\t\t\t\t<\/div>\n\t\t\t\t\t<\/div>\n\t\t\t\t<\/div>\n\t\t<div class=\"elementor-element elementor-element-79b9002 e-flex e-con-boxed e-con e-parent\" data-id=\"79b9002\" data-element_type=\"container\" data-e-type=\"container\">\n\t\t\t\t\t<div class=\"e-con-inner\">\n\t\t\t\t<div class=\"elementor-element elementor-element-21acc10 elementor-widget elementor-widget-text-editor\" data-id=\"21acc10\" data-element_type=\"widget\" data-e-type=\"widget\" data-widget_type=\"text-editor.default\">\n\t\t\t\t<div class=\"elementor-widget-container\">\n\t\t\t\t\t\t\t\t\t<p>Los invitamos a inscribir a sus hijos e hijas en una <b>clase de prueba<\/b>, que se realizar\u00e1 el d\u00eda <b>s\u00e1bado 28 de marzo<\/b>. Esta ser\u00e1 una excelente instancia para conocer la metodolog\u00eda de trabajo y vivir la experiencia de entrenar junto a un programa de alto nivel.<\/p><p><b>Los cupos son limitados<\/b>, por lo que les recomendamos asegurar su participaci\u00f3n con anticipaci\u00f3n.<\/p><p>Las <b>matr\u00edculas se realizar\u00e1n ese mismo d\u00eda en el colegio<\/b> por orden de llegada,\u00a0Quedamos atentos a su participaci\u00f3n en esta valiosa experiencia deportiva.<\/p><p><span style=\"color: #3366ff;\"><a style=\"color: #3366ff;\" href=\"https:\/\/forms.gle\/7Vg2SAGiModCsM7A7\"><span style=\"text-decoration: underline;\">Link de inscripci\u00f3n clase de prueba<\/span><\/a><\/span>\u00a0<\/p><p>Para m\u00e1s informaci\u00f3n escr\u00edbenos a <span style=\"color: #3366ff;\"><a style=\"color: #3366ff;\" href=\"mailto:contacto@academiaafterclass.cl\">contacto@academiaafterclass.cl<\/a><\/span><\/p><p><strong>Conoce la metodolog\u00eda Juventus y el programa en convenio:<\/strong><\/p>\t\t\t\t\t\t\t\t<\/div>\n\t\t\t\t<\/div>\n\t\t\t\t<div class=\"elementor-element elementor-element-eef7e06 elementor-widget elementor-widget-button\" data-id=\"eef7e06\" data-element_type=\"widget\" data-e-type=\"widget\" data-widget_type=\"button.default\">\n\t\t\t\t<div class=\"elementor-widget-container\">\n\t\t\t\t\t\t\t\t\t<div class=\"elementor-button-wrapper\">\n\t\t\t\t\t<a class=\"elementor-button elementor-button-link elementor-size-sm\" href=\"https:\/\/jsschile.cl\/colegioalicantemaipu\/\">\n\t\t\t\t\t\t<span class=\"elementor-button-content-wrapper\">\n\t\t\t\t\t\t\t\t\t<span class=\"elementor-button-text\">Haz clic aqu\u00ed<\/span>\n\t\t\t\t\t<\/span>\n\t\t\t\t\t<\/a>\n\t\t\t\t<\/div>\n\t\t\t\t\t\t\t\t<\/div>\n\t\t\t\t<\/div>\n\t\t\t\t\t<\/div>\n\t\t\t\t<\/div>\n\t\t<div class=\"elementor-element elementor-element-35646da e-flex e-con-boxed e-con e-parent\" data-id=\"35646da\" data-element_type=\"container\" data-e-type=\"container\">\n\t\t\t\t\t<div class=\"e-con-inner\">\n\t\t\t\t<div class=\"elementor-element elementor-element-c04d1b9 elementor-widget elementor-widget-image\" data-id=\"c04d1b9\" data-element_type=\"widget\" data-e-type=\"widget\" data-widget_type=\"image.default\">\n\t\t\t\t<div class=\"elementor-widget-container\">\n\t\t\t\t\t\t\t\t\t\t\t\t\t\t\t<img decoding=\"async\" width=\"1024\" height=\"256\" src=\"https:\/\/www.alcantara-alicante.cl\/alicante-maipu\/wp-content\/uploads\/sites\/5\/2026\/03\/Sin-titulo-1-1024x256.jpg\" class=\"attachment-large size-large wp-image-25588\" alt=\"\" srcset=\"https:\/\/www.alcantara-alicante.cl\/alicante-maipu\/wp-content\/uploads\/sites\/5\/2026\/03\/Sin-titulo-1-1024x256.jpg 1024w, https:\/\/www.alcantara-alicante.cl\/alicante-maipu\/wp-content\/uploads\/sites\/5\/2026\/03\/Sin-titulo-1-300x75.jpg 300w, https:\/\/www.alcantara-alicante.cl\/alicante-maipu\/wp-content\/uploads\/sites\/5\/2026\/03\/Sin-titulo-1-768x192.jpg 768w, https:\/\/www.alcantara-alicante.cl\/alicante-maipu\/wp-content\/uploads\/sites\/5\/2026\/03\/Sin-titulo-1-1536x384.jpg 1536w, https:\/\/www.alcantara-alicante.cl\/alicante-maipu\/wp-content\/uploads\/sites\/5\/2026\/03\/Sin-titulo-1.jpg 1600w\" sizes=\"(max-width: 1024px) 100vw, 1024px\" \/>\t\t\t\t\t\t\t\t\t\t\t\t\t\t\t<\/div>\n\t\t\t\t<\/div>\n\t\t\t\t\t<\/div>\n\t\t\t\t<\/div>\n\t\t\t\t<\/div>\n\t\t","protected":false},"excerpt":{"rendered":"<p>Estimados padres y apoderados: Nos complace invitarlos a ser parte de una gran oportunidad para sus hijos e hijas: la alianza entre la Escuela Oficial Juventus Academy Chile y Academia After Class, en la sede del Colegio Alicante de Maip\u00fa. Gracias a esta iniciativa, ni\u00f1as y ni\u00f1os de educaci\u00f3n b\u00e1sica podr\u00e1n acceder a clases de &#8230; <a title=\"Alianza Juventus Academy y Academia After Class\" class=\"read-more\" href=\"https:\/\/www.alcantara-alicante.cl\/alicante-maipu\/2026\/03\/20\/alianza-juventus-academy-y-academia-after-class\/\" aria-label=\"Leer m\u00e1s sobre Alianza Juventus Academy y Academia After Class\">Leer m\u00e1s<\/a><\/p>\n","protected":false},"author":4,"featured_media":25583,"comment_status":"open","ping_status":"open","sticky":false,"template":"","format":"standard","meta":{"footnotes":""},"categories":[7],"tags":[],"class_list":["post-25580","post","type-post","status-publish","format-standard","has-post-thumbnail","hentry","category-destacadas"],"aioseo_notices":[],"_links":{"self":[{"href":"https:\/\/www.alcantara-alicante.cl\/alicante-maipu\/wp-json\/wp\/v2\/posts\/25580","targetHints":{"allow":["GET"]}}],"collection":[{"href":"https:\/\/www.alcantara-alicante.cl\/alicante-maipu\/wp-json\/wp\/v2\/posts"}],"about":[{"href":"https:\/\/www.alcantara-alicante.cl\/alicante-maipu\/wp-json\/wp\/v2\/types\/post"}],"author":[{"embeddable":true,"href":"https:\/\/www.alcantara-alicante.cl\/alicante-maipu\/wp-json\/wp\/v2\/users\/4"}],"replies":[{"embeddable":true,"href":"https:\/\/www.alcantara-alicante.cl\/alicante-maipu\/wp-json\/wp\/v2\/comments?post=25580"}],"version-history":[{"count":13,"href":"https:\/\/www.alcantara-alicante.cl\/alicante-maipu\/wp-json\/wp\/v2\/posts\/25580\/revisions"}],"predecessor-version":[{"id":25599,"href":"https:\/\/www.alcantara-alicante.cl\/alicante-maipu\/wp-json\/wp\/v2\/posts\/25580\/revisions\/25599"}],"wp:featuredmedia":[{"embeddable":true,"href":"https:\/\/www.alcantara-alicante.cl\/alicante-maipu\/wp-json\/wp\/v2\/media\/25583"}],"wp:attachment":[{"href":"https:\/\/www.alcantara-alicante.cl\/alicante-maipu\/wp-json\/wp\/v2\/media?parent=25580"}],"wp:term":[{"taxonomy":"category","embeddable":true,"href":"https:\/\/www.alcantara-alicante.cl\/alicante-maipu\/wp-json\/wp\/v2\/categories?post=25580"},{"taxonomy":"post_tag","embeddable":true,"href":"https:\/\/www.alcantara-alicante.cl\/alicante-maipu\/wp-json\/wp\/v2\/tags?post=25580"}],"curies":[{"name":"wp","href":"https:\/\/api.w.org\/{rel}","templated":true}]}}