{"id":24739,"date":"2024-12-11T15:19:45","date_gmt":"2024-12-11T18:19:45","guid":{"rendered":"https:\/\/www.alcantara-alicante.cl\/alicante-maipu\/2025\/07\/07\/exposicion-arte-sector-a\/"},"modified":"2025-07-07T17:57:58","modified_gmt":"2025-07-07T21:57:58","slug":"comunicado-fin-matricula-2025","status":"publish","type":"post","link":"https:\/\/www.alcantara-alicante.cl\/alicante-maipu\/2024\/12\/11\/comunicado-fin-matricula-2025\/","title":{"rendered":"Comunicado fin matr\u00edcula 2025"},"content":{"rendered":"<p>Comunidad Alicantina:<\/p>\n<p>Por el presente informamos que, el viernes 13 de diciembre a las 16:00 horas se cierra el per\u00edodo de matr\u00edculas para a\u00f1o 2025. Si hasta esa fecha usted no realiza el proceso, su cupo ser\u00e1 liberado por el Ministerio de Educaci\u00f3n.<\/p>\n<p>En ese caso, el 26 de diciembre deber\u00e1 inscribir a su alumno(a) en <strong><u>\u201cANOTATE EN LA LISTA\u201d<\/u><\/strong>, sistema implementado por el Mineduc, para postular a una vacante. Si no hubiere vacante, quedar\u00e1 en lista de espera respetando el orden de ingreso en la plataforma y en cuanto se genere un cupo, el sistema le asignar\u00e1.<\/p>\n<p>El horario de atenci\u00f3n en el colegio es de 8:30 a 16:00 horas.<\/p>\n<p><strong>Si no hace uso de la vacante, por favor informar su decisi\u00f3n al correo <a style=\"color: #333333\" href=\"mailto:jmora@maipu.alicante.cl\">jmora@maipu.alicante.cl<\/a> indicando nombre y curso del alumno.<\/strong><\/p>\n<p>Si usted realiz\u00f3 el proceso de matr\u00edcula, favor no considerar esta informaci\u00f3n.<\/p>\n<p>\u00a0<\/p>\n<p>LA DIRECCION<\/p>\n","protected":false},"excerpt":{"rendered":"<p>Comunidad Alicantina: Por el presente informamos que, el viernes 13 de diciembre a las 16:00 horas se cierra el per\u00edodo de matr\u00edculas para a\u00f1o 2025. Si hasta esa fecha usted no realiza el proceso, su cupo ser\u00e1 liberado por el Ministerio de Educaci\u00f3n. En ese caso, el 26 de diciembre deber\u00e1 inscribir a su alumno(a) &#8230; <a title=\"Comunicado fin matr\u00edcula 2025\" class=\"read-more\" href=\"https:\/\/www.alcantara-alicante.cl\/alicante-maipu\/2024\/12\/11\/comunicado-fin-matricula-2025\/\" aria-label=\"Leer m\u00e1s sobre Comunicado fin matr\u00edcula 2025\">Leer m\u00e1s<\/a><\/p>\n","protected":false},"author":1,"featured_media":390,"comment_status":"open","ping_status":"open","sticky":false,"template":"","format":"standard","meta":{"footnotes":""},"categories":[19,7],"tags":[],"class_list":["post-24739","post","type-post","status-publish","format-standard","has-post-thumbnail","hentry","category-comunicados","category-destacadas"],"aioseo_notices":[],"_links":{"self":[{"href":"https:\/\/www.alcantara-alicante.cl\/alicante-maipu\/wp-json\/wp\/v2\/posts\/24739","targetHints":{"allow":["GET"]}}],"collection":[{"href":"https:\/\/www.alcantara-alicante.cl\/alicante-maipu\/wp-json\/wp\/v2\/posts"}],"about":[{"href":"https:\/\/www.alcantara-alicante.cl\/alicante-maipu\/wp-json\/wp\/v2\/types\/post"}],"author":[{"embeddable":true,"href":"https:\/\/www.alcantara-alicante.cl\/alicante-maipu\/wp-json\/wp\/v2\/users\/1"}],"replies":[{"embeddable":true,"href":"https:\/\/www.alcantara-alicante.cl\/alicante-maipu\/wp-json\/wp\/v2\/comments?post=24739"}],"version-history":[{"count":0,"href":"https:\/\/www.alcantara-alicante.cl\/alicante-maipu\/wp-json\/wp\/v2\/posts\/24739\/revisions"}],"wp:featuredmedia":[{"embeddable":true,"href":"https:\/\/www.alcantara-alicante.cl\/alicante-maipu\/wp-json\/wp\/v2\/media\/390"}],"wp:attachment":[{"href":"https:\/\/www.alcantara-alicante.cl\/alicante-maipu\/wp-json\/wp\/v2\/media?parent=24739"}],"wp:term":[{"taxonomy":"category","embeddable":true,"href":"https:\/\/www.alcantara-alicante.cl\/alicante-maipu\/wp-json\/wp\/v2\/categories?post=24739"},{"taxonomy":"post_tag","embeddable":true,"href":"https:\/\/www.alcantara-alicante.cl\/alicante-maipu\/wp-json\/wp\/v2\/tags?post=24739"}],"curies":[{"name":"wp","href":"https:\/\/api.w.org\/{rel}","templated":true}]}}