{"id":24204,"date":"2021-11-26T14:34:18","date_gmt":"2021-11-26T17:34:18","guid":{"rendered":"https:\/\/www.alcantara-alicante.cl\/alicante-maipu\/2021\/11\/26\/taller-de-periodismo-presenta-los-influencer-y-su-poder-en-los-ninos\/"},"modified":"2025-07-07T17:43:11","modified_gmt":"2025-07-07T21:43:11","slug":"taller-de-periodismo-presenta-los-influencer-y-su-poder-en-los-ninos","status":"publish","type":"post","link":"https:\/\/www.alcantara-alicante.cl\/alicante-maipu\/2021\/11\/26\/taller-de-periodismo-presenta-los-influencer-y-su-poder-en-los-ninos\/","title":{"rendered":"TALLER DE PERIODISMO PRESENTA: LOS INFLUENCER Y SU PODER EN LOS NI\u00d1OS"},"content":{"rendered":"<p>Actualidad&nbsp;<\/p>\n<p><b>EL FEN\u00d3MENO DE LOS INFLUENCER Y SU PODER EN NI\u00d1OS, NI\u00d1AS Y J\u00d3VENES&nbsp;<\/b>&nbsp;<\/p>\n<p>&nbsp;<b><i>La nueva generaci\u00f3n de los j\u00f3venes influencers ha venido a modificar las antiguas formas de propagaci\u00f3n de la informaci\u00f3n y comunicaci\u00f3n, dando paso a nuevos referentes en redes sociales.<\/i><\/b>&nbsp;<\/p>\n<p><b>Por:<\/b> Matilda Cordero, Matilda L\u00f3pez y Consuelo Mart\u00ednez | <b>Publicado:<\/b> 29.11.21&nbsp;<\/p>\n<p>Actualmente el mundo entero se encuentra inmerso en un entorno digital caracterizado por el f\u00e1cil y omnipresente acceso a Internet. A trav\u00e9s de diversos dispositivos electr\u00f3nicos, se han generado nuevas formas de socializaci\u00f3n y de conexiones con el mundo, posibilitadas por una diversa gama de plataformas que han transformado y diversificado el rol de los l\u00edderes de opini\u00f3n, dando lugar al nacimiento de los famosos comunicadores conocidos como \u201cinfluencers\u201d, quienes se han transformado en todo un referente, tanto negativo como positivo, de miles de ni\u00f1os, ni\u00f1as y adolescentes (NNA).&nbsp;<\/p>\n<p>De acuerdo con un estudio realizado por la compa\u00f1\u00eda global de ciberseguridad Kaspersky m\u00e1s de la mitad de los ni\u00f1os chilenos tiene cuenta en redes sociales y el 21% de los ni\u00f1os pasa m\u00e1s de cuatro horas conectado a internet mediante un dispositivo m\u00f3vil que les permite acceder a plataformas como Whatsapp, Instagram, YouTube y Tik Tok entre otras. En estos espacios encuentran personas an\u00f3nimas que se han hecho conocidas por desarrollar cierta tem\u00e1tica ya sea moda, belleza, videojuegos, gastronom\u00eda, etc. o tambi\u00e9n con personajes famosos. En ambos casos, la caracter\u00edstica es la misma: tienen miles o millones de seguidores en sus redes sociales, lo que los transforma, por lo tanto, en referentes y modelos a seguir.<\/p>\n<p>En este sentido, muchos j\u00f3venes encuentran en las redes sociales una forma de afianzar sus gustos, compartir aficiones y reafirmar su autoestima, sinti\u00e9ndose parte de un colectivo. Sin embargo, las redes sociales, como cualquier agente de socializaci\u00f3n, pueden ser reproductoras de comportamientos negativos y\/o peligrosos. Conocidos son los casos de adolescentes que han muerto practicando alg\u00fan reto viral impulsado por sus \u00eddolos, o bien, que han visto afectada su autoimagen por no cumplir con los est\u00e1ndares de vida o los c\u00e1nones de bellezas propiciados por estos comunicadores de contenido. De igual forma las consecuencias negativas de esta exposici\u00f3n tambi\u00e9n afectan a los mismos influencer, quienes muchas veces se ven expuestos a malos tratos por parte de sus seguidores.&nbsp;<\/p>\n<p>Con respecto al poder y consecuencia que tienen los influencers en nuestra sociedad actual, el estudiante y rostro en redes sociales Benjam\u00edn Vergara del Colegio Alicante de Maip\u00fa, declara que \u201cser influencer le ha dado m\u00e1s seguridad en s\u00ed mismo, ha aumentado su autoestima, pero que hay que tener cuidado, pues recibir malos comentarios afecta totalmente a tu estado an\u00edmico y desempe\u00f1o en actividades escolares\u201d.&nbsp;<\/p>\n<p>Ahora bien, no solo este fen\u00f3meno trae consecuencias negativas, tambi\u00e9n hay j\u00f3venes que ven en esto una forma de generar ingresos y de apoyar el trabajo de peque\u00f1as pymes por medio de su difusi\u00f3n, as\u00ed lo describe Benjam\u00edn Vergara, \u201cen un principio lo hac\u00eda con fines profesionales, trabajaba como embajador de una marca y necesitaba ganarme mi p\u00fablico, pero ahora lo hago por mera entretenci\u00f3n y se siente bien que la gente disfrute lo que compartes\u201d.&nbsp;<\/p>\n<p>En esta misma l\u00ednea, la profesora Michelle Garc\u00eda, del Colegio Alicante de Maip\u00fa, conocida comunicadora en redes sociales declara: \u201cme gusta compartir mi contenido, porque me pone contenta, me hace re\u00edr, me reconforta tambi\u00e9n saber que todas esas cosas que publico de este personaje que es Mirna que es mam\u00e1, esposa, profesora, due\u00f1a de casa, enfermera, cocinera le hace sentido al resto de la gente desde el humor\u201d.&nbsp;<\/p>\n","protected":false},"excerpt":{"rendered":"<p>Actualidad&nbsp; EL FEN\u00d3MENO DE LOS INFLUENCER Y SU PODER EN NI\u00d1OS, NI\u00d1AS Y J\u00d3VENES&nbsp;&nbsp; &nbsp;La nueva generaci\u00f3n de los j\u00f3venes influencers ha venido a modificar las antiguas formas de propagaci\u00f3n de la informaci\u00f3n y comunicaci\u00f3n, dando paso a nuevos referentes en redes sociales.&nbsp; Por: Matilda Cordero, Matilda L\u00f3pez y Consuelo Mart\u00ednez | Publicado: 29.11.21&nbsp; Actualmente &#8230; <a title=\"TALLER DE PERIODISMO PRESENTA: LOS INFLUENCER Y SU PODER EN LOS NI\u00d1OS\" class=\"read-more\" href=\"https:\/\/www.alcantara-alicante.cl\/alicante-maipu\/2021\/11\/26\/taller-de-periodismo-presenta-los-influencer-y-su-poder-en-los-ninos\/\" aria-label=\"Leer m\u00e1s sobre TALLER DE PERIODISMO PRESENTA: LOS INFLUENCER Y SU PODER EN LOS NI\u00d1OS\">Leer m\u00e1s<\/a><\/p>\n","protected":false},"author":1,"featured_media":24457,"comment_status":"open","ping_status":"open","sticky":false,"template":"","format":"standard","meta":{"footnotes":""},"categories":[7,23],"tags":[],"class_list":["post-24204","post","type-post","status-publish","format-standard","has-post-thumbnail","hentry","category-destacadas","category-talleres"],"aioseo_notices":[],"_links":{"self":[{"href":"https:\/\/www.alcantara-alicante.cl\/alicante-maipu\/wp-json\/wp\/v2\/posts\/24204","targetHints":{"allow":["GET"]}}],"collection":[{"href":"https:\/\/www.alcantara-alicante.cl\/alicante-maipu\/wp-json\/wp\/v2\/posts"}],"about":[{"href":"https:\/\/www.alcantara-alicante.cl\/alicante-maipu\/wp-json\/wp\/v2\/types\/post"}],"author":[{"embeddable":true,"href":"https:\/\/www.alcantara-alicante.cl\/alicante-maipu\/wp-json\/wp\/v2\/users\/1"}],"replies":[{"embeddable":true,"href":"https:\/\/www.alcantara-alicante.cl\/alicante-maipu\/wp-json\/wp\/v2\/comments?post=24204"}],"version-history":[{"count":0,"href":"https:\/\/www.alcantara-alicante.cl\/alicante-maipu\/wp-json\/wp\/v2\/posts\/24204\/revisions"}],"wp:featuredmedia":[{"embeddable":true,"href":"https:\/\/www.alcantara-alicante.cl\/alicante-maipu\/wp-json\/wp\/v2\/media\/24457"}],"wp:attachment":[{"href":"https:\/\/www.alcantara-alicante.cl\/alicante-maipu\/wp-json\/wp\/v2\/media?parent=24204"}],"wp:term":[{"taxonomy":"category","embeddable":true,"href":"https:\/\/www.alcantara-alicante.cl\/alicante-maipu\/wp-json\/wp\/v2\/categories?post=24204"},{"taxonomy":"post_tag","embeddable":true,"href":"https:\/\/www.alcantara-alicante.cl\/alicante-maipu\/wp-json\/wp\/v2\/tags?post=24204"}],"curies":[{"name":"wp","href":"https:\/\/api.w.org\/{rel}","templated":true}]}}