{"id":19495,"date":"2021-10-29T12:56:37","date_gmt":"2021-10-29T15:56:37","guid":{"rendered":"https:\/\/www.alcantara-alicante.cl\/alicante-maipu\/wp-content\/uploads\/sites\/5\/site\/\/8\/IMG_0212-1733.jpg"},"modified":"2025-07-07T17:42:49","modified_gmt":"2025-07-07T21:42:49","slug":"presentamos-el-taller-de-periodismo","status":"publish","type":"post","link":"https:\/\/www.alcantara-alicante.cl\/alicante-maipu\/2021\/10\/29\/presentamos-el-taller-de-periodismo\/","title":{"rendered":"Presentamos el \u00abTaller de Periodismo\u00bb"},"content":{"rendered":"<p>Estimada comunidad educativa Colegio Alicante de Maip\u00fa:<\/p>\n<p><\/p>\n<p>Con gran agrado queremos comunicar de una <em>noticia en desarrollo: <\/em>Se trata del <strong>Taller de Periodismo<\/strong> juvenil, iniciativa impulsada por las <strong>profesoras de Lenguaje: Nicole Lange y Karla Albornoz<\/strong>, quienes buscan&nbsp; potenciar el crecimiento integral de las y los estudiantes, a trav\u00e9s del aprendizaje de t\u00e9cnicas period\u00edsticas y de comunicaci\u00f3n, que permitir\u00e1n a los peque\u00f1os reporteros desarrollar habilidades para mejorar la lectura y escritura, saber c\u00f3mo expresarse frente a un p\u00fablico, aprender el discurso cr\u00edtico, y de esta forma, prepararse como futuros periodistas, adquiriendo una serie de valiosas herramientas que pueden servir para toda la vida.<\/p>\n<p>&nbsp;<\/p>\n<p>Los integrantes del Taller de Periodismo 2021 son:<br \/>\n&nbsp;<br \/>\n<a href=\"https:\/\/www.respaldoalcantara-alicante.cl\/alicante-maipu\/wp-content\/uploads\/sites\/8\/2021\/10\/Foto-Taller-Periodismo.jpeg\"><img fetchpriority=\"high\" decoding=\"async\" src=\"https:\/\/www.alcantara-alicante.cl\/alicante-maipu\/wp-content\/uploads\/sites\/5\/site\/\/8\/Foto-Taller-Periodismo-885x1024-1.jpeg\" alt=\"\" width=\"500\" height=\"579\"><\/a><\/p>\n<p><strong>Isidora Quezada 5\u00b0E<\/strong><\/p>\n<p><strong>&nbsp;<\/strong><\/p>\n<p><strong>Florencia Parada 5\u00b0E<\/strong><\/p>\n<p><strong>&nbsp;<\/strong><\/p>\n<p><strong>Matilda Cordero 6\u00b0C<\/strong><\/p>\n<p><strong>&nbsp;<\/strong><\/p>\n<p><strong>Camila Romero 6\u00b0C<\/strong><\/p>\n<p><strong>&nbsp;<\/strong><\/p>\n<p><strong>Facundo Cuevas 6\u00b0C<\/strong><\/p>\n<p><strong>&nbsp;<\/strong><\/p>\n<p><strong>Matilda L\u00f3pez 7\u00b0B<\/strong><\/p>\n<p><strong>&nbsp;<\/strong><\/p>\n<p><strong>Florencia Labra\u00f1a 7\u00b0B<\/strong><\/p>\n<p><strong>&nbsp;<\/strong><\/p>\n<p><strong>Consuelo Mart\u00ednez 7\u00b0D<\/strong><\/p>\n<p><strong>&nbsp;<\/strong><\/p>\n<p><strong>&nbsp;<\/strong><\/p>\n<p><strong>&nbsp;<\/strong><\/p>\n<p><strong>&nbsp;<\/strong><\/p>\n<p><strong>&nbsp;<\/strong><\/p>\n<p><strong>&nbsp;<\/strong><\/p>\n<p><strong>&nbsp;<\/strong><\/p>\n<p><strong>&nbsp;<\/strong><\/p>\n<p>&nbsp;<\/p>\n<p>Para concluir, dejamos parte del trabajo realizado por nuestros periodistas. Se trata de la <em>videoentrevista<\/em><strong> \u00abOpina Alicante: Educaci\u00f3n afectivo sexual\u00bb<\/strong> y un art\u00edculo noticioso \u00edntegramente creado por el equipo del taller: <strong>\u00abRespeto a la diferencia\u00bb.<\/strong> Felicitamos e instamos al equipo del Taller de Periodismo a seguir motivados en la importante labor que realizan de reportear, informar y buscar la verdad. <strong>\u00a1Felicitaciones!<\/strong><\/p>\n<h4>Videoentrevista \u00abOpina alicante: Educaci\u00f3n afectivo sexual\u00bb<\/h4>\n<p><iframe title=\"ALICANTE OPINA: Educaci\u00f3n afectiva sexual. Colegio Alicante de Maip\u00fa\" width=\"1200\" height=\"675\" src=\"https:\/\/www.youtube.com\/embed\/v_n-4NY8Ba4?feature=oembed\" frameborder=\"0\" allow=\"accelerometer; autoplay; clipboard-write; encrypted-media; gyroscope; picture-in-picture; web-share\" referrerpolicy=\"strict-origin-when-cross-origin\" allowfullscreen><\/iframe><\/p>\n<h4>Art\u00edculo elaborado por el Taller de Periodismo<\/h4>\n<p><img loading=\"lazy\" decoding=\"async\" width=\"724\" height=\"1024\" src=\"https:\/\/www.alcantara-alicante.cl\/alicante-maipu\/wp-content\/uploads\/sites\/5\/site\/\/8\/Noticia-1_1-724x1024-1.png\" alt=\"\" loading=\"lazy\" srcset=\"https:\/\/www.alcantara-alicante.cl\/alicante-maipu\/wp-content\/uploads\/sites\/5\/site\/\/8\/Noticia-1_1-724x1024-1.png 724w, https:\/\/www.alcantara-alicante.cl\/alicante-maipu\/wp-content\/uploads\/sites\/5\/site\/\/8\/Noticia-1_1-212x300-1.png 212w, https:\/\/www.alcantara-alicante.cl\/alicante-maipu\/wp-content\/uploads\/sites\/5\/site\/\/8\/Noticia-1_1-768x1086-1.png 768w, https:\/\/www.alcantara-alicante.cl\/alicante-maipu\/wp-content\/uploads\/sites\/5\/site\/\/8\/Noticia-1_1-700x990-1.png 700w, https:\/\/www.alcantara-alicante.cl\/alicante-maipu\/wp-content\/uploads\/sites\/5\/site\/\/8\/Noticia-1_1.png 794w\" sizes=\"auto, (max-width: 724px) 100vw, 724px\" \/><br \/>\n<img loading=\"lazy\" decoding=\"async\" width=\"724\" height=\"1024\" src=\"https:\/\/www.alcantara-alicante.cl\/alicante-maipu\/wp-content\/uploads\/sites\/5\/site\/\/8\/Noticia-1_2-724x1024-1.png\" alt=\"\" loading=\"lazy\" srcset=\"https:\/\/www.alcantara-alicante.cl\/alicante-maipu\/wp-content\/uploads\/sites\/5\/site\/\/8\/Noticia-1_2-724x1024-1.png 724w, https:\/\/www.alcantara-alicante.cl\/alicante-maipu\/wp-content\/uploads\/sites\/5\/site\/\/8\/Noticia-1_2-212x300-1.png 212w, https:\/\/www.alcantara-alicante.cl\/alicante-maipu\/wp-content\/uploads\/sites\/5\/site\/\/8\/Noticia-1_2-768x1086-1.png 768w, https:\/\/www.alcantara-alicante.cl\/alicante-maipu\/wp-content\/uploads\/sites\/5\/site\/\/8\/Noticia-1_2-700x990-1.png 700w, https:\/\/www.alcantara-alicante.cl\/alicante-maipu\/wp-content\/uploads\/sites\/5\/site\/\/8\/Noticia-1_2.png 794w\" sizes=\"auto, (max-width: 724px) 100vw, 724px\" \/><\/p>\n","protected":false},"excerpt":{"rendered":"<p>Estimada comunidad educativa Colegio Alicante de Maip\u00fa: Con gran agrado queremos comunicar de una noticia en desarrollo: Se trata del Taller de Periodismo juvenil, iniciativa impulsada por las profesoras de Lenguaje: Nicole Lange y Karla Albornoz, quienes buscan&nbsp; potenciar el crecimiento integral de las y los estudiantes, a trav\u00e9s del aprendizaje de t\u00e9cnicas period\u00edsticas y &#8230; <a title=\"Presentamos el \u00abTaller de Periodismo\u00bb\" class=\"read-more\" href=\"https:\/\/www.alcantara-alicante.cl\/alicante-maipu\/2021\/10\/29\/presentamos-el-taller-de-periodismo\/\" aria-label=\"Leer m\u00e1s sobre Presentamos el \u00abTaller de Periodismo\u00bb\">Leer m\u00e1s<\/a><\/p>\n","protected":false},"author":1,"featured_media":24952,"comment_status":"open","ping_status":"open","sticky":false,"template":"","format":"standard","meta":{"footnotes":""},"categories":[21,7,23],"tags":[],"class_list":["post-19495","post","type-post","status-publish","format-standard","has-post-thumbnail","hentry","category-culturales","category-destacadas","category-talleres"],"aioseo_notices":[],"_links":{"self":[{"href":"https:\/\/www.alcantara-alicante.cl\/alicante-maipu\/wp-json\/wp\/v2\/posts\/19495","targetHints":{"allow":["GET"]}}],"collection":[{"href":"https:\/\/www.alcantara-alicante.cl\/alicante-maipu\/wp-json\/wp\/v2\/posts"}],"about":[{"href":"https:\/\/www.alcantara-alicante.cl\/alicante-maipu\/wp-json\/wp\/v2\/types\/post"}],"author":[{"embeddable":true,"href":"https:\/\/www.alcantara-alicante.cl\/alicante-maipu\/wp-json\/wp\/v2\/users\/1"}],"replies":[{"embeddable":true,"href":"https:\/\/www.alcantara-alicante.cl\/alicante-maipu\/wp-json\/wp\/v2\/comments?post=19495"}],"version-history":[{"count":0,"href":"https:\/\/www.alcantara-alicante.cl\/alicante-maipu\/wp-json\/wp\/v2\/posts\/19495\/revisions"}],"wp:featuredmedia":[{"embeddable":true,"href":"https:\/\/www.alcantara-alicante.cl\/alicante-maipu\/wp-json\/wp\/v2\/media\/24952"}],"wp:attachment":[{"href":"https:\/\/www.alcantara-alicante.cl\/alicante-maipu\/wp-json\/wp\/v2\/media?parent=19495"}],"wp:term":[{"taxonomy":"category","embeddable":true,"href":"https:\/\/www.alcantara-alicante.cl\/alicante-maipu\/wp-json\/wp\/v2\/categories?post=19495"},{"taxonomy":"post_tag","embeddable":true,"href":"https:\/\/www.alcantara-alicante.cl\/alicante-maipu\/wp-json\/wp\/v2\/tags?post=19495"}],"curies":[{"name":"wp","href":"https:\/\/api.w.org\/{rel}","templated":true}]}}