{"id":981,"date":"2025-04-07T22:43:04","date_gmt":"2025-04-08T02:43:04","guid":{"rendered":"https:\/\/www.alcantara-alicante.cl\/alicante-florida\/2025\/04\/07\/dia-mundial-del-libro-2021\/"},"modified":"2025-04-07T22:43:04","modified_gmt":"2025-04-08T02:43:04","slug":"dia-mundial-del-libro-2021","status":"publish","type":"post","link":"https:\/\/www.alcantara-alicante.cl\/alicante-florida\/2025\/04\/07\/dia-mundial-del-libro-2021\/","title":{"rendered":"D\u00eda mundial del libro 2021"},"content":{"rendered":"<p>Estimada comunidad Alicante de La Florida:<\/p>\n<p data-ogsb=\"rgb(246, 246, 246)\">Hoy 23 de abril se conmemora el \u00abD\u00eda mundial del libro\u00bb en su edici\u00f3n 2021. Nuestro colegio no quiso quedarse atr\u00e1s en esta importante celebraci\u00f3n, con este motivo los invitamos a ver el video del <strong>libro llave<\/strong> que tiene como protagonista a nuestra profesora Catalina Acu\u00f1a.<\/p>\n<p>&nbsp;https:\/\/www.alcantara-alicante.cl\/alicante-florida\/wp-content\/uploads\/sites\/12\/2021\/04\/Video.movhttps:\/\/youtu.be\/vmWts65dxKY<\/p>\n<p><strong>Historia del \u00abD\u00eda del libro\u00bb<\/strong><\/p>\n<p>Para hablar del origen del D\u00eda del Libro hay que remontarse al a\u00f1o <strong>1923,<\/strong> en <strong>Catalu\u00f1a,<\/strong> cuando el escritor <strong>Vicente Clavel Andr\u00e9s<\/strong> propuso a la C\u00e1mara <strong>Oficial del Libro de Barcelona<\/strong> la celebraci\u00f3n de esta festividad. El <strong>rey Alfonso XIII de Espa\u00f1a<\/strong> fue quien lo aprob\u00f3 tres a\u00f1os m\u00e1s tarde, en el a\u00f1o 1926, dando paso a su primera celebraci\u00f3n el <strong>7 de octubre<\/strong>.<\/p>\n<p><strong>\u00bfPor qu\u00e9 celebramos este d\u00eda?<\/strong><\/p>\n<p>El D\u00eda del Libro se celebra cada 23 de abril y se escogi\u00f3 esta fecha clave porque guardaba relaci\u00f3n con el \u00e1mbito literario, pues fue el <strong>d\u00eda en el que falleci\u00f3<\/strong> <strong>Miguel de Cervantes, William Shakespeare<\/strong> e <strong>Inca Garcilaso de la Vega,<\/strong> en el a\u00f1o <strong>1616<\/strong>.<\/p>\n<p>Aunque en realidad, la muerte de Cervantes se dio el d\u00eda 22 y fue enterrado el 23, que es cuando se consign\u00f3 su muerte; y Shakespeare muri\u00f3 el 23 de abril del calendario juliano, que es el 3 de mayo del calendario gregoriano.<\/p>\n","protected":false},"excerpt":{"rendered":"<p>Estimada comunidad Alicante de La Florida: Hoy 23 de abril se conmemora el \u00abD\u00eda mundial del libro\u00bb en su edici\u00f3n 2021. Nuestro colegio no quiso quedarse atr\u00e1s en esta importante celebraci\u00f3n, con este motivo los invitamos a ver el video del libro llave que tiene como protagonista a nuestra profesora Catalina Acu\u00f1a. &nbsp;https:\/\/www.alcantara-alicante.cl\/alicante-florida\/wp-content\/uploads\/sites\/12\/2021\/04\/Video.movhttps:\/\/youtu.be\/vmWts65dxKY Historia del &#8230; <a title=\"D\u00eda mundial del libro 2021\" class=\"read-more\" href=\"https:\/\/www.alcantara-alicante.cl\/alicante-florida\/2025\/04\/07\/dia-mundial-del-libro-2021\/\" aria-label=\"Leer m\u00e1s sobre D\u00eda mundial del libro 2021\">Leer m\u00e1s<\/a><\/p>\n","protected":false},"author":1,"featured_media":982,"comment_status":"open","ping_status":"open","sticky":false,"template":"","format":"standard","meta":{"footnotes":""},"categories":[13,11],"tags":[],"class_list":["post-981","post","type-post","status-publish","format-standard","has-post-thumbnail","hentry","category-culturales","category-destacadas"],"aioseo_notices":[],"_links":{"self":[{"href":"https:\/\/www.alcantara-alicante.cl\/alicante-florida\/wp-json\/wp\/v2\/posts\/981","targetHints":{"allow":["GET"]}}],"collection":[{"href":"https:\/\/www.alcantara-alicante.cl\/alicante-florida\/wp-json\/wp\/v2\/posts"}],"about":[{"href":"https:\/\/www.alcantara-alicante.cl\/alicante-florida\/wp-json\/wp\/v2\/types\/post"}],"author":[{"embeddable":true,"href":"https:\/\/www.alcantara-alicante.cl\/alicante-florida\/wp-json\/wp\/v2\/users\/1"}],"replies":[{"embeddable":true,"href":"https:\/\/www.alcantara-alicante.cl\/alicante-florida\/wp-json\/wp\/v2\/comments?post=981"}],"version-history":[{"count":0,"href":"https:\/\/www.alcantara-alicante.cl\/alicante-florida\/wp-json\/wp\/v2\/posts\/981\/revisions"}],"wp:featuredmedia":[{"embeddable":true,"href":"https:\/\/www.alcantara-alicante.cl\/alicante-florida\/wp-json\/wp\/v2\/media\/982"}],"wp:attachment":[{"href":"https:\/\/www.alcantara-alicante.cl\/alicante-florida\/wp-json\/wp\/v2\/media?parent=981"}],"wp:term":[{"taxonomy":"category","embeddable":true,"href":"https:\/\/www.alcantara-alicante.cl\/alicante-florida\/wp-json\/wp\/v2\/categories?post=981"},{"taxonomy":"post_tag","embeddable":true,"href":"https:\/\/www.alcantara-alicante.cl\/alicante-florida\/wp-json\/wp\/v2\/tags?post=981"}],"curies":[{"name":"wp","href":"https:\/\/api.w.org\/{rel}","templated":true}]}}