{"id":1100,"date":"2025-04-07T22:45:00","date_gmt":"2025-04-08T02:45:00","guid":{"rendered":"https:\/\/www.alcantara-alicante.cl\/alicante-florida\/2025\/04\/07\/lanzamiento-de-libro-de-ex-alumno-en-el-colegio\/"},"modified":"2025-04-07T22:45:00","modified_gmt":"2025-04-08T02:45:00","slug":"lanzamiento-de-libro-de-ex-alumno-en-el-colegio","status":"publish","type":"post","link":"https:\/\/www.alcantara-alicante.cl\/alicante-florida\/2025\/04\/07\/lanzamiento-de-libro-de-ex-alumno-en-el-colegio\/","title":{"rendered":"Lanzamiento de libro de ex alumno en el colegio"},"content":{"rendered":"<p>El viernes 21 de abril se realiz\u00f3 el lanzamiento del libro \u00abDR. DAMM\u00bb\u00a0 escrito por nuestro ex alumno <b>Ignacio Rodr\u00edguez<\/b> (Mateo Muto) escritor y abogado, adem\u00e1s de contar con el dise\u00f1o de las im\u00e1genes de otro ex estudiante <b>Jorge Suazo<\/b>\u00a0Cineasta y la cr\u00edtica de\u00a0<b>Beatriz D\u00edaz<\/b> Licenciada en Literatura, profesora de lenguaje y teatro y directora de la compa\u00f1\u00eda de teatro Casa de Mu\u00f1ecas.<\/p>\n<p>Entre el 21 y 27 de abril y con esta destacada actividad se dio inicio a la celebraci\u00f3n de la semana del libro.<\/p>\n<p>A continuaci\u00f3n fotos del lanzamiento.<\/p>\n<p><a href=\"https:\/\/www.alcantara-alicante.cl\/alicante-florida\/wp-content\/uploads\/sites\/12\/2023\/04\/Lanzimiento-libro-Dr.-Damm-2.jpeg\" data-elementor-open-lightbox=\"yes\" data-elementor-lightbox-slideshow=\"all-1f95f58\" data-elementor-lightbox-title=\"Lanzimiento libro Dr. Damm 2\" data-e-action-hash=\"#elementor-action%3Aaction%3Dlightbox%26settings%3DeyJpZCI6MjE4MjIsInVybCI6Imh0dHBzOlwvXC93d3cuYWxjYW50YXJhLWFsaWNhbnRlLmNsXC9hbGljYW50ZS1mbG9yaWRhXC93cC1jb250ZW50XC91cGxvYWRzXC9zaXRlc1wvMTJcLzIwMjNcLzA0XC9MYW56aW1pZW50by1saWJyby1Eci4tRGFtbS0yLmpwZWciLCJzbGlkZXNob3ciOiJhbGwtMWY5NWY1OCJ9\"><br \/>\n<\/a><br \/>\n<a href=\"https:\/\/www.alcantara-alicante.cl\/alicante-florida\/wp-content\/uploads\/sites\/12\/2023\/04\/Lanzimiento-libro-Dr.-Damm-5.jpeg\" data-elementor-open-lightbox=\"yes\" data-elementor-lightbox-slideshow=\"all-1f95f58\" data-elementor-lightbox-title=\"Lanzimiento libro Dr. Damm 5\" data-e-action-hash=\"#elementor-action%3Aaction%3Dlightbox%26settings%3DeyJpZCI6MjE4MjYsInVybCI6Imh0dHBzOlwvXC93d3cuYWxjYW50YXJhLWFsaWNhbnRlLmNsXC9hbGljYW50ZS1mbG9yaWRhXC93cC1jb250ZW50XC91cGxvYWRzXC9zaXRlc1wvMTJcLzIwMjNcLzA0XC9MYW56aW1pZW50by1saWJyby1Eci4tRGFtbS01LmpwZWciLCJzbGlkZXNob3ciOiJhbGwtMWY5NWY1OCJ9\"><br \/>\n<\/a><br \/>\n<a href=\"https:\/\/www.alcantara-alicante.cl\/alicante-florida\/wp-content\/uploads\/sites\/12\/2023\/04\/Lanzimiento-libro-Dr.-Damm-6.jpeg\" data-elementor-open-lightbox=\"yes\" data-elementor-lightbox-slideshow=\"all-1f95f58\" data-elementor-lightbox-title=\"Lanzimiento libro Dr. Damm 6\" data-e-action-hash=\"#elementor-action%3Aaction%3Dlightbox%26settings%3DeyJpZCI6MjE4MjcsInVybCI6Imh0dHBzOlwvXC93d3cuYWxjYW50YXJhLWFsaWNhbnRlLmNsXC9hbGljYW50ZS1mbG9yaWRhXC93cC1jb250ZW50XC91cGxvYWRzXC9zaXRlc1wvMTJcLzIwMjNcLzA0XC9MYW56aW1pZW50by1saWJyby1Eci4tRGFtbS02LmpwZWciLCJzbGlkZXNob3ciOiJhbGwtMWY5NWY1OCJ9\"><br \/>\n<\/a><br \/>\n<a href=\"https:\/\/www.alcantara-alicante.cl\/alicante-florida\/wp-content\/uploads\/sites\/12\/2023\/04\/Lanzimiento-libro-Dr.-Damm-1.jpeg\" data-elementor-open-lightbox=\"yes\" data-elementor-lightbox-slideshow=\"all-1f95f58\" data-elementor-lightbox-title=\"Lanzimiento libro Dr. Damm 1\" data-e-action-hash=\"#elementor-action%3Aaction%3Dlightbox%26settings%3DeyJpZCI6MjE4MjMsInVybCI6Imh0dHBzOlwvXC93d3cuYWxjYW50YXJhLWFsaWNhbnRlLmNsXC9hbGljYW50ZS1mbG9yaWRhXC93cC1jb250ZW50XC91cGxvYWRzXC9zaXRlc1wvMTJcLzIwMjNcLzA0XC9MYW56aW1pZW50by1saWJyby1Eci4tRGFtbS0xLmpwZWciLCJzbGlkZXNob3ciOiJhbGwtMWY5NWY1OCJ9\"><br \/>\n<\/a><br \/>\n<a href=\"https:\/\/www.alcantara-alicante.cl\/alicante-florida\/wp-content\/uploads\/sites\/12\/2023\/04\/Lanzimiento-libro-Dr.-Damm-9.jpeg\" data-elementor-open-lightbox=\"yes\" data-elementor-lightbox-slideshow=\"all-1f95f58\" data-elementor-lightbox-title=\"Lanzimiento libro Dr. Damm 9\" data-e-action-hash=\"#elementor-action%3Aaction%3Dlightbox%26settings%3DeyJpZCI6MjE4MzAsInVybCI6Imh0dHBzOlwvXC93d3cuYWxjYW50YXJhLWFsaWNhbnRlLmNsXC9hbGljYW50ZS1mbG9yaWRhXC93cC1jb250ZW50XC91cGxvYWRzXC9zaXRlc1wvMTJcLzIwMjNcLzA0XC9MYW56aW1pZW50by1saWJyby1Eci4tRGFtbS05LmpwZWciLCJzbGlkZXNob3ciOiJhbGwtMWY5NWY1OCJ9\"><br \/>\n<\/a><br \/>\n<a href=\"https:\/\/www.alcantara-alicante.cl\/alicante-florida\/wp-content\/uploads\/sites\/12\/2023\/04\/Lanzimiento-libro-Dr.-Damm-3.jpeg\" data-elementor-open-lightbox=\"yes\" data-elementor-lightbox-slideshow=\"all-1f95f58\" data-elementor-lightbox-title=\"Lanzimiento libro Dr. Damm 3\" data-e-action-hash=\"#elementor-action%3Aaction%3Dlightbox%26settings%3DeyJpZCI6MjE4MjQsInVybCI6Imh0dHBzOlwvXC93d3cuYWxjYW50YXJhLWFsaWNhbnRlLmNsXC9hbGljYW50ZS1mbG9yaWRhXC93cC1jb250ZW50XC91cGxvYWRzXC9zaXRlc1wvMTJcLzIwMjNcLzA0XC9MYW56aW1pZW50by1saWJyby1Eci4tRGFtbS0zLmpwZWciLCJzbGlkZXNob3ciOiJhbGwtMWY5NWY1OCJ9\"><br \/>\n<\/a><br \/>\n<a href=\"https:\/\/www.alcantara-alicante.cl\/alicante-florida\/wp-content\/uploads\/sites\/12\/2023\/04\/Lanzimiento-libro-Dr.-Damm-4.jpeg\" data-elementor-open-lightbox=\"yes\" data-elementor-lightbox-slideshow=\"all-1f95f58\" data-elementor-lightbox-title=\"Lanzimiento libro Dr. Damm 4\" data-e-action-hash=\"#elementor-action%3Aaction%3Dlightbox%26settings%3DeyJpZCI6MjE4MjUsInVybCI6Imh0dHBzOlwvXC93d3cuYWxjYW50YXJhLWFsaWNhbnRlLmNsXC9hbGljYW50ZS1mbG9yaWRhXC93cC1jb250ZW50XC91cGxvYWRzXC9zaXRlc1wvMTJcLzIwMjNcLzA0XC9MYW56aW1pZW50by1saWJyby1Eci4tRGFtbS00LmpwZWciLCJzbGlkZXNob3ciOiJhbGwtMWY5NWY1OCJ9\"><br \/>\n<\/a><br \/>\n<a href=\"https:\/\/www.alcantara-alicante.cl\/alicante-florida\/wp-content\/uploads\/sites\/12\/2023\/04\/Lanzimiento-libro-Dr.-Damm-8.jpeg\" data-elementor-open-lightbox=\"yes\" data-elementor-lightbox-slideshow=\"all-1f95f58\" data-elementor-lightbox-title=\"Lanzimiento libro Dr. Damm 8\" data-e-action-hash=\"#elementor-action%3Aaction%3Dlightbox%26settings%3DeyJpZCI6MjE4MjksInVybCI6Imh0dHBzOlwvXC93d3cuYWxjYW50YXJhLWFsaWNhbnRlLmNsXC9hbGljYW50ZS1mbG9yaWRhXC93cC1jb250ZW50XC91cGxvYWRzXC9zaXRlc1wvMTJcLzIwMjNcLzA0XC9MYW56aW1pZW50by1saWJyby1Eci4tRGFtbS04LmpwZWciLCJzbGlkZXNob3ciOiJhbGwtMWY5NWY1OCJ9\"><br \/>\n<\/a><\/p>\n","protected":false},"excerpt":{"rendered":"<p>El viernes 21 de abril se realiz\u00f3 el lanzamiento del libro \u00abDR. DAMM\u00bb\u00a0 escrito por nuestro ex alumno Ignacio Rodr\u00edguez (Mateo Muto) escritor y abogado, adem\u00e1s de contar con el dise\u00f1o de las im\u00e1genes de otro ex estudiante Jorge Suazo\u00a0Cineasta y la cr\u00edtica de\u00a0Beatriz D\u00edaz Licenciada en Literatura, profesora de lenguaje y teatro y directora &#8230; <a title=\"Lanzamiento de libro de ex alumno en el colegio\" class=\"read-more\" href=\"https:\/\/www.alcantara-alicante.cl\/alicante-florida\/2025\/04\/07\/lanzamiento-de-libro-de-ex-alumno-en-el-colegio\/\" aria-label=\"Leer m\u00e1s sobre Lanzamiento de libro de ex alumno en el colegio\">Leer m\u00e1s<\/a><\/p>\n","protected":false},"author":1,"featured_media":1101,"comment_status":"open","ping_status":"open","sticky":false,"template":"","format":"standard","meta":{"footnotes":""},"categories":[13,11],"tags":[],"class_list":["post-1100","post","type-post","status-publish","format-standard","has-post-thumbnail","hentry","category-culturales","category-destacadas"],"aioseo_notices":[],"_links":{"self":[{"href":"https:\/\/www.alcantara-alicante.cl\/alicante-florida\/wp-json\/wp\/v2\/posts\/1100","targetHints":{"allow":["GET"]}}],"collection":[{"href":"https:\/\/www.alcantara-alicante.cl\/alicante-florida\/wp-json\/wp\/v2\/posts"}],"about":[{"href":"https:\/\/www.alcantara-alicante.cl\/alicante-florida\/wp-json\/wp\/v2\/types\/post"}],"author":[{"embeddable":true,"href":"https:\/\/www.alcantara-alicante.cl\/alicante-florida\/wp-json\/wp\/v2\/users\/1"}],"replies":[{"embeddable":true,"href":"https:\/\/www.alcantara-alicante.cl\/alicante-florida\/wp-json\/wp\/v2\/comments?post=1100"}],"version-history":[{"count":0,"href":"https:\/\/www.alcantara-alicante.cl\/alicante-florida\/wp-json\/wp\/v2\/posts\/1100\/revisions"}],"wp:featuredmedia":[{"embeddable":true,"href":"https:\/\/www.alcantara-alicante.cl\/alicante-florida\/wp-json\/wp\/v2\/media\/1101"}],"wp:attachment":[{"href":"https:\/\/www.alcantara-alicante.cl\/alicante-florida\/wp-json\/wp\/v2\/media?parent=1100"}],"wp:term":[{"taxonomy":"category","embeddable":true,"href":"https:\/\/www.alcantara-alicante.cl\/alicante-florida\/wp-json\/wp\/v2\/categories?post=1100"},{"taxonomy":"post_tag","embeddable":true,"href":"https:\/\/www.alcantara-alicante.cl\/alicante-florida\/wp-json\/wp\/v2\/tags?post=1100"}],"curies":[{"name":"wp","href":"https:\/\/api.w.org\/{rel}","templated":true}]}}