{"id":1041,"date":"2025-04-07T22:44:13","date_gmt":"2025-04-08T02:44:13","guid":{"rendered":"https:\/\/www.alcantara-alicante.cl\/alicante-florida\/2025\/04\/07\/semana-del-libro-educacion-parvularia\/"},"modified":"2025-04-07T22:44:13","modified_gmt":"2025-04-08T02:44:13","slug":"semana-del-libro-educacion-parvularia","status":"publish","type":"post","link":"https:\/\/www.alcantara-alicante.cl\/alicante-florida\/2025\/04\/07\/semana-del-libro-educacion-parvularia\/","title":{"rendered":"Semana del Libro Educaci\u00f3n Parvularia"},"content":{"rendered":"<p>Entre el 18 y 22 de abril se realiz\u00f3 la semana literaria en el ciclo Educaci\u00f3n Parvularia.<\/p>\n<p>Muy entusiasmados nuestros peque\u00f1os estudiantes que comienzan a iniciarse en el mundo literario. A continuaci\u00f3n un video con la muestra de actividades.<\/p>\n<p><iframe title=\"Semana Literaria 2022 Ciclo parvulario\" width=\"1200\" height=\"675\" src=\"https:\/\/www.youtube.com\/embed\/QZJDHqD8MPM?feature=oembed\" frameborder=\"0\" allow=\"accelerometer; autoplay; clipboard-write; encrypted-media; gyroscope; picture-in-picture; web-share\" referrerpolicy=\"strict-origin-when-cross-origin\" allowfullscreen><\/iframe><\/p>\n","protected":false},"excerpt":{"rendered":"<p>Entre el 18 y 22 de abril se realiz\u00f3 la semana literaria en el ciclo Educaci\u00f3n Parvularia. Muy entusiasmados nuestros peque\u00f1os estudiantes que comienzan a iniciarse en el mundo literario. A continuaci\u00f3n un video con la muestra de actividades.<\/p>\n","protected":false},"author":1,"featured_media":1042,"comment_status":"open","ping_status":"open","sticky":false,"template":"","format":"standard","meta":{"footnotes":""},"categories":[10,13,11,21],"tags":[],"class_list":["post-1041","post","type-post","status-publish","format-standard","has-post-thumbnail","hentry","category-academicas","category-culturales","category-destacadas","category-palvulario"],"aioseo_notices":[],"_links":{"self":[{"href":"https:\/\/www.alcantara-alicante.cl\/alicante-florida\/wp-json\/wp\/v2\/posts\/1041","targetHints":{"allow":["GET"]}}],"collection":[{"href":"https:\/\/www.alcantara-alicante.cl\/alicante-florida\/wp-json\/wp\/v2\/posts"}],"about":[{"href":"https:\/\/www.alcantara-alicante.cl\/alicante-florida\/wp-json\/wp\/v2\/types\/post"}],"author":[{"embeddable":true,"href":"https:\/\/www.alcantara-alicante.cl\/alicante-florida\/wp-json\/wp\/v2\/users\/1"}],"replies":[{"embeddable":true,"href":"https:\/\/www.alcantara-alicante.cl\/alicante-florida\/wp-json\/wp\/v2\/comments?post=1041"}],"version-history":[{"count":0,"href":"https:\/\/www.alcantara-alicante.cl\/alicante-florida\/wp-json\/wp\/v2\/posts\/1041\/revisions"}],"wp:featuredmedia":[{"embeddable":true,"href":"https:\/\/www.alcantara-alicante.cl\/alicante-florida\/wp-json\/wp\/v2\/media\/1042"}],"wp:attachment":[{"href":"https:\/\/www.alcantara-alicante.cl\/alicante-florida\/wp-json\/wp\/v2\/media?parent=1041"}],"wp:term":[{"taxonomy":"category","embeddable":true,"href":"https:\/\/www.alcantara-alicante.cl\/alicante-florida\/wp-json\/wp\/v2\/categories?post=1041"},{"taxonomy":"post_tag","embeddable":true,"href":"https:\/\/www.alcantara-alicante.cl\/alicante-florida\/wp-json\/wp\/v2\/tags?post=1041"}],"curies":[{"name":"wp","href":"https:\/\/api.w.org\/{rel}","templated":true}]}}