{"id":2815,"date":"2025-11-21T19:34:30","date_gmt":"2025-11-21T22:34:30","guid":{"rendered":"https:\/\/www.alcantara-alicante.cl\/alcantara-penalolen\/?p=2815"},"modified":"2025-11-21T19:39:44","modified_gmt":"2025-11-21T22:39:44","slug":"inicia-proceso-prematricula-2026","status":"publish","type":"post","link":"https:\/\/www.alcantara-alicante.cl\/alcantara-penalolen\/2025\/11\/21\/inicia-proceso-prematricula-2026\/","title":{"rendered":"Inicia proceso prematr\u00edcula 2026"},"content":{"rendered":"\t\t<div data-elementor-type=\"wp-post\" data-elementor-id=\"2815\" class=\"elementor elementor-2815\" data-elementor-post-type=\"post\">\n\t\t\t\t<div class=\"elementor-element elementor-element-404d62c e-flex e-con-boxed e-con e-parent\" data-id=\"404d62c\" data-element_type=\"container\" data-e-type=\"container\">\n\t\t\t\t\t<div class=\"e-con-inner\">\n\t\t\t\t<div class=\"elementor-element elementor-element-8a9d0fd elementor-widget elementor-widget-text-editor\" data-id=\"8a9d0fd\" data-element_type=\"widget\" data-e-type=\"widget\" data-widget_type=\"text-editor.default\">\n\t\t\t\t<div class=\"elementor-widget-container\">\n\t\t\t\t\t\t\t\t\t<blockquote><div><div class=\"x_Singleton\" dir=\"ltr\"><div dir=\"ltr\"><div><p>Comunicado Nro.75\/2025<\/p><p align=\"right\">Pe\u00f1alol\u00e9n, 18 de noviembre 2025<\/p><div>\u00a0<\/div><p align=\"center\"><b>INICIA PROCESO DE PRE-MATR\u00cdCULA 2026<\/b><\/p><p>Estimados apoderados:<\/p><p>Al igual que el a\u00f1o pasado queremos informarles que el\u00a0<b>lunes 24 de Noviembre<\/b>\u00a0inicia el proceso de Pre-Matr\u00edcula 2026,\u00a0<b>finalizando dicho proceso el martes 08 de diciembre<\/b>.<\/p><p>Es importante recordarles que al igual que los a\u00f1os anteriores, el proceso se realizar\u00e1 de manera online a trav\u00e9s de la plataforma Alexia (<b>p\u00e1gina web<\/b>) y\u00a0<b>solo el tutor econ\u00f3mico ser\u00e1 quien podr\u00e1 pre-matricular ingresando con su usuario y contrase\u00f1a<\/b>. Les recordamos que no se puede cambiar el tutor econ\u00f3mico. (Se adjunta instructivo).<\/p><p>Para acceder al m\u00f3dulo Pre-Matr\u00edcula 2026, el apoderado deber\u00e1 estar al d\u00eda en sus colegiaturas. Si usted tiene dudas o no puede acceder al m\u00f3dulo de Pre-Matr\u00edcula por alg\u00fan tema contable, puede escribir a:<u>\u00a0<\/u><a href=\"mailto:penalolen@gcgestion.cl\"><b><u>penalolen<\/u><\/b><b>@gcgestion.cl<\/b><b>\u00a0<\/b><\/a>para que le puedan aclarar la situaci\u00f3n en la cual usted se encuentra. El horario de atenci\u00f3n presencial de contabilidad en el colegio es de lunes a jueves de 08:30 a 17:00hrs. y los viernes de 8:30 a 16:00hrs.<\/p><p>Los invitamos a participar de este proceso en las fechas mencionadas, lo que les permitir\u00e1 hacerlo con el tiempo necesario, resolver dudas e inquietudes y evitar sobrecargas en la plataforma.<\/p><p>Este a\u00f1o hemos habilitado en la ficha un campo donde debe consignar las personas autorizadas para retirar a su hijo\/ a, con un m\u00e1ximo de cinco personas y un campo obligatorio de ficha m\u00e9dica.<\/p><p>Se les ha enviado a sus casillas de correo electr\u00f3nico registradas en el colegio, su\u00a0<b>usuario y contrase\u00f1a<\/b>\u00a0para que al momento de iniciar el proceso de pre matr\u00edcula 2026, cuente con la informaci\u00f3n de acceso. Si por alg\u00fan motivo no encuentra el correo en la bandeja de entrada,\u00a0<b>b\u00fasquelos en la carpeta de spam o correos no deseados<\/b>.\u00a0<\/p><p>De tener alg\u00fan problema con su usuario o contrase\u00f1a, escribir al encargado de soporte t\u00e9cnico de nuestro colegio (<a title=\"mailto:informatica@penalolen.aclantara.cl\" href=\"mailto:informatica@penalolen.aclantara.cl\" data-linkindex=\"5\">informatica@penalolen.aclantara.cl<\/a>) indicando la siguiente informaci\u00f3n:<\/p><ol><li>Nombre y Rut del tutor econ\u00f3mico.<\/li><li>Nombre y curso del estudiante.<\/li><li>Problema que le impide ingresar a la plataforma Pre matriculas 2026.<\/li><li>Captura de pantalla del problema que le impide ingresar al m\u00f3dulo Pre matriculas.<\/li><\/ol><p>Le solicitamos realizar el proceso de pre matricula 2026 lo antes posible y tomarse el tiempo necesario para leer y completar con tranquilidad toda la informaci\u00f3n que se requiere.<\/p><p>Descargar Instructivo<\/p><p><img decoding=\"async\" class=\"alignnone size-full wp-image-377\" src=\"https:\/\/www.alcantara-alicante.cl\/alcantara-penalolen\/wp-content\/uploads\/sites\/4\/2021\/03\/iconopdf_small-1.jpg\" alt=\"\" width=\"33\" height=\"35\" \/> <a href=\"https:\/\/www.alcantara-alicante.cl\/alcantara-penalolen\/wp-content\/uploads\/sites\/4\/2025\/11\/MOL-2026-INSTRUCTIVO-PEN.pdf\">MOL 2026 INSTRUCTIVO PEN\u0303<\/a><\/p><\/div><\/div><\/div><\/div><\/blockquote>\t\t\t\t\t\t\t\t<\/div>\n\t\t\t\t<\/div>\n\t\t\t\t\t<\/div>\n\t\t\t\t<\/div>\n\t\t\t\t<\/div>\n\t\t","protected":false},"excerpt":{"rendered":"<p>Comunicado Nro.75\/2025 Pe\u00f1alol\u00e9n, 18 de noviembre 2025 \u00a0 INICIA PROCESO DE PRE-MATR\u00cdCULA 2026 Estimados apoderados: Al igual que el a\u00f1o pasado queremos informarles que el\u00a0lunes 24 de Noviembre\u00a0inicia el proceso de Pre-Matr\u00edcula 2026,\u00a0finalizando dicho proceso el martes 08 de diciembre. Es importante recordarles que al igual que los a\u00f1os anteriores, el proceso se realizar\u00e1 de &#8230; <a title=\"Inicia proceso prematr\u00edcula 2026\" class=\"read-more\" href=\"https:\/\/www.alcantara-alicante.cl\/alcantara-penalolen\/2025\/11\/21\/inicia-proceso-prematricula-2026\/\" aria-label=\"Leer m\u00e1s sobre Inicia proceso prematr\u00edcula 2026\">Leer m\u00e1s<\/a><\/p>\n","protected":false},"author":4,"featured_media":1878,"comment_status":"open","ping_status":"open","sticky":false,"template":"","format":"standard","meta":{"footnotes":""},"categories":[9,8],"tags":[],"class_list":["post-2815","post","type-post","status-publish","format-standard","has-post-thumbnail","hentry","category-comunicado","category-destacadas"],"aioseo_notices":[],"_links":{"self":[{"href":"https:\/\/www.alcantara-alicante.cl\/alcantara-penalolen\/wp-json\/wp\/v2\/posts\/2815","targetHints":{"allow":["GET"]}}],"collection":[{"href":"https:\/\/www.alcantara-alicante.cl\/alcantara-penalolen\/wp-json\/wp\/v2\/posts"}],"about":[{"href":"https:\/\/www.alcantara-alicante.cl\/alcantara-penalolen\/wp-json\/wp\/v2\/types\/post"}],"author":[{"embeddable":true,"href":"https:\/\/www.alcantara-alicante.cl\/alcantara-penalolen\/wp-json\/wp\/v2\/users\/4"}],"replies":[{"embeddable":true,"href":"https:\/\/www.alcantara-alicante.cl\/alcantara-penalolen\/wp-json\/wp\/v2\/comments?post=2815"}],"version-history":[{"count":4,"href":"https:\/\/www.alcantara-alicante.cl\/alcantara-penalolen\/wp-json\/wp\/v2\/posts\/2815\/revisions"}],"predecessor-version":[{"id":2820,"href":"https:\/\/www.alcantara-alicante.cl\/alcantara-penalolen\/wp-json\/wp\/v2\/posts\/2815\/revisions\/2820"}],"wp:featuredmedia":[{"embeddable":true,"href":"https:\/\/www.alcantara-alicante.cl\/alcantara-penalolen\/wp-json\/wp\/v2\/media\/1878"}],"wp:attachment":[{"href":"https:\/\/www.alcantara-alicante.cl\/alcantara-penalolen\/wp-json\/wp\/v2\/media?parent=2815"}],"wp:term":[{"taxonomy":"category","embeddable":true,"href":"https:\/\/www.alcantara-alicante.cl\/alcantara-penalolen\/wp-json\/wp\/v2\/categories?post=2815"},{"taxonomy":"post_tag","embeddable":true,"href":"https:\/\/www.alcantara-alicante.cl\/alcantara-penalolen\/wp-json\/wp\/v2\/tags?post=2815"}],"curies":[{"name":"wp","href":"https:\/\/api.w.org\/{rel}","templated":true}]}}