{"id":2729,"date":"2025-10-27T10:17:19","date_gmt":"2025-10-27T13:17:19","guid":{"rendered":"https:\/\/www.alcantara-alicante.cl\/alcantara-penalolen\/?p=2729"},"modified":"2025-10-27T10:20:58","modified_gmt":"2025-10-27T13:20:58","slug":"despedida-de-preescolar-de-visitas-a-la-biblioteca","status":"publish","type":"post","link":"https:\/\/www.alcantara-alicante.cl\/alcantara-penalolen\/2025\/10\/27\/despedida-de-preescolar-de-visitas-a-la-biblioteca\/","title":{"rendered":"Despedida de preescolar de visitas a la biblioteca"},"content":{"rendered":"\t\t<div data-elementor-type=\"wp-post\" data-elementor-id=\"2729\" class=\"elementor elementor-2729\" data-elementor-post-type=\"post\">\n\t\t\t\t<div class=\"elementor-element elementor-element-f10141f e-flex e-con-boxed e-con e-parent\" data-id=\"f10141f\" data-element_type=\"container\" data-e-type=\"container\">\n\t\t\t\t\t<div class=\"e-con-inner\">\n\t\t\t\t<div class=\"elementor-element elementor-element-0c0b151 elementor-widget elementor-widget-text-editor\" data-id=\"0c0b151\" data-element_type=\"widget\" data-e-type=\"widget\" data-widget_type=\"text-editor.default\">\n\t\t\t\t<div class=\"elementor-widget-container\">\n\t\t\t\t\t\t\t\t\t<p data-start=\"194\" data-end=\"676\">Este viernes 24 de octubre,\u00a0 el nivel Preescolar realiz\u00f3 la actividad de cierre del ciclo de visitas a la biblioteca de nuestro colegio.<\/p><p data-start=\"194\" data-end=\"676\">Durante estas jornadas, los ni\u00f1os y ni\u00f1as pudieron explorar los espacios destinados a los libros f\u00edsicos, aprender c\u00f3mo disfrutar y cuidar los beneficios de la lectura, conocer las normas de convivencia dentro de la biblioteca y compartir con Laura, nuestra bibliotecaria, quien los acompa\u00f1\u00f3 con cari\u00f1o en cada visita.<\/p><p data-start=\"678\" data-end=\"850\">Este recorrido marc\u00f3 un paso importante en la formaci\u00f3n de nuestros peque\u00f1os lectores, fortaleciendo su v\u00ednculo con los libros y el h\u00e1bito lector desde los primeros a\u00f1os.<\/p><p data-start=\"852\" data-end=\"1135\">Seguiremos fomentando el amor por la lectura, porque los peque\u00f1os lectores de hoy ser\u00e1n los adultos lectores del ma\u00f1ana.<br data-start=\"980\" data-end=\"983\" \/>Invitamos a las familias a continuar leyendo junto a sus hijos e hijas en casa, para seguir cultivando este hermoso h\u00e1bito en el entorno familiar.<\/p>\t\t\t\t\t\t\t\t<\/div>\n\t\t\t\t<\/div>\n\t\t\t\t\t<\/div>\n\t\t\t\t<\/div>\n\t\t<div class=\"elementor-element elementor-element-3f1e938 e-flex e-con-boxed e-con e-parent\" data-id=\"3f1e938\" data-element_type=\"container\" data-e-type=\"container\">\n\t\t\t\t\t<div class=\"e-con-inner\">\n\t\t\t\t<div class=\"elementor-element elementor-element-3bc363d elementor-widget elementor-widget-gallery\" data-id=\"3bc363d\" data-element_type=\"widget\" data-e-type=\"widget\" data-settings=\"{&quot;columns&quot;:5,&quot;lazyload&quot;:&quot;yes&quot;,&quot;gallery_layout&quot;:&quot;grid&quot;,&quot;columns_tablet&quot;:2,&quot;columns_mobile&quot;:1,&quot;gap&quot;:{&quot;unit&quot;:&quot;px&quot;,&quot;size&quot;:10,&quot;sizes&quot;:[]},&quot;gap_tablet&quot;:{&quot;unit&quot;:&quot;px&quot;,&quot;size&quot;:10,&quot;sizes&quot;:[]},&quot;gap_mobile&quot;:{&quot;unit&quot;:&quot;px&quot;,&quot;size&quot;:10,&quot;sizes&quot;:[]},&quot;link_to&quot;:&quot;file&quot;,&quot;aspect_ratio&quot;:&quot;3:2&quot;,&quot;overlay_background&quot;:&quot;yes&quot;,&quot;content_hover_animation&quot;:&quot;fade-in&quot;}\" data-widget_type=\"gallery.default\">\n\t\t\t\t<div class=\"elementor-widget-container\">\n\t\t\t\t\t\t\t<div class=\"elementor-gallery__container\">\n\t\t\t\t\t\t\t<a class=\"e-gallery-item elementor-gallery-item elementor-animated-content\" href=\"https:\/\/www.alcantara-alicante.cl\/alcantara-penalolen\/wp-content\/uploads\/sites\/4\/2025\/10\/Alcantara_penalolen_preescolar-biblioteca1.jpeg\" data-elementor-open-lightbox=\"yes\" data-elementor-lightbox-slideshow=\"3bc363d\" data-elementor-lightbox-title=\"Alcantara_pen\u0303alolen_preescolar biblioteca1\" data-e-action-hash=\"#elementor-action%3Aaction%3Dlightbox%26settings%3DeyJpZCI6MjczMiwidXJsIjoiaHR0cHM6XC9cL3d3dy5hbGNhbnRhcmEtYWxpY2FudGUuY2xcL2FsY2FudGFyYS1wZW5hbG9sZW5cL3dwLWNvbnRlbnRcL3VwbG9hZHNcL3NpdGVzXC80XC8yMDI1XC8xMFwvQWxjYW50YXJhX3BlbmFsb2xlbl9wcmVlc2NvbGFyLWJpYmxpb3RlY2ExLmpwZWciLCJzbGlkZXNob3ciOiIzYmMzNjNkIn0%3D\">\n\t\t\t\t\t<div class=\"e-gallery-image elementor-gallery-item__image\" data-thumbnail=\"https:\/\/www.alcantara-alicante.cl\/alcantara-penalolen\/wp-content\/uploads\/sites\/4\/2025\/10\/Alcantara_penalolen_preescolar-biblioteca1-300x225.jpeg\" data-width=\"300\" data-height=\"225\" aria-label=\"\" role=\"img\" ><\/div>\n\t\t\t\t\t\t\t\t\t\t\t<div class=\"elementor-gallery-item__overlay\"><\/div>\n\t\t\t\t\t\t\t\t\t\t\t\t\t\t<\/a>\n\t\t\t\t\t\t\t<a class=\"e-gallery-item elementor-gallery-item elementor-animated-content\" href=\"https:\/\/www.alcantara-alicante.cl\/alcantara-penalolen\/wp-content\/uploads\/sites\/4\/2025\/10\/Alcantara_penalolen_preescolar-biblioteca2.jpeg\" data-elementor-open-lightbox=\"yes\" data-elementor-lightbox-slideshow=\"3bc363d\" data-elementor-lightbox-title=\"Alcantara_pen\u0303alolen_preescolar biblioteca2\" data-e-action-hash=\"#elementor-action%3Aaction%3Dlightbox%26settings%3DeyJpZCI6MjczMywidXJsIjoiaHR0cHM6XC9cL3d3dy5hbGNhbnRhcmEtYWxpY2FudGUuY2xcL2FsY2FudGFyYS1wZW5hbG9sZW5cL3dwLWNvbnRlbnRcL3VwbG9hZHNcL3NpdGVzXC80XC8yMDI1XC8xMFwvQWxjYW50YXJhX3BlbmFsb2xlbl9wcmVlc2NvbGFyLWJpYmxpb3RlY2EyLmpwZWciLCJzbGlkZXNob3ciOiIzYmMzNjNkIn0%3D\">\n\t\t\t\t\t<div class=\"e-gallery-image elementor-gallery-item__image\" data-thumbnail=\"https:\/\/www.alcantara-alicante.cl\/alcantara-penalolen\/wp-content\/uploads\/sites\/4\/2025\/10\/Alcantara_penalolen_preescolar-biblioteca2-300x225.jpeg\" data-width=\"300\" data-height=\"225\" aria-label=\"\" role=\"img\" ><\/div>\n\t\t\t\t\t\t\t\t\t\t\t<div class=\"elementor-gallery-item__overlay\"><\/div>\n\t\t\t\t\t\t\t\t\t\t\t\t\t\t<\/a>\n\t\t\t\t\t\t\t<a class=\"e-gallery-item elementor-gallery-item elementor-animated-content\" href=\"https:\/\/www.alcantara-alicante.cl\/alcantara-penalolen\/wp-content\/uploads\/sites\/4\/2025\/10\/Alcantara_penalolen_preescolar-biblioteca3.jpeg\" data-elementor-open-lightbox=\"yes\" data-elementor-lightbox-slideshow=\"3bc363d\" data-elementor-lightbox-title=\"Alcantara_pen\u0303alolen_preescolar biblioteca3\" data-e-action-hash=\"#elementor-action%3Aaction%3Dlightbox%26settings%3DeyJpZCI6MjczNCwidXJsIjoiaHR0cHM6XC9cL3d3dy5hbGNhbnRhcmEtYWxpY2FudGUuY2xcL2FsY2FudGFyYS1wZW5hbG9sZW5cL3dwLWNvbnRlbnRcL3VwbG9hZHNcL3NpdGVzXC80XC8yMDI1XC8xMFwvQWxjYW50YXJhX3BlbmFsb2xlbl9wcmVlc2NvbGFyLWJpYmxpb3RlY2EzLmpwZWciLCJzbGlkZXNob3ciOiIzYmMzNjNkIn0%3D\">\n\t\t\t\t\t<div class=\"e-gallery-image elementor-gallery-item__image\" data-thumbnail=\"https:\/\/www.alcantara-alicante.cl\/alcantara-penalolen\/wp-content\/uploads\/sites\/4\/2025\/10\/Alcantara_penalolen_preescolar-biblioteca3-300x225.jpeg\" data-width=\"300\" data-height=\"225\" aria-label=\"\" role=\"img\" ><\/div>\n\t\t\t\t\t\t\t\t\t\t\t<div class=\"elementor-gallery-item__overlay\"><\/div>\n\t\t\t\t\t\t\t\t\t\t\t\t\t\t<\/a>\n\t\t\t\t\t\t\t<a class=\"e-gallery-item elementor-gallery-item elementor-animated-content\" href=\"https:\/\/www.alcantara-alicante.cl\/alcantara-penalolen\/wp-content\/uploads\/sites\/4\/2025\/10\/Alcantara_penalolen_preescolar-biblioteca4.jpeg\" data-elementor-open-lightbox=\"yes\" data-elementor-lightbox-slideshow=\"3bc363d\" data-elementor-lightbox-title=\"Alcantara_pen\u0303alolen_preescolar biblioteca4\" data-e-action-hash=\"#elementor-action%3Aaction%3Dlightbox%26settings%3DeyJpZCI6MjczNSwidXJsIjoiaHR0cHM6XC9cL3d3dy5hbGNhbnRhcmEtYWxpY2FudGUuY2xcL2FsY2FudGFyYS1wZW5hbG9sZW5cL3dwLWNvbnRlbnRcL3VwbG9hZHNcL3NpdGVzXC80XC8yMDI1XC8xMFwvQWxjYW50YXJhX3BlbmFsb2xlbl9wcmVlc2NvbGFyLWJpYmxpb3RlY2E0LmpwZWciLCJzbGlkZXNob3ciOiIzYmMzNjNkIn0%3D\">\n\t\t\t\t\t<div class=\"e-gallery-image elementor-gallery-item__image\" data-thumbnail=\"https:\/\/www.alcantara-alicante.cl\/alcantara-penalolen\/wp-content\/uploads\/sites\/4\/2025\/10\/Alcantara_penalolen_preescolar-biblioteca4-300x225.jpeg\" data-width=\"300\" data-height=\"225\" aria-label=\"\" role=\"img\" ><\/div>\n\t\t\t\t\t\t\t\t\t\t\t<div class=\"elementor-gallery-item__overlay\"><\/div>\n\t\t\t\t\t\t\t\t\t\t\t\t\t\t<\/a>\n\t\t\t\t\t\t\t<a class=\"e-gallery-item elementor-gallery-item elementor-animated-content\" href=\"https:\/\/www.alcantara-alicante.cl\/alcantara-penalolen\/wp-content\/uploads\/sites\/4\/2025\/10\/Alcantara_penalolen_preescolar-biblioteca6.jpeg\" data-elementor-open-lightbox=\"yes\" data-elementor-lightbox-slideshow=\"3bc363d\" data-elementor-lightbox-title=\"Alcantara_pen\u0303alolen_preescolar biblioteca6\" data-e-action-hash=\"#elementor-action%3Aaction%3Dlightbox%26settings%3DeyJpZCI6MjczNiwidXJsIjoiaHR0cHM6XC9cL3d3dy5hbGNhbnRhcmEtYWxpY2FudGUuY2xcL2FsY2FudGFyYS1wZW5hbG9sZW5cL3dwLWNvbnRlbnRcL3VwbG9hZHNcL3NpdGVzXC80XC8yMDI1XC8xMFwvQWxjYW50YXJhX3BlbmFsb2xlbl9wcmVlc2NvbGFyLWJpYmxpb3RlY2E2LmpwZWciLCJzbGlkZXNob3ciOiIzYmMzNjNkIn0%3D\">\n\t\t\t\t\t<div class=\"e-gallery-image elementor-gallery-item__image\" data-thumbnail=\"https:\/\/www.alcantara-alicante.cl\/alcantara-penalolen\/wp-content\/uploads\/sites\/4\/2025\/10\/Alcantara_penalolen_preescolar-biblioteca6-300x225.jpeg\" data-width=\"300\" data-height=\"225\" aria-label=\"\" role=\"img\" ><\/div>\n\t\t\t\t\t\t\t\t\t\t\t<div class=\"elementor-gallery-item__overlay\"><\/div>\n\t\t\t\t\t\t\t\t\t\t\t\t\t\t<\/a>\n\t\t\t\t\t\t\t<a class=\"e-gallery-item elementor-gallery-item elementor-animated-content\" href=\"https:\/\/www.alcantara-alicante.cl\/alcantara-penalolen\/wp-content\/uploads\/sites\/4\/2025\/10\/Alcantara_penalolen_preescolar-biblioteca7.jpeg\" data-elementor-open-lightbox=\"yes\" data-elementor-lightbox-slideshow=\"3bc363d\" data-elementor-lightbox-title=\"Alcantara_pen\u0303alolen_preescolar biblioteca7\" data-e-action-hash=\"#elementor-action%3Aaction%3Dlightbox%26settings%3DeyJpZCI6MjczNywidXJsIjoiaHR0cHM6XC9cL3d3dy5hbGNhbnRhcmEtYWxpY2FudGUuY2xcL2FsY2FudGFyYS1wZW5hbG9sZW5cL3dwLWNvbnRlbnRcL3VwbG9hZHNcL3NpdGVzXC80XC8yMDI1XC8xMFwvQWxjYW50YXJhX3BlbmFsb2xlbl9wcmVlc2NvbGFyLWJpYmxpb3RlY2E3LmpwZWciLCJzbGlkZXNob3ciOiIzYmMzNjNkIn0%3D\">\n\t\t\t\t\t<div class=\"e-gallery-image elementor-gallery-item__image\" data-thumbnail=\"https:\/\/www.alcantara-alicante.cl\/alcantara-penalolen\/wp-content\/uploads\/sites\/4\/2025\/10\/Alcantara_penalolen_preescolar-biblioteca7-300x225.jpeg\" data-width=\"300\" data-height=\"225\" aria-label=\"\" role=\"img\" ><\/div>\n\t\t\t\t\t\t\t\t\t\t\t<div class=\"elementor-gallery-item__overlay\"><\/div>\n\t\t\t\t\t\t\t\t\t\t\t\t\t\t<\/a>\n\t\t\t\t\t\t\t<a class=\"e-gallery-item elementor-gallery-item elementor-animated-content\" href=\"https:\/\/www.alcantara-alicante.cl\/alcantara-penalolen\/wp-content\/uploads\/sites\/4\/2025\/10\/Alcantara_penalolen_preescolar-biblioteca8.jpeg\" data-elementor-open-lightbox=\"yes\" data-elementor-lightbox-slideshow=\"3bc363d\" data-elementor-lightbox-title=\"Alcantara_pen\u0303alolen_preescolar biblioteca8\" data-e-action-hash=\"#elementor-action%3Aaction%3Dlightbox%26settings%3DeyJpZCI6MjczOCwidXJsIjoiaHR0cHM6XC9cL3d3dy5hbGNhbnRhcmEtYWxpY2FudGUuY2xcL2FsY2FudGFyYS1wZW5hbG9sZW5cL3dwLWNvbnRlbnRcL3VwbG9hZHNcL3NpdGVzXC80XC8yMDI1XC8xMFwvQWxjYW50YXJhX3BlbmFsb2xlbl9wcmVlc2NvbGFyLWJpYmxpb3RlY2E4LmpwZWciLCJzbGlkZXNob3ciOiIzYmMzNjNkIn0%3D\">\n\t\t\t\t\t<div class=\"e-gallery-image elementor-gallery-item__image\" data-thumbnail=\"https:\/\/www.alcantara-alicante.cl\/alcantara-penalolen\/wp-content\/uploads\/sites\/4\/2025\/10\/Alcantara_penalolen_preescolar-biblioteca8-300x225.jpeg\" data-width=\"300\" data-height=\"225\" aria-label=\"\" role=\"img\" ><\/div>\n\t\t\t\t\t\t\t\t\t\t\t<div class=\"elementor-gallery-item__overlay\"><\/div>\n\t\t\t\t\t\t\t\t\t\t\t\t\t\t<\/a>\n\t\t\t\t\t\t\t<a class=\"e-gallery-item elementor-gallery-item elementor-animated-content\" href=\"https:\/\/www.alcantara-alicante.cl\/alcantara-penalolen\/wp-content\/uploads\/sites\/4\/2025\/10\/Alcantara_penalolen_preescolar-biblioteca9.jpeg\" data-elementor-open-lightbox=\"yes\" data-elementor-lightbox-slideshow=\"3bc363d\" data-elementor-lightbox-title=\"Alcantara_pen\u0303alolen_preescolar biblioteca9\" data-e-action-hash=\"#elementor-action%3Aaction%3Dlightbox%26settings%3DeyJpZCI6MjczOSwidXJsIjoiaHR0cHM6XC9cL3d3dy5hbGNhbnRhcmEtYWxpY2FudGUuY2xcL2FsY2FudGFyYS1wZW5hbG9sZW5cL3dwLWNvbnRlbnRcL3VwbG9hZHNcL3NpdGVzXC80XC8yMDI1XC8xMFwvQWxjYW50YXJhX3BlbmFsb2xlbl9wcmVlc2NvbGFyLWJpYmxpb3RlY2E5LmpwZWciLCJzbGlkZXNob3ciOiIzYmMzNjNkIn0%3D\">\n\t\t\t\t\t<div class=\"e-gallery-image elementor-gallery-item__image\" data-thumbnail=\"https:\/\/www.alcantara-alicante.cl\/alcantara-penalolen\/wp-content\/uploads\/sites\/4\/2025\/10\/Alcantara_penalolen_preescolar-biblioteca9-300x225.jpeg\" data-width=\"300\" data-height=\"225\" aria-label=\"\" role=\"img\" ><\/div>\n\t\t\t\t\t\t\t\t\t\t\t<div class=\"elementor-gallery-item__overlay\"><\/div>\n\t\t\t\t\t\t\t\t\t\t\t\t\t\t<\/a>\n\t\t\t\t\t\t\t<a class=\"e-gallery-item elementor-gallery-item elementor-animated-content\" href=\"https:\/\/www.alcantara-alicante.cl\/alcantara-penalolen\/wp-content\/uploads\/sites\/4\/2025\/10\/Alcantara_penalolen_preescolar-biblioteca10.jpeg\" data-elementor-open-lightbox=\"yes\" data-elementor-lightbox-slideshow=\"3bc363d\" data-elementor-lightbox-title=\"Alcantara_pen\u0303alolen_preescolar biblioteca10\" data-e-action-hash=\"#elementor-action%3Aaction%3Dlightbox%26settings%3DeyJpZCI6Mjc0MCwidXJsIjoiaHR0cHM6XC9cL3d3dy5hbGNhbnRhcmEtYWxpY2FudGUuY2xcL2FsY2FudGFyYS1wZW5hbG9sZW5cL3dwLWNvbnRlbnRcL3VwbG9hZHNcL3NpdGVzXC80XC8yMDI1XC8xMFwvQWxjYW50YXJhX3BlbmFsb2xlbl9wcmVlc2NvbGFyLWJpYmxpb3RlY2ExMC5qcGVnIiwic2xpZGVzaG93IjoiM2JjMzYzZCJ9\">\n\t\t\t\t\t<div class=\"e-gallery-image elementor-gallery-item__image\" data-thumbnail=\"https:\/\/www.alcantara-alicante.cl\/alcantara-penalolen\/wp-content\/uploads\/sites\/4\/2025\/10\/Alcantara_penalolen_preescolar-biblioteca10-300x225.jpeg\" data-width=\"300\" data-height=\"225\" aria-label=\"\" role=\"img\" ><\/div>\n\t\t\t\t\t\t\t\t\t\t\t<div class=\"elementor-gallery-item__overlay\"><\/div>\n\t\t\t\t\t\t\t\t\t\t\t\t\t\t<\/a>\n\t\t\t\t\t\t\t<a class=\"e-gallery-item elementor-gallery-item elementor-animated-content\" href=\"https:\/\/www.alcantara-alicante.cl\/alcantara-penalolen\/wp-content\/uploads\/sites\/4\/2025\/10\/Alcantara_penalolen_preescolar-biblioteca11.jpeg\" data-elementor-open-lightbox=\"yes\" data-elementor-lightbox-slideshow=\"3bc363d\" data-elementor-lightbox-title=\"Alcantara_pen\u0303alolen_preescolar biblioteca11\" data-e-action-hash=\"#elementor-action%3Aaction%3Dlightbox%26settings%3DeyJpZCI6Mjc0MSwidXJsIjoiaHR0cHM6XC9cL3d3dy5hbGNhbnRhcmEtYWxpY2FudGUuY2xcL2FsY2FudGFyYS1wZW5hbG9sZW5cL3dwLWNvbnRlbnRcL3VwbG9hZHNcL3NpdGVzXC80XC8yMDI1XC8xMFwvQWxjYW50YXJhX3BlbmFsb2xlbl9wcmVlc2NvbGFyLWJpYmxpb3RlY2ExMS5qcGVnIiwic2xpZGVzaG93IjoiM2JjMzYzZCJ9\">\n\t\t\t\t\t<div class=\"e-gallery-image elementor-gallery-item__image\" data-thumbnail=\"https:\/\/www.alcantara-alicante.cl\/alcantara-penalolen\/wp-content\/uploads\/sites\/4\/2025\/10\/Alcantara_penalolen_preescolar-biblioteca11-300x225.jpeg\" data-width=\"300\" data-height=\"225\" aria-label=\"\" role=\"img\" ><\/div>\n\t\t\t\t\t\t\t\t\t\t\t<div class=\"elementor-gallery-item__overlay\"><\/div>\n\t\t\t\t\t\t\t\t\t\t\t\t\t\t<\/a>\n\t\t\t\t\t\t\t<a class=\"e-gallery-item elementor-gallery-item elementor-animated-content\" href=\"https:\/\/www.alcantara-alicante.cl\/alcantara-penalolen\/wp-content\/uploads\/sites\/4\/2025\/10\/Alcantara_penalolen_preescolar-biblioteca12.jpeg\" data-elementor-open-lightbox=\"yes\" data-elementor-lightbox-slideshow=\"3bc363d\" data-elementor-lightbox-title=\"Alcantara_pen\u0303alolen_preescolar biblioteca12\" data-e-action-hash=\"#elementor-action%3Aaction%3Dlightbox%26settings%3DeyJpZCI6Mjc0MiwidXJsIjoiaHR0cHM6XC9cL3d3dy5hbGNhbnRhcmEtYWxpY2FudGUuY2xcL2FsY2FudGFyYS1wZW5hbG9sZW5cL3dwLWNvbnRlbnRcL3VwbG9hZHNcL3NpdGVzXC80XC8yMDI1XC8xMFwvQWxjYW50YXJhX3BlbmFsb2xlbl9wcmVlc2NvbGFyLWJpYmxpb3RlY2ExMi5qcGVnIiwic2xpZGVzaG93IjoiM2JjMzYzZCJ9\">\n\t\t\t\t\t<div class=\"e-gallery-image elementor-gallery-item__image\" data-thumbnail=\"https:\/\/www.alcantara-alicante.cl\/alcantara-penalolen\/wp-content\/uploads\/sites\/4\/2025\/10\/Alcantara_penalolen_preescolar-biblioteca12-300x225.jpeg\" data-width=\"300\" data-height=\"225\" aria-label=\"\" role=\"img\" ><\/div>\n\t\t\t\t\t\t\t\t\t\t\t<div class=\"elementor-gallery-item__overlay\"><\/div>\n\t\t\t\t\t\t\t\t\t\t\t\t\t\t<\/a>\n\t\t\t\t\t\t\t<a class=\"e-gallery-item elementor-gallery-item elementor-animated-content\" href=\"https:\/\/www.alcantara-alicante.cl\/alcantara-penalolen\/wp-content\/uploads\/sites\/4\/2025\/10\/Alcantara_penalolen_preescolar-biblioteca13.jpeg\" data-elementor-open-lightbox=\"yes\" data-elementor-lightbox-slideshow=\"3bc363d\" data-elementor-lightbox-title=\"Alcantara_pen\u0303alolen_preescolar biblioteca13\" data-e-action-hash=\"#elementor-action%3Aaction%3Dlightbox%26settings%3DeyJpZCI6Mjc0MywidXJsIjoiaHR0cHM6XC9cL3d3dy5hbGNhbnRhcmEtYWxpY2FudGUuY2xcL2FsY2FudGFyYS1wZW5hbG9sZW5cL3dwLWNvbnRlbnRcL3VwbG9hZHNcL3NpdGVzXC80XC8yMDI1XC8xMFwvQWxjYW50YXJhX3BlbmFsb2xlbl9wcmVlc2NvbGFyLWJpYmxpb3RlY2ExMy5qcGVnIiwic2xpZGVzaG93IjoiM2JjMzYzZCJ9\">\n\t\t\t\t\t<div class=\"e-gallery-image elementor-gallery-item__image\" data-thumbnail=\"https:\/\/www.alcantara-alicante.cl\/alcantara-penalolen\/wp-content\/uploads\/sites\/4\/2025\/10\/Alcantara_penalolen_preescolar-biblioteca13-300x225.jpeg\" data-width=\"300\" data-height=\"225\" aria-label=\"\" role=\"img\" ><\/div>\n\t\t\t\t\t\t\t\t\t\t\t<div class=\"elementor-gallery-item__overlay\"><\/div>\n\t\t\t\t\t\t\t\t\t\t\t\t\t\t<\/a>\n\t\t\t\t\t\t\t<a class=\"e-gallery-item elementor-gallery-item elementor-animated-content\" href=\"https:\/\/www.alcantara-alicante.cl\/alcantara-penalolen\/wp-content\/uploads\/sites\/4\/2025\/10\/Alcantara_penalolen_preescolar-biblioteca16.jpeg\" data-elementor-open-lightbox=\"yes\" data-elementor-lightbox-slideshow=\"3bc363d\" data-elementor-lightbox-title=\"Alcantara_pen\u0303alolen_preescolar biblioteca16\" data-e-action-hash=\"#elementor-action%3Aaction%3Dlightbox%26settings%3DeyJpZCI6Mjc0NCwidXJsIjoiaHR0cHM6XC9cL3d3dy5hbGNhbnRhcmEtYWxpY2FudGUuY2xcL2FsY2FudGFyYS1wZW5hbG9sZW5cL3dwLWNvbnRlbnRcL3VwbG9hZHNcL3NpdGVzXC80XC8yMDI1XC8xMFwvQWxjYW50YXJhX3BlbmFsb2xlbl9wcmVlc2NvbGFyLWJpYmxpb3RlY2ExNi5qcGVnIiwic2xpZGVzaG93IjoiM2JjMzYzZCJ9\">\n\t\t\t\t\t<div class=\"e-gallery-image elementor-gallery-item__image\" data-thumbnail=\"https:\/\/www.alcantara-alicante.cl\/alcantara-penalolen\/wp-content\/uploads\/sites\/4\/2025\/10\/Alcantara_penalolen_preescolar-biblioteca16-300x225.jpeg\" data-width=\"300\" data-height=\"225\" aria-label=\"\" role=\"img\" ><\/div>\n\t\t\t\t\t\t\t\t\t\t\t<div class=\"elementor-gallery-item__overlay\"><\/div>\n\t\t\t\t\t\t\t\t\t\t\t\t\t\t<\/a>\n\t\t\t\t\t\t\t<a class=\"e-gallery-item elementor-gallery-item elementor-animated-content\" href=\"https:\/\/www.alcantara-alicante.cl\/alcantara-penalolen\/wp-content\/uploads\/sites\/4\/2025\/10\/Alcantara_penalolen_preescolar-bibliotecaAlcantara_penalolen_preescolar-biblioteca5.jpeg\" data-elementor-open-lightbox=\"yes\" data-elementor-lightbox-slideshow=\"3bc363d\" data-elementor-lightbox-title=\"Alcantara_pen\u0303alolen_preescolar bibliotecaAlcantara_pen\u0303alolen_preescolar biblioteca5\" data-e-action-hash=\"#elementor-action%3Aaction%3Dlightbox%26settings%3DeyJpZCI6Mjc0NSwidXJsIjoiaHR0cHM6XC9cL3d3dy5hbGNhbnRhcmEtYWxpY2FudGUuY2xcL2FsY2FudGFyYS1wZW5hbG9sZW5cL3dwLWNvbnRlbnRcL3VwbG9hZHNcL3NpdGVzXC80XC8yMDI1XC8xMFwvQWxjYW50YXJhX3BlbmFsb2xlbl9wcmVlc2NvbGFyLWJpYmxpb3RlY2FBbGNhbnRhcmFfcGVuYWxvbGVuX3ByZWVzY29sYXItYmlibGlvdGVjYTUuanBlZyIsInNsaWRlc2hvdyI6IjNiYzM2M2QifQ%3D%3D\">\n\t\t\t\t\t<div class=\"e-gallery-image elementor-gallery-item__image\" data-thumbnail=\"https:\/\/www.alcantara-alicante.cl\/alcantara-penalolen\/wp-content\/uploads\/sites\/4\/2025\/10\/Alcantara_penalolen_preescolar-bibliotecaAlcantara_penalolen_preescolar-biblioteca5-300x226.jpeg\" data-width=\"300\" data-height=\"226\" aria-label=\"\" role=\"img\" ><\/div>\n\t\t\t\t\t\t\t\t\t\t\t<div class=\"elementor-gallery-item__overlay\"><\/div>\n\t\t\t\t\t\t\t\t\t\t\t\t\t\t<\/a>\n\t\t\t\t\t<\/div>\n\t\t\t\t\t<\/div>\n\t\t\t\t<\/div>\n\t\t\t\t\t<\/div>\n\t\t\t\t<\/div>\n\t\t\t\t<\/div>\n\t\t","protected":false},"excerpt":{"rendered":"<p>Este viernes 24 de octubre,\u00a0 el nivel Preescolar realiz\u00f3 la actividad de cierre del ciclo de visitas a la biblioteca de nuestro colegio. Durante estas jornadas, los ni\u00f1os y ni\u00f1as pudieron explorar los espacios destinados a los libros f\u00edsicos, aprender c\u00f3mo disfrutar y cuidar los beneficios de la lectura, conocer las normas de convivencia dentro &#8230; <a title=\"Despedida de preescolar de visitas a la biblioteca\" class=\"read-more\" href=\"https:\/\/www.alcantara-alicante.cl\/alcantara-penalolen\/2025\/10\/27\/despedida-de-preescolar-de-visitas-a-la-biblioteca\/\" aria-label=\"Leer m\u00e1s sobre Despedida de preescolar de visitas a la biblioteca\">Leer m\u00e1s<\/a><\/p>\n","protected":false},"author":4,"featured_media":2730,"comment_status":"open","ping_status":"open","sticky":false,"template":"","format":"standard","meta":{"footnotes":""},"categories":[8,11],"tags":[],"class_list":["post-2729","post","type-post","status-publish","format-standard","has-post-thumbnail","hentry","category-destacadas","category-noticias-parvulario"],"aioseo_notices":[],"_links":{"self":[{"href":"https:\/\/www.alcantara-alicante.cl\/alcantara-penalolen\/wp-json\/wp\/v2\/posts\/2729","targetHints":{"allow":["GET"]}}],"collection":[{"href":"https:\/\/www.alcantara-alicante.cl\/alcantara-penalolen\/wp-json\/wp\/v2\/posts"}],"about":[{"href":"https:\/\/www.alcantara-alicante.cl\/alcantara-penalolen\/wp-json\/wp\/v2\/types\/post"}],"author":[{"embeddable":true,"href":"https:\/\/www.alcantara-alicante.cl\/alcantara-penalolen\/wp-json\/wp\/v2\/users\/4"}],"replies":[{"embeddable":true,"href":"https:\/\/www.alcantara-alicante.cl\/alcantara-penalolen\/wp-json\/wp\/v2\/comments?post=2729"}],"version-history":[{"count":4,"href":"https:\/\/www.alcantara-alicante.cl\/alcantara-penalolen\/wp-json\/wp\/v2\/posts\/2729\/revisions"}],"predecessor-version":[{"id":2748,"href":"https:\/\/www.alcantara-alicante.cl\/alcantara-penalolen\/wp-json\/wp\/v2\/posts\/2729\/revisions\/2748"}],"wp:featuredmedia":[{"embeddable":true,"href":"https:\/\/www.alcantara-alicante.cl\/alcantara-penalolen\/wp-json\/wp\/v2\/media\/2730"}],"wp:attachment":[{"href":"https:\/\/www.alcantara-alicante.cl\/alcantara-penalolen\/wp-json\/wp\/v2\/media?parent=2729"}],"wp:term":[{"taxonomy":"category","embeddable":true,"href":"https:\/\/www.alcantara-alicante.cl\/alcantara-penalolen\/wp-json\/wp\/v2\/categories?post=2729"},{"taxonomy":"post_tag","embeddable":true,"href":"https:\/\/www.alcantara-alicante.cl\/alcantara-penalolen\/wp-json\/wp\/v2\/tags?post=2729"}],"curies":[{"name":"wp","href":"https:\/\/api.w.org\/{rel}","templated":true}]}}