{"id":2650,"date":"2025-10-13T09:30:57","date_gmt":"2025-10-13T12:30:57","guid":{"rendered":"https:\/\/www.alcantara-alicante.cl\/alcantara-penalolen\/?p=2650"},"modified":"2025-10-13T09:47:27","modified_gmt":"2025-10-13T12:47:27","slug":"carnaval-de-primavera-2","status":"publish","type":"post","link":"https:\/\/www.alcantara-alicante.cl\/alcantara-penalolen\/2025\/10\/13\/carnaval-de-primavera-2\/","title":{"rendered":"Carnaval de primavera"},"content":{"rendered":"\t\t<div data-elementor-type=\"wp-post\" data-elementor-id=\"2650\" class=\"elementor elementor-2650\" data-elementor-post-type=\"post\">\n\t\t\t\t<div class=\"elementor-element elementor-element-9be522d e-flex e-con-boxed e-con e-parent\" data-id=\"9be522d\" data-element_type=\"container\" data-e-type=\"container\">\n\t\t\t\t\t<div class=\"e-con-inner\">\n\t\t\t\t<div class=\"elementor-element elementor-element-982a53f elementor-widget elementor-widget-text-editor\" data-id=\"982a53f\" data-element_type=\"widget\" data-e-type=\"widget\" data-widget_type=\"text-editor.default\">\n\t\t\t\t<div class=\"elementor-widget-container\">\n\t\t\t\t\t\t\t\t\t<p>Cada a\u00f1o recibimos a la primavera con mucha alegr\u00eda y entusiasmo. Decoramos nuestro sector, cosechamos nuestro huerto, nos disfrazamos y celebramos la primavera junto a todos los ni\u00f1os y ni\u00f1as del ciclo.<\/p><p>La primavera es una hermosa estaci\u00f3n del a\u00f1o, la temperatura mejora, las plantas florecen, hay muchos insectos y pajaritos. Los ni\u00f1os y ni\u00f1as pueden trabajar afuera de la sala, lo cual disfrutan mucho.<\/p><p>El d\u00eda del carnaval se realiza un desfile de los disfraces, actividades entretenidas y se comen frutas \u00a0verduras y degustan jugos de fruta natural. Ese d\u00eda la alegr\u00eda inunda nuestro sector.<\/p>\t\t\t\t\t\t\t\t<\/div>\n\t\t\t\t<\/div>\n\t\t\t\t\t<\/div>\n\t\t\t\t<\/div>\n\t\t<div class=\"elementor-element elementor-element-457a964 e-flex e-con-boxed e-con e-parent\" data-id=\"457a964\" data-element_type=\"container\" data-e-type=\"container\">\n\t\t\t\t\t<div class=\"e-con-inner\">\n\t\t\t\t<div class=\"elementor-element elementor-element-5532f5c elementor-widget elementor-widget-gallery\" data-id=\"5532f5c\" data-element_type=\"widget\" data-e-type=\"widget\" data-settings=\"{&quot;columns&quot;:5,&quot;lazyload&quot;:&quot;yes&quot;,&quot;gallery_layout&quot;:&quot;grid&quot;,&quot;columns_tablet&quot;:2,&quot;columns_mobile&quot;:1,&quot;gap&quot;:{&quot;unit&quot;:&quot;px&quot;,&quot;size&quot;:10,&quot;sizes&quot;:[]},&quot;gap_tablet&quot;:{&quot;unit&quot;:&quot;px&quot;,&quot;size&quot;:10,&quot;sizes&quot;:[]},&quot;gap_mobile&quot;:{&quot;unit&quot;:&quot;px&quot;,&quot;size&quot;:10,&quot;sizes&quot;:[]},&quot;link_to&quot;:&quot;file&quot;,&quot;aspect_ratio&quot;:&quot;3:2&quot;,&quot;overlay_background&quot;:&quot;yes&quot;,&quot;content_hover_animation&quot;:&quot;fade-in&quot;}\" data-widget_type=\"gallery.default\">\n\t\t\t\t<div class=\"elementor-widget-container\">\n\t\t\t\t\t\t\t<div class=\"elementor-gallery__container\">\n\t\t\t\t\t\t\t<a class=\"e-gallery-item elementor-gallery-item elementor-animated-content\" href=\"https:\/\/www.alcantara-alicante.cl\/alcantara-penalolen\/wp-content\/uploads\/sites\/4\/2025\/10\/preescolar-alcantara-de-penalolen1.jpeg\" data-elementor-open-lightbox=\"yes\" data-elementor-lightbox-slideshow=\"5532f5c\" data-elementor-lightbox-title=\"preescolar alcantara de pen\u0303alolen1\" data-e-action-hash=\"#elementor-action%3Aaction%3Dlightbox%26settings%3DeyJpZCI6MjY1MywidXJsIjoiaHR0cHM6XC9cL3d3dy5hbGNhbnRhcmEtYWxpY2FudGUuY2xcL2FsY2FudGFyYS1wZW5hbG9sZW5cL3dwLWNvbnRlbnRcL3VwbG9hZHNcL3NpdGVzXC80XC8yMDI1XC8xMFwvcHJlZXNjb2xhci1hbGNhbnRhcmEtZGUtcGVuYWxvbGVuMS5qcGVnIiwic2xpZGVzaG93IjoiNTUzMmY1YyJ9\">\n\t\t\t\t\t<div class=\"e-gallery-image elementor-gallery-item__image\" data-thumbnail=\"https:\/\/www.alcantara-alicante.cl\/alcantara-penalolen\/wp-content\/uploads\/sites\/4\/2025\/10\/preescolar-alcantara-de-penalolen1-300x225.jpeg\" data-width=\"300\" data-height=\"225\" aria-label=\"\" role=\"img\" ><\/div>\n\t\t\t\t\t\t\t\t\t\t\t<div class=\"elementor-gallery-item__overlay\"><\/div>\n\t\t\t\t\t\t\t\t\t\t\t\t\t\t<\/a>\n\t\t\t\t\t\t\t<a class=\"e-gallery-item elementor-gallery-item elementor-animated-content\" href=\"https:\/\/www.alcantara-alicante.cl\/alcantara-penalolen\/wp-content\/uploads\/sites\/4\/2025\/10\/preescolar-alcantara-de-penalolen2.jpeg\" data-elementor-open-lightbox=\"yes\" data-elementor-lightbox-slideshow=\"5532f5c\" data-elementor-lightbox-title=\"preescolar alcantara de pen\u0303alolen2\" data-e-action-hash=\"#elementor-action%3Aaction%3Dlightbox%26settings%3DeyJpZCI6MjY1NCwidXJsIjoiaHR0cHM6XC9cL3d3dy5hbGNhbnRhcmEtYWxpY2FudGUuY2xcL2FsY2FudGFyYS1wZW5hbG9sZW5cL3dwLWNvbnRlbnRcL3VwbG9hZHNcL3NpdGVzXC80XC8yMDI1XC8xMFwvcHJlZXNjb2xhci1hbGNhbnRhcmEtZGUtcGVuYWxvbGVuMi5qcGVnIiwic2xpZGVzaG93IjoiNTUzMmY1YyJ9\">\n\t\t\t\t\t<div class=\"e-gallery-image elementor-gallery-item__image\" data-thumbnail=\"https:\/\/www.alcantara-alicante.cl\/alcantara-penalolen\/wp-content\/uploads\/sites\/4\/2025\/10\/preescolar-alcantara-de-penalolen2-300x225.jpeg\" data-width=\"300\" data-height=\"225\" aria-label=\"\" role=\"img\" ><\/div>\n\t\t\t\t\t\t\t\t\t\t\t<div class=\"elementor-gallery-item__overlay\"><\/div>\n\t\t\t\t\t\t\t\t\t\t\t\t\t\t<\/a>\n\t\t\t\t\t\t\t<a class=\"e-gallery-item elementor-gallery-item elementor-animated-content\" href=\"https:\/\/www.alcantara-alicante.cl\/alcantara-penalolen\/wp-content\/uploads\/sites\/4\/2025\/10\/preescolar-alcantara-de-penalolen3.jpeg\" data-elementor-open-lightbox=\"yes\" data-elementor-lightbox-slideshow=\"5532f5c\" data-elementor-lightbox-title=\"preescolar alcantara de pen\u0303alolen3\" data-e-action-hash=\"#elementor-action%3Aaction%3Dlightbox%26settings%3DeyJpZCI6MjY1NSwidXJsIjoiaHR0cHM6XC9cL3d3dy5hbGNhbnRhcmEtYWxpY2FudGUuY2xcL2FsY2FudGFyYS1wZW5hbG9sZW5cL3dwLWNvbnRlbnRcL3VwbG9hZHNcL3NpdGVzXC80XC8yMDI1XC8xMFwvcHJlZXNjb2xhci1hbGNhbnRhcmEtZGUtcGVuYWxvbGVuMy5qcGVnIiwic2xpZGVzaG93IjoiNTUzMmY1YyJ9\">\n\t\t\t\t\t<div class=\"e-gallery-image elementor-gallery-item__image\" data-thumbnail=\"https:\/\/www.alcantara-alicante.cl\/alcantara-penalolen\/wp-content\/uploads\/sites\/4\/2025\/10\/preescolar-alcantara-de-penalolen3-225x300.jpeg\" data-width=\"225\" data-height=\"300\" aria-label=\"\" role=\"img\" ><\/div>\n\t\t\t\t\t\t\t\t\t\t\t<div class=\"elementor-gallery-item__overlay\"><\/div>\n\t\t\t\t\t\t\t\t\t\t\t\t\t\t<\/a>\n\t\t\t\t\t\t\t<a class=\"e-gallery-item elementor-gallery-item elementor-animated-content\" href=\"https:\/\/www.alcantara-alicante.cl\/alcantara-penalolen\/wp-content\/uploads\/sites\/4\/2025\/10\/preescolar-alcantara-de-penalolen4.jpeg\" data-elementor-open-lightbox=\"yes\" data-elementor-lightbox-slideshow=\"5532f5c\" data-elementor-lightbox-title=\"preescolar alcantara de pen\u0303alolen4\" data-e-action-hash=\"#elementor-action%3Aaction%3Dlightbox%26settings%3DeyJpZCI6MjY1NiwidXJsIjoiaHR0cHM6XC9cL3d3dy5hbGNhbnRhcmEtYWxpY2FudGUuY2xcL2FsY2FudGFyYS1wZW5hbG9sZW5cL3dwLWNvbnRlbnRcL3VwbG9hZHNcL3NpdGVzXC80XC8yMDI1XC8xMFwvcHJlZXNjb2xhci1hbGNhbnRhcmEtZGUtcGVuYWxvbGVuNC5qcGVnIiwic2xpZGVzaG93IjoiNTUzMmY1YyJ9\">\n\t\t\t\t\t<div class=\"e-gallery-image elementor-gallery-item__image\" data-thumbnail=\"https:\/\/www.alcantara-alicante.cl\/alcantara-penalolen\/wp-content\/uploads\/sites\/4\/2025\/10\/preescolar-alcantara-de-penalolen4-300x225.jpeg\" data-width=\"300\" data-height=\"225\" aria-label=\"\" role=\"img\" ><\/div>\n\t\t\t\t\t\t\t\t\t\t\t<div class=\"elementor-gallery-item__overlay\"><\/div>\n\t\t\t\t\t\t\t\t\t\t\t\t\t\t<\/a>\n\t\t\t\t\t\t\t<a class=\"e-gallery-item elementor-gallery-item elementor-animated-content\" href=\"https:\/\/www.alcantara-alicante.cl\/alcantara-penalolen\/wp-content\/uploads\/sites\/4\/2025\/10\/preescolar-alcantara-de-penalolen5.jpeg\" data-elementor-open-lightbox=\"yes\" data-elementor-lightbox-slideshow=\"5532f5c\" data-elementor-lightbox-title=\"preescolar alcantara de pen\u0303alolen5\" data-e-action-hash=\"#elementor-action%3Aaction%3Dlightbox%26settings%3DeyJpZCI6MjY1NywidXJsIjoiaHR0cHM6XC9cL3d3dy5hbGNhbnRhcmEtYWxpY2FudGUuY2xcL2FsY2FudGFyYS1wZW5hbG9sZW5cL3dwLWNvbnRlbnRcL3VwbG9hZHNcL3NpdGVzXC80XC8yMDI1XC8xMFwvcHJlZXNjb2xhci1hbGNhbnRhcmEtZGUtcGVuYWxvbGVuNS5qcGVnIiwic2xpZGVzaG93IjoiNTUzMmY1YyJ9\">\n\t\t\t\t\t<div class=\"e-gallery-image elementor-gallery-item__image\" data-thumbnail=\"https:\/\/www.alcantara-alicante.cl\/alcantara-penalolen\/wp-content\/uploads\/sites\/4\/2025\/10\/preescolar-alcantara-de-penalolen5-300x225.jpeg\" data-width=\"300\" data-height=\"225\" aria-label=\"\" role=\"img\" ><\/div>\n\t\t\t\t\t\t\t\t\t\t\t<div class=\"elementor-gallery-item__overlay\"><\/div>\n\t\t\t\t\t\t\t\t\t\t\t\t\t\t<\/a>\n\t\t\t\t\t\t\t<a class=\"e-gallery-item elementor-gallery-item elementor-animated-content\" href=\"https:\/\/www.alcantara-alicante.cl\/alcantara-penalolen\/wp-content\/uploads\/sites\/4\/2025\/10\/preescolar-alcantara-de-penalolen6.jpeg\" data-elementor-open-lightbox=\"yes\" data-elementor-lightbox-slideshow=\"5532f5c\" data-elementor-lightbox-title=\"preescolar alcantara de pen\u0303alolen6\" data-e-action-hash=\"#elementor-action%3Aaction%3Dlightbox%26settings%3DeyJpZCI6MjY1OCwidXJsIjoiaHR0cHM6XC9cL3d3dy5hbGNhbnRhcmEtYWxpY2FudGUuY2xcL2FsY2FudGFyYS1wZW5hbG9sZW5cL3dwLWNvbnRlbnRcL3VwbG9hZHNcL3NpdGVzXC80XC8yMDI1XC8xMFwvcHJlZXNjb2xhci1hbGNhbnRhcmEtZGUtcGVuYWxvbGVuNi5qcGVnIiwic2xpZGVzaG93IjoiNTUzMmY1YyJ9\">\n\t\t\t\t\t<div class=\"e-gallery-image elementor-gallery-item__image\" data-thumbnail=\"https:\/\/www.alcantara-alicante.cl\/alcantara-penalolen\/wp-content\/uploads\/sites\/4\/2025\/10\/preescolar-alcantara-de-penalolen6-300x225.jpeg\" data-width=\"300\" data-height=\"225\" aria-label=\"\" role=\"img\" ><\/div>\n\t\t\t\t\t\t\t\t\t\t\t<div class=\"elementor-gallery-item__overlay\"><\/div>\n\t\t\t\t\t\t\t\t\t\t\t\t\t\t<\/a>\n\t\t\t\t\t\t\t<a class=\"e-gallery-item elementor-gallery-item elementor-animated-content\" href=\"https:\/\/www.alcantara-alicante.cl\/alcantara-penalolen\/wp-content\/uploads\/sites\/4\/2025\/10\/preescolar-alcantara-de-penalolen7.jpeg\" data-elementor-open-lightbox=\"yes\" data-elementor-lightbox-slideshow=\"5532f5c\" data-elementor-lightbox-title=\"preescolar alcantara de pen\u0303alolen7\" data-e-action-hash=\"#elementor-action%3Aaction%3Dlightbox%26settings%3DeyJpZCI6MjY1OSwidXJsIjoiaHR0cHM6XC9cL3d3dy5hbGNhbnRhcmEtYWxpY2FudGUuY2xcL2FsY2FudGFyYS1wZW5hbG9sZW5cL3dwLWNvbnRlbnRcL3VwbG9hZHNcL3NpdGVzXC80XC8yMDI1XC8xMFwvcHJlZXNjb2xhci1hbGNhbnRhcmEtZGUtcGVuYWxvbGVuNy5qcGVnIiwic2xpZGVzaG93IjoiNTUzMmY1YyJ9\">\n\t\t\t\t\t<div class=\"e-gallery-image elementor-gallery-item__image\" data-thumbnail=\"https:\/\/www.alcantara-alicante.cl\/alcantara-penalolen\/wp-content\/uploads\/sites\/4\/2025\/10\/preescolar-alcantara-de-penalolen7-300x225.jpeg\" data-width=\"300\" data-height=\"225\" aria-label=\"\" role=\"img\" ><\/div>\n\t\t\t\t\t\t\t\t\t\t\t<div class=\"elementor-gallery-item__overlay\"><\/div>\n\t\t\t\t\t\t\t\t\t\t\t\t\t\t<\/a>\n\t\t\t\t\t\t\t<a class=\"e-gallery-item elementor-gallery-item elementor-animated-content\" href=\"https:\/\/www.alcantara-alicante.cl\/alcantara-penalolen\/wp-content\/uploads\/sites\/4\/2025\/10\/preescolar-alcantara-de-penalolen8.jpeg\" data-elementor-open-lightbox=\"yes\" data-elementor-lightbox-slideshow=\"5532f5c\" data-elementor-lightbox-title=\"preescolar alcantara de pen\u0303alolen8\" data-e-action-hash=\"#elementor-action%3Aaction%3Dlightbox%26settings%3DeyJpZCI6MjY2MCwidXJsIjoiaHR0cHM6XC9cL3d3dy5hbGNhbnRhcmEtYWxpY2FudGUuY2xcL2FsY2FudGFyYS1wZW5hbG9sZW5cL3dwLWNvbnRlbnRcL3VwbG9hZHNcL3NpdGVzXC80XC8yMDI1XC8xMFwvcHJlZXNjb2xhci1hbGNhbnRhcmEtZGUtcGVuYWxvbGVuOC5qcGVnIiwic2xpZGVzaG93IjoiNTUzMmY1YyJ9\">\n\t\t\t\t\t<div class=\"e-gallery-image elementor-gallery-item__image\" data-thumbnail=\"https:\/\/www.alcantara-alicante.cl\/alcantara-penalolen\/wp-content\/uploads\/sites\/4\/2025\/10\/preescolar-alcantara-de-penalolen8-300x225.jpeg\" data-width=\"300\" data-height=\"225\" aria-label=\"\" role=\"img\" ><\/div>\n\t\t\t\t\t\t\t\t\t\t\t<div class=\"elementor-gallery-item__overlay\"><\/div>\n\t\t\t\t\t\t\t\t\t\t\t\t\t\t<\/a>\n\t\t\t\t\t\t\t<a class=\"e-gallery-item elementor-gallery-item elementor-animated-content\" href=\"https:\/\/www.alcantara-alicante.cl\/alcantara-penalolen\/wp-content\/uploads\/sites\/4\/2025\/10\/preescolar-alcantara-de-penalolen9.jpeg\" data-elementor-open-lightbox=\"yes\" data-elementor-lightbox-slideshow=\"5532f5c\" data-elementor-lightbox-title=\"preescolar alcantara de pen\u0303alolen9\" data-e-action-hash=\"#elementor-action%3Aaction%3Dlightbox%26settings%3DeyJpZCI6MjY2MSwidXJsIjoiaHR0cHM6XC9cL3d3dy5hbGNhbnRhcmEtYWxpY2FudGUuY2xcL2FsY2FudGFyYS1wZW5hbG9sZW5cL3dwLWNvbnRlbnRcL3VwbG9hZHNcL3NpdGVzXC80XC8yMDI1XC8xMFwvcHJlZXNjb2xhci1hbGNhbnRhcmEtZGUtcGVuYWxvbGVuOS5qcGVnIiwic2xpZGVzaG93IjoiNTUzMmY1YyJ9\">\n\t\t\t\t\t<div class=\"e-gallery-image elementor-gallery-item__image\" data-thumbnail=\"https:\/\/www.alcantara-alicante.cl\/alcantara-penalolen\/wp-content\/uploads\/sites\/4\/2025\/10\/preescolar-alcantara-de-penalolen9-300x225.jpeg\" data-width=\"300\" data-height=\"225\" aria-label=\"\" role=\"img\" ><\/div>\n\t\t\t\t\t\t\t\t\t\t\t<div class=\"elementor-gallery-item__overlay\"><\/div>\n\t\t\t\t\t\t\t\t\t\t\t\t\t\t<\/a>\n\t\t\t\t\t\t\t<a class=\"e-gallery-item elementor-gallery-item elementor-animated-content\" href=\"https:\/\/www.alcantara-alicante.cl\/alcantara-penalolen\/wp-content\/uploads\/sites\/4\/2025\/10\/preescolar-alcantara-de-penalolen10.jpeg\" data-elementor-open-lightbox=\"yes\" data-elementor-lightbox-slideshow=\"5532f5c\" data-elementor-lightbox-title=\"preescolar alcantara de pen\u0303alolen10\" data-e-action-hash=\"#elementor-action%3Aaction%3Dlightbox%26settings%3DeyJpZCI6MjY2MiwidXJsIjoiaHR0cHM6XC9cL3d3dy5hbGNhbnRhcmEtYWxpY2FudGUuY2xcL2FsY2FudGFyYS1wZW5hbG9sZW5cL3dwLWNvbnRlbnRcL3VwbG9hZHNcL3NpdGVzXC80XC8yMDI1XC8xMFwvcHJlZXNjb2xhci1hbGNhbnRhcmEtZGUtcGVuYWxvbGVuMTAuanBlZyIsInNsaWRlc2hvdyI6IjU1MzJmNWMifQ%3D%3D\">\n\t\t\t\t\t<div class=\"e-gallery-image elementor-gallery-item__image\" data-thumbnail=\"https:\/\/www.alcantara-alicante.cl\/alcantara-penalolen\/wp-content\/uploads\/sites\/4\/2025\/10\/preescolar-alcantara-de-penalolen10-300x225.jpeg\" data-width=\"300\" data-height=\"225\" aria-label=\"\" role=\"img\" ><\/div>\n\t\t\t\t\t\t\t\t\t\t\t<div class=\"elementor-gallery-item__overlay\"><\/div>\n\t\t\t\t\t\t\t\t\t\t\t\t\t\t<\/a>\n\t\t\t\t\t\t\t<a class=\"e-gallery-item elementor-gallery-item elementor-animated-content\" href=\"https:\/\/www.alcantara-alicante.cl\/alcantara-penalolen\/wp-content\/uploads\/sites\/4\/2025\/10\/preescolar-alcantara-de-penalolen11.jpeg\" data-elementor-open-lightbox=\"yes\" data-elementor-lightbox-slideshow=\"5532f5c\" data-elementor-lightbox-title=\"preescolar alcantara de pen\u0303alolen11\" data-e-action-hash=\"#elementor-action%3Aaction%3Dlightbox%26settings%3DeyJpZCI6MjY2MywidXJsIjoiaHR0cHM6XC9cL3d3dy5hbGNhbnRhcmEtYWxpY2FudGUuY2xcL2FsY2FudGFyYS1wZW5hbG9sZW5cL3dwLWNvbnRlbnRcL3VwbG9hZHNcL3NpdGVzXC80XC8yMDI1XC8xMFwvcHJlZXNjb2xhci1hbGNhbnRhcmEtZGUtcGVuYWxvbGVuMTEuanBlZyIsInNsaWRlc2hvdyI6IjU1MzJmNWMifQ%3D%3D\">\n\t\t\t\t\t<div class=\"e-gallery-image elementor-gallery-item__image\" data-thumbnail=\"https:\/\/www.alcantara-alicante.cl\/alcantara-penalolen\/wp-content\/uploads\/sites\/4\/2025\/10\/preescolar-alcantara-de-penalolen11-300x225.jpeg\" data-width=\"300\" data-height=\"225\" aria-label=\"\" role=\"img\" ><\/div>\n\t\t\t\t\t\t\t\t\t\t\t<div class=\"elementor-gallery-item__overlay\"><\/div>\n\t\t\t\t\t\t\t\t\t\t\t\t\t\t<\/a>\n\t\t\t\t\t\t\t<a class=\"e-gallery-item elementor-gallery-item elementor-animated-content\" href=\"https:\/\/www.alcantara-alicante.cl\/alcantara-penalolen\/wp-content\/uploads\/sites\/4\/2025\/10\/preescolar-alcantara-de-penalolen12.jpeg\" data-elementor-open-lightbox=\"yes\" data-elementor-lightbox-slideshow=\"5532f5c\" data-elementor-lightbox-title=\"preescolar alcantara de pen\u0303alolen12\" data-e-action-hash=\"#elementor-action%3Aaction%3Dlightbox%26settings%3DeyJpZCI6MjY2NCwidXJsIjoiaHR0cHM6XC9cL3d3dy5hbGNhbnRhcmEtYWxpY2FudGUuY2xcL2FsY2FudGFyYS1wZW5hbG9sZW5cL3dwLWNvbnRlbnRcL3VwbG9hZHNcL3NpdGVzXC80XC8yMDI1XC8xMFwvcHJlZXNjb2xhci1hbGNhbnRhcmEtZGUtcGVuYWxvbGVuMTIuanBlZyIsInNsaWRlc2hvdyI6IjU1MzJmNWMifQ%3D%3D\">\n\t\t\t\t\t<div class=\"e-gallery-image elementor-gallery-item__image\" data-thumbnail=\"https:\/\/www.alcantara-alicante.cl\/alcantara-penalolen\/wp-content\/uploads\/sites\/4\/2025\/10\/preescolar-alcantara-de-penalolen12-300x225.jpeg\" data-width=\"300\" data-height=\"225\" aria-label=\"\" role=\"img\" ><\/div>\n\t\t\t\t\t\t\t\t\t\t\t<div class=\"elementor-gallery-item__overlay\"><\/div>\n\t\t\t\t\t\t\t\t\t\t\t\t\t\t<\/a>\n\t\t\t\t\t\t\t<a class=\"e-gallery-item elementor-gallery-item elementor-animated-content\" href=\"https:\/\/www.alcantara-alicante.cl\/alcantara-penalolen\/wp-content\/uploads\/sites\/4\/2025\/10\/preescolar-alcantara-de-penalolen13.jpeg\" data-elementor-open-lightbox=\"yes\" data-elementor-lightbox-slideshow=\"5532f5c\" data-elementor-lightbox-title=\"preescolar alcantara de pen\u0303alolen13\" data-e-action-hash=\"#elementor-action%3Aaction%3Dlightbox%26settings%3DeyJpZCI6MjY2NSwidXJsIjoiaHR0cHM6XC9cL3d3dy5hbGNhbnRhcmEtYWxpY2FudGUuY2xcL2FsY2FudGFyYS1wZW5hbG9sZW5cL3dwLWNvbnRlbnRcL3VwbG9hZHNcL3NpdGVzXC80XC8yMDI1XC8xMFwvcHJlZXNjb2xhci1hbGNhbnRhcmEtZGUtcGVuYWxvbGVuMTMuanBlZyIsInNsaWRlc2hvdyI6IjU1MzJmNWMifQ%3D%3D\">\n\t\t\t\t\t<div class=\"e-gallery-image elementor-gallery-item__image\" data-thumbnail=\"https:\/\/www.alcantara-alicante.cl\/alcantara-penalolen\/wp-content\/uploads\/sites\/4\/2025\/10\/preescolar-alcantara-de-penalolen13-300x225.jpeg\" data-width=\"300\" data-height=\"225\" aria-label=\"\" role=\"img\" ><\/div>\n\t\t\t\t\t\t\t\t\t\t\t<div class=\"elementor-gallery-item__overlay\"><\/div>\n\t\t\t\t\t\t\t\t\t\t\t\t\t\t<\/a>\n\t\t\t\t\t\t\t<a class=\"e-gallery-item elementor-gallery-item elementor-animated-content\" href=\"https:\/\/www.alcantara-alicante.cl\/alcantara-penalolen\/wp-content\/uploads\/sites\/4\/2025\/10\/preescolar-alcantara-de-penalolen14.jpeg\" data-elementor-open-lightbox=\"yes\" data-elementor-lightbox-slideshow=\"5532f5c\" data-elementor-lightbox-title=\"preescolar alcantara de pen\u0303alolen14\" data-e-action-hash=\"#elementor-action%3Aaction%3Dlightbox%26settings%3DeyJpZCI6MjY2NiwidXJsIjoiaHR0cHM6XC9cL3d3dy5hbGNhbnRhcmEtYWxpY2FudGUuY2xcL2FsY2FudGFyYS1wZW5hbG9sZW5cL3dwLWNvbnRlbnRcL3VwbG9hZHNcL3NpdGVzXC80XC8yMDI1XC8xMFwvcHJlZXNjb2xhci1hbGNhbnRhcmEtZGUtcGVuYWxvbGVuMTQuanBlZyIsInNsaWRlc2hvdyI6IjU1MzJmNWMifQ%3D%3D\">\n\t\t\t\t\t<div class=\"e-gallery-image elementor-gallery-item__image\" data-thumbnail=\"https:\/\/www.alcantara-alicante.cl\/alcantara-penalolen\/wp-content\/uploads\/sites\/4\/2025\/10\/preescolar-alcantara-de-penalolen14-300x225.jpeg\" data-width=\"300\" data-height=\"225\" aria-label=\"\" role=\"img\" ><\/div>\n\t\t\t\t\t\t\t\t\t\t\t<div class=\"elementor-gallery-item__overlay\"><\/div>\n\t\t\t\t\t\t\t\t\t\t\t\t\t\t<\/a>\n\t\t\t\t\t<\/div>\n\t\t\t\t\t<\/div>\n\t\t\t\t<\/div>\n\t\t\t\t\t<\/div>\n\t\t\t\t<\/div>\n\t\t\t\t<\/div>\n\t\t","protected":false},"excerpt":{"rendered":"<p>Cada a\u00f1o recibimos a la primavera con mucha alegr\u00eda y entusiasmo. Decoramos nuestro sector, cosechamos nuestro huerto, nos disfrazamos y celebramos la primavera junto a todos los ni\u00f1os y ni\u00f1as del ciclo. La primavera es una hermosa estaci\u00f3n del a\u00f1o, la temperatura mejora, las plantas florecen, hay muchos insectos y pajaritos. Los ni\u00f1os y ni\u00f1as &#8230; <a title=\"Carnaval de primavera\" class=\"read-more\" href=\"https:\/\/www.alcantara-alicante.cl\/alcantara-penalolen\/2025\/10\/13\/carnaval-de-primavera-2\/\" aria-label=\"Leer m\u00e1s sobre Carnaval de primavera\">Leer m\u00e1s<\/a><\/p>\n","protected":false},"author":4,"featured_media":2651,"comment_status":"open","ping_status":"open","sticky":false,"template":"","format":"standard","meta":{"footnotes":""},"categories":[8,11],"tags":[],"class_list":["post-2650","post","type-post","status-publish","format-standard","has-post-thumbnail","hentry","category-destacadas","category-noticias-parvulario"],"aioseo_notices":[],"_links":{"self":[{"href":"https:\/\/www.alcantara-alicante.cl\/alcantara-penalolen\/wp-json\/wp\/v2\/posts\/2650","targetHints":{"allow":["GET"]}}],"collection":[{"href":"https:\/\/www.alcantara-alicante.cl\/alcantara-penalolen\/wp-json\/wp\/v2\/posts"}],"about":[{"href":"https:\/\/www.alcantara-alicante.cl\/alcantara-penalolen\/wp-json\/wp\/v2\/types\/post"}],"author":[{"embeddable":true,"href":"https:\/\/www.alcantara-alicante.cl\/alcantara-penalolen\/wp-json\/wp\/v2\/users\/4"}],"replies":[{"embeddable":true,"href":"https:\/\/www.alcantara-alicante.cl\/alcantara-penalolen\/wp-json\/wp\/v2\/comments?post=2650"}],"version-history":[{"count":7,"href":"https:\/\/www.alcantara-alicante.cl\/alcantara-penalolen\/wp-json\/wp\/v2\/posts\/2650\/revisions"}],"predecessor-version":[{"id":2672,"href":"https:\/\/www.alcantara-alicante.cl\/alcantara-penalolen\/wp-json\/wp\/v2\/posts\/2650\/revisions\/2672"}],"wp:featuredmedia":[{"embeddable":true,"href":"https:\/\/www.alcantara-alicante.cl\/alcantara-penalolen\/wp-json\/wp\/v2\/media\/2651"}],"wp:attachment":[{"href":"https:\/\/www.alcantara-alicante.cl\/alcantara-penalolen\/wp-json\/wp\/v2\/media?parent=2650"}],"wp:term":[{"taxonomy":"category","embeddable":true,"href":"https:\/\/www.alcantara-alicante.cl\/alcantara-penalolen\/wp-json\/wp\/v2\/categories?post=2650"},{"taxonomy":"post_tag","embeddable":true,"href":"https:\/\/www.alcantara-alicante.cl\/alcantara-penalolen\/wp-json\/wp\/v2\/tags?post=2650"}],"curies":[{"name":"wp","href":"https:\/\/api.w.org\/{rel}","templated":true}]}}