{"id":3334,"date":"2025-06-05T15:33:59","date_gmt":"2025-06-05T19:33:59","guid":{"rendered":"https:\/\/www.alcantara-alicante.cl\/alcantara-florida\/?p=3334"},"modified":"2025-06-06T17:11:14","modified_gmt":"2025-06-06T21:11:14","slug":"invitacion-a-open-day","status":"publish","type":"post","link":"https:\/\/www.alcantara-alicante.cl\/alcantara-florida\/invitacion-a-open-day\/","title":{"rendered":"Invitaci\u00f3n a Open day"},"content":{"rendered":"\t\t<div data-elementor-type=\"wp-post\" data-elementor-id=\"3334\" class=\"elementor elementor-3334\" data-elementor-post-type=\"post\">\n\t\t\t\t<div class=\"elementor-element elementor-element-4a554ea e-flex e-con-boxed e-con e-parent\" data-id=\"4a554ea\" data-element_type=\"container\" data-e-type=\"container\">\n\t\t\t\t\t<div class=\"e-con-inner\">\n\t\t\t\t<div class=\"elementor-element elementor-element-c935b46 elementor-widget elementor-widget-image\" data-id=\"c935b46\" data-element_type=\"widget\" data-e-type=\"widget\" data-widget_type=\"image.default\">\n\t\t\t\t<div class=\"elementor-widget-container\">\n\t\t\t\t\t\t\t\t\t\t\t\t\t\t\t<img fetchpriority=\"high\" decoding=\"async\" width=\"768\" height=\"768\" src=\"https:\/\/www.alcantara-alicante.cl\/alcantara-florida\/wp-content\/uploads\/sites\/2\/2025\/06\/ALFLO-invitacion-openday-768x768.jpg\" class=\"attachment-medium_large size-medium_large wp-image-3337\" alt=\"\" srcset=\"https:\/\/www.alcantara-alicante.cl\/alcantara-florida\/wp-content\/uploads\/sites\/2\/2025\/06\/ALFLO-invitacion-openday-768x768.jpg 768w, https:\/\/www.alcantara-alicante.cl\/alcantara-florida\/wp-content\/uploads\/sites\/2\/2025\/06\/ALFLO-invitacion-openday-300x300.jpg 300w, https:\/\/www.alcantara-alicante.cl\/alcantara-florida\/wp-content\/uploads\/sites\/2\/2025\/06\/ALFLO-invitacion-openday-1024x1024.jpg 1024w, https:\/\/www.alcantara-alicante.cl\/alcantara-florida\/wp-content\/uploads\/sites\/2\/2025\/06\/ALFLO-invitacion-openday-150x150.jpg 150w, https:\/\/www.alcantara-alicante.cl\/alcantara-florida\/wp-content\/uploads\/sites\/2\/2025\/06\/elementor\/thumbs\/ALFLO-invitacion-openday-r6vj8d2n8ic4tycx40rhxrihrz5cff0qnce1jz58co.jpg 500w, https:\/\/www.alcantara-alicante.cl\/alcantara-florida\/wp-content\/uploads\/sites\/2\/2025\/06\/ALFLO-invitacion-openday.jpg 1080w\" sizes=\"(max-width: 768px) 100vw, 768px\" \/>\t\t\t\t\t\t\t\t\t\t\t\t\t\t\t<\/div>\n\t\t\t\t<\/div>\n\t\t\t\t\t<\/div>\n\t\t\t\t<\/div>\n\t\t<div class=\"elementor-element elementor-element-134fafd e-flex e-con-boxed e-con e-parent\" data-id=\"134fafd\" data-element_type=\"container\" data-e-type=\"container\">\n\t\t\t\t\t<div class=\"e-con-inner\">\n\t\t\t\t<div class=\"elementor-element elementor-element-5f8e97b elementor-widget elementor-widget-text-editor\" data-id=\"5f8e97b\" data-element_type=\"widget\" data-e-type=\"widget\" data-widget_type=\"text-editor.default\">\n\t\t\t\t<div class=\"elementor-widget-container\">\n\t\t\t\t\t\t\t\t\t<p data-start=\"110\" data-end=\"153\"><strong data-start=\"113\" data-end=\"150\">\u00a1Te invitamos a nuestro Open Day!<\/strong> \ud83c\udf93<\/p><p data-start=\"155\" data-end=\"308\"><span style=\"color: #6f6259; letter-spacing: 0px; word-spacing: 0em;\">El pr\u00f3ximo <\/span><strong style=\"color: #6f6259; letter-spacing: 0px; word-spacing: 0em;\" data-start=\"166\" data-end=\"181\">19 de julio<\/strong><span style=\"color: #6f6259; letter-spacing: 0px; word-spacing: 0em;\">, abrimos las puertas de nuestro colegio para que conozcas de cerca nuestro proyecto educativo, instalaciones y parte de nuestra comunidad<\/span><\/p><p data-start=\"310\" data-end=\"509\">Ser\u00e1 una jornada especial para familias interesadas en formar parte de nuestra comunidad educativa. Habr\u00e1 recorridos guiados, actividades para los ni\u00f1os y espacios de di\u00e1logo con nuestros profesores.<\/p><p data-start=\"511\" data-end=\"619\">\ud83d\udccd <strong data-start=\"514\" data-end=\"524\">Fecha:<\/strong> S\u00e1bado 19 de julio<br data-start=\"544\" data-end=\"547\" \/>\u23f0 <strong data-start=\"549\" data-end=\"558\">Hora:<\/strong> A partir de las 10:00 h<br data-start=\"582\" data-end=\"585\" \/>\ud83d\udccc <strong data-start=\"588\" data-end=\"598\">Lugar:<\/strong> Colegio Alc\u00e1ntara La Florida: V. Mackenna Oriente 6081- La Florida<\/p><p data-start=\"511\" data-end=\"619\"><strong>Si ya eres parte de nuestra comunidad y conoces familias con hijos que quieran conocernos, comp\u00e1rteles esta invitaci\u00f3n.<\/strong><\/p><p data-start=\"621\" data-end=\"739\">\u00a1No te lo pierdas! Te esperamos con los brazos abiertos.<br data-start=\"677\" data-end=\"680\" \/>Confirma tu asistencia en: <a href=\"mailto:admision@laflorida.alcantara.cl\">admision@laflorida.alcantara.cl<\/a><\/p><p data-start=\"621\" data-end=\"739\">\u00a0<\/p>\t\t\t\t\t\t\t\t<\/div>\n\t\t\t\t<\/div>\n\t\t\t\t\t<\/div>\n\t\t\t\t<\/div>\n\t\t\t\t<\/div>\n\t\t","protected":false},"excerpt":{"rendered":"<p>\u00a1Te invitamos a nuestro Open Day! \ud83c\udf93 El pr\u00f3ximo 19 de julio, abrimos las puertas de nuestro colegio para que conozcas de cerca nuestro proyecto educativo, instalaciones y parte de nuestra comunidad Ser\u00e1 una jornada especial para familias interesadas en formar parte de nuestra comunidad educativa. Habr\u00e1 recorridos guiados, actividades para los ni\u00f1os y espacios &#8230; <a title=\"Invitaci\u00f3n a Open day\" class=\"read-more\" href=\"https:\/\/www.alcantara-alicante.cl\/alcantara-florida\/invitacion-a-open-day\/\" aria-label=\"Leer m\u00e1s sobre Invitaci\u00f3n a Open day\">Leer m\u00e1s<\/a><\/p>\n","protected":false},"author":4,"featured_media":3360,"comment_status":"open","ping_status":"open","sticky":false,"template":"","format":"standard","meta":{"footnotes":""},"categories":[8],"tags":[],"class_list":["post-3334","post","type-post","status-publish","format-standard","has-post-thumbnail","hentry","category-destacadas"],"aioseo_notices":[],"_links":{"self":[{"href":"https:\/\/www.alcantara-alicante.cl\/alcantara-florida\/wp-json\/wp\/v2\/posts\/3334","targetHints":{"allow":["GET"]}}],"collection":[{"href":"https:\/\/www.alcantara-alicante.cl\/alcantara-florida\/wp-json\/wp\/v2\/posts"}],"about":[{"href":"https:\/\/www.alcantara-alicante.cl\/alcantara-florida\/wp-json\/wp\/v2\/types\/post"}],"author":[{"embeddable":true,"href":"https:\/\/www.alcantara-alicante.cl\/alcantara-florida\/wp-json\/wp\/v2\/users\/4"}],"replies":[{"embeddable":true,"href":"https:\/\/www.alcantara-alicante.cl\/alcantara-florida\/wp-json\/wp\/v2\/comments?post=3334"}],"version-history":[{"count":0,"href":"https:\/\/www.alcantara-alicante.cl\/alcantara-florida\/wp-json\/wp\/v2\/posts\/3334\/revisions"}],"wp:featuredmedia":[{"embeddable":true,"href":"https:\/\/www.alcantara-alicante.cl\/alcantara-florida\/wp-json\/wp\/v2\/media\/3360"}],"wp:attachment":[{"href":"https:\/\/www.alcantara-alicante.cl\/alcantara-florida\/wp-json\/wp\/v2\/media?parent=3334"}],"wp:term":[{"taxonomy":"category","embeddable":true,"href":"https:\/\/www.alcantara-alicante.cl\/alcantara-florida\/wp-json\/wp\/v2\/categories?post=3334"},{"taxonomy":"post_tag","embeddable":true,"href":"https:\/\/www.alcantara-alicante.cl\/alcantara-florida\/wp-json\/wp\/v2\/tags?post=3334"}],"curies":[{"name":"wp","href":"https:\/\/api.w.org\/{rel}","templated":true}]}}