{"id":1226,"date":"2024-04-03T18:11:05","date_gmt":"2024-04-03T16:11:05","guid":{"rendered":"https:\/\/www.alcantara-alicante.cl\/alcantara-florida\/?p=20091"},"modified":"2024-04-03T18:11:05","modified_gmt":"2024-04-03T16:11:05","slug":"programa-de-desarrollo-integral-de-la-persona","status":"publish","type":"post","link":"https:\/\/www.alcantara-alicante.cl\/alcantara-florida\/programa-de-desarrollo-integral-de-la-persona\/","title":{"rendered":"Programa de desarrollo integral de la persona"},"content":{"rendered":"<p>El Colegio aplica Programas de Desarrollo Personal integrados al Plan de Estudios Anual para contribuir al desarrollo integral de ni\u00f1os, ni\u00f1as y j\u00f3venes.<\/p>\n<p>El objetivo es desarrollar en ni\u00f1os, ni\u00f1as y j\u00f3venes habilidades que les permitan convivir de manera sana con sus pares y adultos sobre una base val\u00f3rica s\u00f3lida en consonancia con la sociedad y el medio que les rodea.<\/p>\n<p>\u00a0<\/p>\n<p>Revise el documento completo<\/p>\n<p><img decoding=\"async\" src=\"https:\/\/www.alcantara-alicante.cl\/alcantara-florida\/wp-content\/uploads\/sites\/7\/2021\/03\/iconopdf_small.jpg\" alt=\"\" width=\"33\" height=\"35\" \/> <a href=\"https:\/\/www.alcantara-alicante.cl\/alcantara-florida\/wp-content\/uploads\/sites\/7\/2024\/04\/Desarrollo-Integral-de-la-Persona-2024.pdf\">Desarrollo Integral de la Persona 2024<\/a>\u00a0<\/p>\n","protected":false},"excerpt":{"rendered":"<p>El Colegio aplica Programas de Desarrollo Personal integrados al Plan de Estudios Anual para contribuir al desarrollo integral de ni\u00f1os, ni\u00f1as y j\u00f3venes. El objetivo es desarrollar en ni\u00f1os, ni\u00f1as y j\u00f3venes habilidades que les permitan convivir de manera sana con sus pares y adultos sobre una base val\u00f3rica s\u00f3lida en consonancia con la sociedad &#8230; <a title=\"Programa de desarrollo integral de la persona\" class=\"read-more\" href=\"https:\/\/www.alcantara-alicante.cl\/alcantara-florida\/programa-de-desarrollo-integral-de-la-persona\/\" aria-label=\"Leer m\u00e1s sobre Programa de desarrollo integral de la persona\">Leer m\u00e1s<\/a><\/p>\n","protected":false},"author":1,"featured_media":1227,"comment_status":"open","ping_status":"open","sticky":false,"template":"","format":"standard","meta":{"footnotes":""},"categories":[8],"tags":[],"class_list":["post-1226","post","type-post","status-publish","format-standard","has-post-thumbnail","hentry","category-destacadas"],"aioseo_notices":[],"_links":{"self":[{"href":"https:\/\/www.alcantara-alicante.cl\/alcantara-florida\/wp-json\/wp\/v2\/posts\/1226","targetHints":{"allow":["GET"]}}],"collection":[{"href":"https:\/\/www.alcantara-alicante.cl\/alcantara-florida\/wp-json\/wp\/v2\/posts"}],"about":[{"href":"https:\/\/www.alcantara-alicante.cl\/alcantara-florida\/wp-json\/wp\/v2\/types\/post"}],"author":[{"embeddable":true,"href":"https:\/\/www.alcantara-alicante.cl\/alcantara-florida\/wp-json\/wp\/v2\/users\/1"}],"replies":[{"embeddable":true,"href":"https:\/\/www.alcantara-alicante.cl\/alcantara-florida\/wp-json\/wp\/v2\/comments?post=1226"}],"version-history":[{"count":0,"href":"https:\/\/www.alcantara-alicante.cl\/alcantara-florida\/wp-json\/wp\/v2\/posts\/1226\/revisions"}],"wp:featuredmedia":[{"embeddable":true,"href":"https:\/\/www.alcantara-alicante.cl\/alcantara-florida\/wp-json\/wp\/v2\/media\/1227"}],"wp:attachment":[{"href":"https:\/\/www.alcantara-alicante.cl\/alcantara-florida\/wp-json\/wp\/v2\/media?parent=1226"}],"wp:term":[{"taxonomy":"category","embeddable":true,"href":"https:\/\/www.alcantara-alicante.cl\/alcantara-florida\/wp-json\/wp\/v2\/categories?post=1226"},{"taxonomy":"post_tag","embeddable":true,"href":"https:\/\/www.alcantara-alicante.cl\/alcantara-florida\/wp-json\/wp\/v2\/tags?post=1226"}],"curies":[{"name":"wp","href":"https:\/\/api.w.org\/{rel}","templated":true}]}}