{"id":2588,"date":"2025-09-05T17:18:23","date_gmt":"2025-09-05T21:18:23","guid":{"rendered":"https:\/\/www.alcantara-alicante.cl\/alcantara-cordillera\/?p=2588"},"modified":"2025-09-05T17:19:51","modified_gmt":"2025-09-05T21:19:51","slug":"el-sistema-solar-en-prekinder-%f0%9f%aa%90%f0%9f%8c%9f","status":"publish","type":"post","link":"https:\/\/www.alcantara-alicante.cl\/alcantara-cordillera\/el-sistema-solar-en-prekinder-%f0%9f%aa%90%f0%9f%8c%9f\/","title":{"rendered":"El Sistema Solar en Prek\u00ednder \ud83e\ude90\ud83c\udf1f"},"content":{"rendered":"\t\t<div data-elementor-type=\"wp-post\" data-elementor-id=\"2588\" class=\"elementor elementor-2588\" data-elementor-post-type=\"post\">\n\t\t\t\t<div class=\"elementor-element elementor-element-188f701 e-flex e-con-boxed e-con e-parent\" data-id=\"188f701\" data-element_type=\"container\" data-e-type=\"container\">\n\t\t\t\t\t<div class=\"e-con-inner\">\n\t\t\t\t<div class=\"elementor-element elementor-element-43bd50b elementor-widget elementor-widget-text-editor\" data-id=\"43bd50b\" data-element_type=\"widget\" data-e-type=\"widget\" data-widget_type=\"text-editor.default\">\n\t\t\t\t<div class=\"elementor-widget-container\">\n\t\t\t\t\t\t\t\t\t<p data-start=\"113\" data-end=\"352\">El sistema solar es un lugar m\u00e1gico donde viven el Sol, los planetas y las estrellas. Los ni\u00f1os y ni\u00f1as de Prek\u00ednder disfrutaron conociendo y aprendiendo sobre cada planeta, descubriendo que cada uno tiene su propia historia y aventuras.<\/p><p data-start=\"354\" data-end=\"559\">Para hacer a\u00fan m\u00e1s especial la actividad, se vistieron con creativos trajes de astronautas, lo que les permiti\u00f3 viajar con la imaginaci\u00f3n y sentirse como verdaderos exploradores del espacio. \ud83d\ude80\ud83d\udc69\u200d\ud83d\ude80\ud83d\udc68\u200d\ud83d\ude80<\/p><p data-start=\"561\" data-end=\"655\">\u00a1Explorar el universo es divertido y nos invita a imaginar un mundo lleno de maravillas! \ud83c\udf0c\u2728<\/p><p data-start=\"657\" data-end=\"725\"><strong data-start=\"657\" data-end=\"684\">Educadoras de P\u00e1rvulos:<\/strong><br data-start=\"684\" data-end=\"687\" \/>Mar\u00eda Elena Cornejo \u2013 Mar\u00eda Jos\u00e9 Cid<\/p>\t\t\t\t\t\t\t\t<\/div>\n\t\t\t\t<\/div>\n\t\t\t\t\t<\/div>\n\t\t\t\t<\/div>\n\t\t<div class=\"elementor-element elementor-element-9a6027b e-flex e-con-boxed e-con e-parent\" data-id=\"9a6027b\" data-element_type=\"container\" data-e-type=\"container\">\n\t\t\t\t\t<div class=\"e-con-inner\">\n\t\t\t\t<div class=\"elementor-element elementor-element-0cb73ef elementor-widget elementor-widget-gallery\" data-id=\"0cb73ef\" data-element_type=\"widget\" data-e-type=\"widget\" data-settings=\"{&quot;columns&quot;:5,&quot;lazyload&quot;:&quot;yes&quot;,&quot;gallery_layout&quot;:&quot;grid&quot;,&quot;columns_tablet&quot;:2,&quot;columns_mobile&quot;:1,&quot;gap&quot;:{&quot;unit&quot;:&quot;px&quot;,&quot;size&quot;:10,&quot;sizes&quot;:[]},&quot;gap_tablet&quot;:{&quot;unit&quot;:&quot;px&quot;,&quot;size&quot;:10,&quot;sizes&quot;:[]},&quot;gap_mobile&quot;:{&quot;unit&quot;:&quot;px&quot;,&quot;size&quot;:10,&quot;sizes&quot;:[]},&quot;link_to&quot;:&quot;file&quot;,&quot;aspect_ratio&quot;:&quot;3:2&quot;,&quot;overlay_background&quot;:&quot;yes&quot;,&quot;content_hover_animation&quot;:&quot;fade-in&quot;}\" data-widget_type=\"gallery.default\">\n\t\t\t\t<div class=\"elementor-widget-container\">\n\t\t\t\t\t\t\t<div class=\"elementor-gallery__container\">\n\t\t\t\t\t\t\t<a class=\"e-gallery-item elementor-gallery-item elementor-animated-content\" href=\"https:\/\/www.alcantara-alicante.cl\/alcantara-cordillera\/wp-content\/uploads\/sites\/3\/2025\/09\/Colegio-Alcantara-Cordillera_preescolar0.jpeg\" data-elementor-open-lightbox=\"yes\" data-elementor-lightbox-slideshow=\"0cb73ef\" data-elementor-lightbox-title=\"Colegio Alcantara Cordillera_preescolar0\" data-e-action-hash=\"#elementor-action%3Aaction%3Dlightbox%26settings%3DeyJpZCI6MjU5MSwidXJsIjoiaHR0cHM6XC9cL3d3dy5hbGNhbnRhcmEtYWxpY2FudGUuY2xcL2FsY2FudGFyYS1jb3JkaWxsZXJhXC93cC1jb250ZW50XC91cGxvYWRzXC9zaXRlc1wvM1wvMjAyNVwvMDlcL0NvbGVnaW8tQWxjYW50YXJhLUNvcmRpbGxlcmFfcHJlZXNjb2xhcjAuanBlZyIsInNsaWRlc2hvdyI6IjBjYjczZWYifQ%3D%3D\">\n\t\t\t\t\t<div class=\"e-gallery-image elementor-gallery-item__image\" data-thumbnail=\"https:\/\/www.alcantara-alicante.cl\/alcantara-cordillera\/wp-content\/uploads\/sites\/3\/2025\/09\/Colegio-Alcantara-Cordillera_preescolar0-225x300.jpeg\" data-width=\"225\" data-height=\"300\" aria-label=\"\" role=\"img\" ><\/div>\n\t\t\t\t\t\t\t\t\t\t\t<div class=\"elementor-gallery-item__overlay\"><\/div>\n\t\t\t\t\t\t\t\t\t\t\t\t\t\t<\/a>\n\t\t\t\t\t\t\t<a class=\"e-gallery-item elementor-gallery-item elementor-animated-content\" href=\"https:\/\/www.alcantara-alicante.cl\/alcantara-cordillera\/wp-content\/uploads\/sites\/3\/2025\/09\/Colegio-Alcantara-Cordillera_preescolar12.jpeg\" data-elementor-open-lightbox=\"yes\" data-elementor-lightbox-slideshow=\"0cb73ef\" data-elementor-lightbox-title=\"Colegio Alcantara Cordillera_preescolar12\" data-e-action-hash=\"#elementor-action%3Aaction%3Dlightbox%26settings%3DeyJpZCI6MjYwMywidXJsIjoiaHR0cHM6XC9cL3d3dy5hbGNhbnRhcmEtYWxpY2FudGUuY2xcL2FsY2FudGFyYS1jb3JkaWxsZXJhXC93cC1jb250ZW50XC91cGxvYWRzXC9zaXRlc1wvM1wvMjAyNVwvMDlcL0NvbGVnaW8tQWxjYW50YXJhLUNvcmRpbGxlcmFfcHJlZXNjb2xhcjEyLmpwZWciLCJzbGlkZXNob3ciOiIwY2I3M2VmIn0%3D\">\n\t\t\t\t\t<div class=\"e-gallery-image elementor-gallery-item__image\" data-thumbnail=\"https:\/\/www.alcantara-alicante.cl\/alcantara-cordillera\/wp-content\/uploads\/sites\/3\/2025\/09\/Colegio-Alcantara-Cordillera_preescolar12-225x300.jpeg\" data-width=\"225\" data-height=\"300\" aria-label=\"\" role=\"img\" ><\/div>\n\t\t\t\t\t\t\t\t\t\t\t<div class=\"elementor-gallery-item__overlay\"><\/div>\n\t\t\t\t\t\t\t\t\t\t\t\t\t\t<\/a>\n\t\t\t\t\t\t\t<a class=\"e-gallery-item elementor-gallery-item elementor-animated-content\" href=\"https:\/\/www.alcantara-alicante.cl\/alcantara-cordillera\/wp-content\/uploads\/sites\/3\/2025\/09\/Colegio-Alcantara-Cordillera_preescolar14.jpeg\" data-elementor-open-lightbox=\"yes\" data-elementor-lightbox-slideshow=\"0cb73ef\" data-elementor-lightbox-title=\"Colegio Alcantara Cordillera_preescolar14\" data-e-action-hash=\"#elementor-action%3Aaction%3Dlightbox%26settings%3DeyJpZCI6MjYwNSwidXJsIjoiaHR0cHM6XC9cL3d3dy5hbGNhbnRhcmEtYWxpY2FudGUuY2xcL2FsY2FudGFyYS1jb3JkaWxsZXJhXC93cC1jb250ZW50XC91cGxvYWRzXC9zaXRlc1wvM1wvMjAyNVwvMDlcL0NvbGVnaW8tQWxjYW50YXJhLUNvcmRpbGxlcmFfcHJlZXNjb2xhcjE0LmpwZWciLCJzbGlkZXNob3ciOiIwY2I3M2VmIn0%3D\">\n\t\t\t\t\t<div class=\"e-gallery-image elementor-gallery-item__image\" data-thumbnail=\"https:\/\/www.alcantara-alicante.cl\/alcantara-cordillera\/wp-content\/uploads\/sites\/3\/2025\/09\/Colegio-Alcantara-Cordillera_preescolar14-225x300.jpeg\" data-width=\"225\" data-height=\"300\" aria-label=\"\" role=\"img\" ><\/div>\n\t\t\t\t\t\t\t\t\t\t\t<div class=\"elementor-gallery-item__overlay\"><\/div>\n\t\t\t\t\t\t\t\t\t\t\t\t\t\t<\/a>\n\t\t\t\t\t\t\t<a class=\"e-gallery-item elementor-gallery-item elementor-animated-content\" href=\"https:\/\/www.alcantara-alicante.cl\/alcantara-cordillera\/wp-content\/uploads\/sites\/3\/2025\/09\/Colegio-Alcantara-Cordillera_preescolar15.jpeg\" data-elementor-open-lightbox=\"yes\" data-elementor-lightbox-slideshow=\"0cb73ef\" data-elementor-lightbox-title=\"Colegio Alcantara Cordillera_preescolar15\" data-e-action-hash=\"#elementor-action%3Aaction%3Dlightbox%26settings%3DeyJpZCI6MjYwNiwidXJsIjoiaHR0cHM6XC9cL3d3dy5hbGNhbnRhcmEtYWxpY2FudGUuY2xcL2FsY2FudGFyYS1jb3JkaWxsZXJhXC93cC1jb250ZW50XC91cGxvYWRzXC9zaXRlc1wvM1wvMjAyNVwvMDlcL0NvbGVnaW8tQWxjYW50YXJhLUNvcmRpbGxlcmFfcHJlZXNjb2xhcjE1LmpwZWciLCJzbGlkZXNob3ciOiIwY2I3M2VmIn0%3D\">\n\t\t\t\t\t<div class=\"e-gallery-image elementor-gallery-item__image\" data-thumbnail=\"https:\/\/www.alcantara-alicante.cl\/alcantara-cordillera\/wp-content\/uploads\/sites\/3\/2025\/09\/Colegio-Alcantara-Cordillera_preescolar15-225x300.jpeg\" data-width=\"225\" data-height=\"300\" aria-label=\"\" role=\"img\" ><\/div>\n\t\t\t\t\t\t\t\t\t\t\t<div class=\"elementor-gallery-item__overlay\"><\/div>\n\t\t\t\t\t\t\t\t\t\t\t\t\t\t<\/a>\n\t\t\t\t\t\t\t<a class=\"e-gallery-item elementor-gallery-item elementor-animated-content\" href=\"https:\/\/www.alcantara-alicante.cl\/alcantara-cordillera\/wp-content\/uploads\/sites\/3\/2025\/09\/Colegio-Alcantara-Cordillera_preescolar1.jpeg\" data-elementor-open-lightbox=\"yes\" data-elementor-lightbox-slideshow=\"0cb73ef\" data-elementor-lightbox-title=\"Colegio Alcantara Cordillera_preescolar1\" data-e-action-hash=\"#elementor-action%3Aaction%3Dlightbox%26settings%3DeyJpZCI6MjU5MiwidXJsIjoiaHR0cHM6XC9cL3d3dy5hbGNhbnRhcmEtYWxpY2FudGUuY2xcL2FsY2FudGFyYS1jb3JkaWxsZXJhXC93cC1jb250ZW50XC91cGxvYWRzXC9zaXRlc1wvM1wvMjAyNVwvMDlcL0NvbGVnaW8tQWxjYW50YXJhLUNvcmRpbGxlcmFfcHJlZXNjb2xhcjEuanBlZyIsInNsaWRlc2hvdyI6IjBjYjczZWYifQ%3D%3D\">\n\t\t\t\t\t<div class=\"e-gallery-image elementor-gallery-item__image\" data-thumbnail=\"https:\/\/www.alcantara-alicante.cl\/alcantara-cordillera\/wp-content\/uploads\/sites\/3\/2025\/09\/Colegio-Alcantara-Cordillera_preescolar1-225x300.jpeg\" data-width=\"225\" data-height=\"300\" aria-label=\"\" role=\"img\" ><\/div>\n\t\t\t\t\t\t\t\t\t\t\t<div class=\"elementor-gallery-item__overlay\"><\/div>\n\t\t\t\t\t\t\t\t\t\t\t\t\t\t<\/a>\n\t\t\t\t\t\t\t<a class=\"e-gallery-item elementor-gallery-item elementor-animated-content\" href=\"https:\/\/www.alcantara-alicante.cl\/alcantara-cordillera\/wp-content\/uploads\/sites\/3\/2025\/09\/Colegio-Alcantara-Cordillera_preescolar2.jpeg\" data-elementor-open-lightbox=\"yes\" data-elementor-lightbox-slideshow=\"0cb73ef\" data-elementor-lightbox-title=\"Colegio Alcantara Cordillera_preescolar2\" data-e-action-hash=\"#elementor-action%3Aaction%3Dlightbox%26settings%3DeyJpZCI6MjU5MywidXJsIjoiaHR0cHM6XC9cL3d3dy5hbGNhbnRhcmEtYWxpY2FudGUuY2xcL2FsY2FudGFyYS1jb3JkaWxsZXJhXC93cC1jb250ZW50XC91cGxvYWRzXC9zaXRlc1wvM1wvMjAyNVwvMDlcL0NvbGVnaW8tQWxjYW50YXJhLUNvcmRpbGxlcmFfcHJlZXNjb2xhcjIuanBlZyIsInNsaWRlc2hvdyI6IjBjYjczZWYifQ%3D%3D\">\n\t\t\t\t\t<div class=\"e-gallery-image elementor-gallery-item__image\" data-thumbnail=\"https:\/\/www.alcantara-alicante.cl\/alcantara-cordillera\/wp-content\/uploads\/sites\/3\/2025\/09\/Colegio-Alcantara-Cordillera_preescolar2-225x300.jpeg\" data-width=\"225\" data-height=\"300\" aria-label=\"\" role=\"img\" ><\/div>\n\t\t\t\t\t\t\t\t\t\t\t<div class=\"elementor-gallery-item__overlay\"><\/div>\n\t\t\t\t\t\t\t\t\t\t\t\t\t\t<\/a>\n\t\t\t\t\t\t\t<a class=\"e-gallery-item elementor-gallery-item elementor-animated-content\" href=\"https:\/\/www.alcantara-alicante.cl\/alcantara-cordillera\/wp-content\/uploads\/sites\/3\/2025\/09\/Colegio-Alcantara-Cordillera_preescolar3.jpeg\" data-elementor-open-lightbox=\"yes\" data-elementor-lightbox-slideshow=\"0cb73ef\" data-elementor-lightbox-title=\"Colegio Alcantara Cordillera_preescolar3\" data-e-action-hash=\"#elementor-action%3Aaction%3Dlightbox%26settings%3DeyJpZCI6MjU5NCwidXJsIjoiaHR0cHM6XC9cL3d3dy5hbGNhbnRhcmEtYWxpY2FudGUuY2xcL2FsY2FudGFyYS1jb3JkaWxsZXJhXC93cC1jb250ZW50XC91cGxvYWRzXC9zaXRlc1wvM1wvMjAyNVwvMDlcL0NvbGVnaW8tQWxjYW50YXJhLUNvcmRpbGxlcmFfcHJlZXNjb2xhcjMuanBlZyIsInNsaWRlc2hvdyI6IjBjYjczZWYifQ%3D%3D\">\n\t\t\t\t\t<div class=\"e-gallery-image elementor-gallery-item__image\" data-thumbnail=\"https:\/\/www.alcantara-alicante.cl\/alcantara-cordillera\/wp-content\/uploads\/sites\/3\/2025\/09\/Colegio-Alcantara-Cordillera_preescolar3-225x300.jpeg\" data-width=\"225\" data-height=\"300\" aria-label=\"\" role=\"img\" ><\/div>\n\t\t\t\t\t\t\t\t\t\t\t<div class=\"elementor-gallery-item__overlay\"><\/div>\n\t\t\t\t\t\t\t\t\t\t\t\t\t\t<\/a>\n\t\t\t\t\t\t\t<a class=\"e-gallery-item elementor-gallery-item elementor-animated-content\" href=\"https:\/\/www.alcantara-alicante.cl\/alcantara-cordillera\/wp-content\/uploads\/sites\/3\/2025\/09\/Colegio-Alcantara-Cordillera_preescolar4.jpeg\" data-elementor-open-lightbox=\"yes\" data-elementor-lightbox-slideshow=\"0cb73ef\" data-elementor-lightbox-title=\"Colegio Alcantara Cordillera_preescolar4\" data-e-action-hash=\"#elementor-action%3Aaction%3Dlightbox%26settings%3DeyJpZCI6MjU5NSwidXJsIjoiaHR0cHM6XC9cL3d3dy5hbGNhbnRhcmEtYWxpY2FudGUuY2xcL2FsY2FudGFyYS1jb3JkaWxsZXJhXC93cC1jb250ZW50XC91cGxvYWRzXC9zaXRlc1wvM1wvMjAyNVwvMDlcL0NvbGVnaW8tQWxjYW50YXJhLUNvcmRpbGxlcmFfcHJlZXNjb2xhcjQuanBlZyIsInNsaWRlc2hvdyI6IjBjYjczZWYifQ%3D%3D\">\n\t\t\t\t\t<div class=\"e-gallery-image elementor-gallery-item__image\" data-thumbnail=\"https:\/\/www.alcantara-alicante.cl\/alcantara-cordillera\/wp-content\/uploads\/sites\/3\/2025\/09\/Colegio-Alcantara-Cordillera_preescolar4-225x300.jpeg\" data-width=\"225\" data-height=\"300\" aria-label=\"\" role=\"img\" ><\/div>\n\t\t\t\t\t\t\t\t\t\t\t<div class=\"elementor-gallery-item__overlay\"><\/div>\n\t\t\t\t\t\t\t\t\t\t\t\t\t\t<\/a>\n\t\t\t\t\t\t\t<a class=\"e-gallery-item elementor-gallery-item elementor-animated-content\" href=\"https:\/\/www.alcantara-alicante.cl\/alcantara-cordillera\/wp-content\/uploads\/sites\/3\/2025\/09\/Colegio-Alcantara-Cordillera_preescolar5.jpeg\" data-elementor-open-lightbox=\"yes\" data-elementor-lightbox-slideshow=\"0cb73ef\" data-elementor-lightbox-title=\"Colegio Alcantara Cordillera_preescolar5\" data-e-action-hash=\"#elementor-action%3Aaction%3Dlightbox%26settings%3DeyJpZCI6MjU5NiwidXJsIjoiaHR0cHM6XC9cL3d3dy5hbGNhbnRhcmEtYWxpY2FudGUuY2xcL2FsY2FudGFyYS1jb3JkaWxsZXJhXC93cC1jb250ZW50XC91cGxvYWRzXC9zaXRlc1wvM1wvMjAyNVwvMDlcL0NvbGVnaW8tQWxjYW50YXJhLUNvcmRpbGxlcmFfcHJlZXNjb2xhcjUuanBlZyIsInNsaWRlc2hvdyI6IjBjYjczZWYifQ%3D%3D\">\n\t\t\t\t\t<div class=\"e-gallery-image elementor-gallery-item__image\" data-thumbnail=\"https:\/\/www.alcantara-alicante.cl\/alcantara-cordillera\/wp-content\/uploads\/sites\/3\/2025\/09\/Colegio-Alcantara-Cordillera_preescolar5-225x300.jpeg\" data-width=\"225\" data-height=\"300\" aria-label=\"\" role=\"img\" ><\/div>\n\t\t\t\t\t\t\t\t\t\t\t<div class=\"elementor-gallery-item__overlay\"><\/div>\n\t\t\t\t\t\t\t\t\t\t\t\t\t\t<\/a>\n\t\t\t\t\t\t\t<a class=\"e-gallery-item elementor-gallery-item elementor-animated-content\" href=\"https:\/\/www.alcantara-alicante.cl\/alcantara-cordillera\/wp-content\/uploads\/sites\/3\/2025\/09\/Colegio-Alcantara-Cordillera_preescolar6.jpeg\" data-elementor-open-lightbox=\"yes\" data-elementor-lightbox-slideshow=\"0cb73ef\" data-elementor-lightbox-title=\"Colegio Alcantara Cordillera_preescolar6\" data-e-action-hash=\"#elementor-action%3Aaction%3Dlightbox%26settings%3DeyJpZCI6MjU5NywidXJsIjoiaHR0cHM6XC9cL3d3dy5hbGNhbnRhcmEtYWxpY2FudGUuY2xcL2FsY2FudGFyYS1jb3JkaWxsZXJhXC93cC1jb250ZW50XC91cGxvYWRzXC9zaXRlc1wvM1wvMjAyNVwvMDlcL0NvbGVnaW8tQWxjYW50YXJhLUNvcmRpbGxlcmFfcHJlZXNjb2xhcjYuanBlZyIsInNsaWRlc2hvdyI6IjBjYjczZWYifQ%3D%3D\">\n\t\t\t\t\t<div class=\"e-gallery-image elementor-gallery-item__image\" data-thumbnail=\"https:\/\/www.alcantara-alicante.cl\/alcantara-cordillera\/wp-content\/uploads\/sites\/3\/2025\/09\/Colegio-Alcantara-Cordillera_preescolar6-225x300.jpeg\" data-width=\"225\" data-height=\"300\" aria-label=\"\" role=\"img\" ><\/div>\n\t\t\t\t\t\t\t\t\t\t\t<div class=\"elementor-gallery-item__overlay\"><\/div>\n\t\t\t\t\t\t\t\t\t\t\t\t\t\t<\/a>\n\t\t\t\t\t\t\t<a class=\"e-gallery-item elementor-gallery-item elementor-animated-content\" href=\"https:\/\/www.alcantara-alicante.cl\/alcantara-cordillera\/wp-content\/uploads\/sites\/3\/2025\/09\/Colegio-Alcantara-Cordillera_preescolar7.jpeg\" data-elementor-open-lightbox=\"yes\" data-elementor-lightbox-slideshow=\"0cb73ef\" data-elementor-lightbox-title=\"Colegio Alcantara Cordillera_preescolar7\" data-e-action-hash=\"#elementor-action%3Aaction%3Dlightbox%26settings%3DeyJpZCI6MjU5OCwidXJsIjoiaHR0cHM6XC9cL3d3dy5hbGNhbnRhcmEtYWxpY2FudGUuY2xcL2FsY2FudGFyYS1jb3JkaWxsZXJhXC93cC1jb250ZW50XC91cGxvYWRzXC9zaXRlc1wvM1wvMjAyNVwvMDlcL0NvbGVnaW8tQWxjYW50YXJhLUNvcmRpbGxlcmFfcHJlZXNjb2xhcjcuanBlZyIsInNsaWRlc2hvdyI6IjBjYjczZWYifQ%3D%3D\">\n\t\t\t\t\t<div class=\"e-gallery-image elementor-gallery-item__image\" data-thumbnail=\"https:\/\/www.alcantara-alicante.cl\/alcantara-cordillera\/wp-content\/uploads\/sites\/3\/2025\/09\/Colegio-Alcantara-Cordillera_preescolar7-225x300.jpeg\" data-width=\"225\" data-height=\"300\" aria-label=\"\" role=\"img\" ><\/div>\n\t\t\t\t\t\t\t\t\t\t\t<div class=\"elementor-gallery-item__overlay\"><\/div>\n\t\t\t\t\t\t\t\t\t\t\t\t\t\t<\/a>\n\t\t\t\t\t\t\t<a class=\"e-gallery-item elementor-gallery-item elementor-animated-content\" href=\"https:\/\/www.alcantara-alicante.cl\/alcantara-cordillera\/wp-content\/uploads\/sites\/3\/2025\/09\/Colegio-Alcantara-Cordillera_preescolar8.jpeg\" data-elementor-open-lightbox=\"yes\" data-elementor-lightbox-slideshow=\"0cb73ef\" data-elementor-lightbox-title=\"Colegio Alcantara Cordillera_preescolar8\" data-e-action-hash=\"#elementor-action%3Aaction%3Dlightbox%26settings%3DeyJpZCI6MjU5OSwidXJsIjoiaHR0cHM6XC9cL3d3dy5hbGNhbnRhcmEtYWxpY2FudGUuY2xcL2FsY2FudGFyYS1jb3JkaWxsZXJhXC93cC1jb250ZW50XC91cGxvYWRzXC9zaXRlc1wvM1wvMjAyNVwvMDlcL0NvbGVnaW8tQWxjYW50YXJhLUNvcmRpbGxlcmFfcHJlZXNjb2xhcjguanBlZyIsInNsaWRlc2hvdyI6IjBjYjczZWYifQ%3D%3D\">\n\t\t\t\t\t<div class=\"e-gallery-image elementor-gallery-item__image\" data-thumbnail=\"https:\/\/www.alcantara-alicante.cl\/alcantara-cordillera\/wp-content\/uploads\/sites\/3\/2025\/09\/Colegio-Alcantara-Cordillera_preescolar8-225x300.jpeg\" data-width=\"225\" data-height=\"300\" aria-label=\"\" role=\"img\" ><\/div>\n\t\t\t\t\t\t\t\t\t\t\t<div class=\"elementor-gallery-item__overlay\"><\/div>\n\t\t\t\t\t\t\t\t\t\t\t\t\t\t<\/a>\n\t\t\t\t\t\t\t<a class=\"e-gallery-item elementor-gallery-item elementor-animated-content\" href=\"https:\/\/www.alcantara-alicante.cl\/alcantara-cordillera\/wp-content\/uploads\/sites\/3\/2025\/09\/Colegio-Alcantara-Cordillera_preescolar9.jpeg\" data-elementor-open-lightbox=\"yes\" data-elementor-lightbox-slideshow=\"0cb73ef\" data-elementor-lightbox-title=\"Colegio Alcantara Cordillera_preescolar9\" data-e-action-hash=\"#elementor-action%3Aaction%3Dlightbox%26settings%3DeyJpZCI6MjYwMCwidXJsIjoiaHR0cHM6XC9cL3d3dy5hbGNhbnRhcmEtYWxpY2FudGUuY2xcL2FsY2FudGFyYS1jb3JkaWxsZXJhXC93cC1jb250ZW50XC91cGxvYWRzXC9zaXRlc1wvM1wvMjAyNVwvMDlcL0NvbGVnaW8tQWxjYW50YXJhLUNvcmRpbGxlcmFfcHJlZXNjb2xhcjkuanBlZyIsInNsaWRlc2hvdyI6IjBjYjczZWYifQ%3D%3D\">\n\t\t\t\t\t<div class=\"e-gallery-image elementor-gallery-item__image\" data-thumbnail=\"https:\/\/www.alcantara-alicante.cl\/alcantara-cordillera\/wp-content\/uploads\/sites\/3\/2025\/09\/Colegio-Alcantara-Cordillera_preescolar9-225x300.jpeg\" data-width=\"225\" data-height=\"300\" aria-label=\"\" role=\"img\" ><\/div>\n\t\t\t\t\t\t\t\t\t\t\t<div class=\"elementor-gallery-item__overlay\"><\/div>\n\t\t\t\t\t\t\t\t\t\t\t\t\t\t<\/a>\n\t\t\t\t\t\t\t<a class=\"e-gallery-item elementor-gallery-item elementor-animated-content\" href=\"https:\/\/www.alcantara-alicante.cl\/alcantara-cordillera\/wp-content\/uploads\/sites\/3\/2025\/09\/Colegio-Alcantara-Cordillera_preescolar10.jpeg\" data-elementor-open-lightbox=\"yes\" data-elementor-lightbox-slideshow=\"0cb73ef\" data-elementor-lightbox-title=\"Colegio Alcantara Cordillera_preescolar10\" data-e-action-hash=\"#elementor-action%3Aaction%3Dlightbox%26settings%3DeyJpZCI6MjYwMSwidXJsIjoiaHR0cHM6XC9cL3d3dy5hbGNhbnRhcmEtYWxpY2FudGUuY2xcL2FsY2FudGFyYS1jb3JkaWxsZXJhXC93cC1jb250ZW50XC91cGxvYWRzXC9zaXRlc1wvM1wvMjAyNVwvMDlcL0NvbGVnaW8tQWxjYW50YXJhLUNvcmRpbGxlcmFfcHJlZXNjb2xhcjEwLmpwZWciLCJzbGlkZXNob3ciOiIwY2I3M2VmIn0%3D\">\n\t\t\t\t\t<div class=\"e-gallery-image elementor-gallery-item__image\" data-thumbnail=\"https:\/\/www.alcantara-alicante.cl\/alcantara-cordillera\/wp-content\/uploads\/sites\/3\/2025\/09\/Colegio-Alcantara-Cordillera_preescolar10-225x300.jpeg\" data-width=\"225\" data-height=\"300\" aria-label=\"\" role=\"img\" ><\/div>\n\t\t\t\t\t\t\t\t\t\t\t<div class=\"elementor-gallery-item__overlay\"><\/div>\n\t\t\t\t\t\t\t\t\t\t\t\t\t\t<\/a>\n\t\t\t\t\t\t\t<a class=\"e-gallery-item elementor-gallery-item elementor-animated-content\" href=\"https:\/\/www.alcantara-alicante.cl\/alcantara-cordillera\/wp-content\/uploads\/sites\/3\/2025\/09\/Colegio-Alcantara-Cordillera_preescolar11.jpeg\" data-elementor-open-lightbox=\"yes\" data-elementor-lightbox-slideshow=\"0cb73ef\" data-elementor-lightbox-title=\"Colegio Alcantara Cordillera_preescolar11\" data-e-action-hash=\"#elementor-action%3Aaction%3Dlightbox%26settings%3DeyJpZCI6MjYwMiwidXJsIjoiaHR0cHM6XC9cL3d3dy5hbGNhbnRhcmEtYWxpY2FudGUuY2xcL2FsY2FudGFyYS1jb3JkaWxsZXJhXC93cC1jb250ZW50XC91cGxvYWRzXC9zaXRlc1wvM1wvMjAyNVwvMDlcL0NvbGVnaW8tQWxjYW50YXJhLUNvcmRpbGxlcmFfcHJlZXNjb2xhcjExLmpwZWciLCJzbGlkZXNob3ciOiIwY2I3M2VmIn0%3D\">\n\t\t\t\t\t<div class=\"e-gallery-image elementor-gallery-item__image\" data-thumbnail=\"https:\/\/www.alcantara-alicante.cl\/alcantara-cordillera\/wp-content\/uploads\/sites\/3\/2025\/09\/Colegio-Alcantara-Cordillera_preescolar11-225x300.jpeg\" data-width=\"225\" data-height=\"300\" aria-label=\"\" role=\"img\" ><\/div>\n\t\t\t\t\t\t\t\t\t\t\t<div class=\"elementor-gallery-item__overlay\"><\/div>\n\t\t\t\t\t\t\t\t\t\t\t\t\t\t<\/a>\n\t\t\t\t\t\t\t<a class=\"e-gallery-item elementor-gallery-item elementor-animated-content\" href=\"https:\/\/www.alcantara-alicante.cl\/alcantara-cordillera\/wp-content\/uploads\/sites\/3\/2025\/09\/Colegio-Alcantara-Cordillera_preescolar13.jpeg\" data-elementor-open-lightbox=\"yes\" data-elementor-lightbox-slideshow=\"0cb73ef\" data-elementor-lightbox-title=\"Colegio Alcantara Cordillera_preescolar13\" data-e-action-hash=\"#elementor-action%3Aaction%3Dlightbox%26settings%3DeyJpZCI6MjYwNCwidXJsIjoiaHR0cHM6XC9cL3d3dy5hbGNhbnRhcmEtYWxpY2FudGUuY2xcL2FsY2FudGFyYS1jb3JkaWxsZXJhXC93cC1jb250ZW50XC91cGxvYWRzXC9zaXRlc1wvM1wvMjAyNVwvMDlcL0NvbGVnaW8tQWxjYW50YXJhLUNvcmRpbGxlcmFfcHJlZXNjb2xhcjEzLmpwZWciLCJzbGlkZXNob3ciOiIwY2I3M2VmIn0%3D\">\n\t\t\t\t\t<div class=\"e-gallery-image elementor-gallery-item__image\" data-thumbnail=\"https:\/\/www.alcantara-alicante.cl\/alcantara-cordillera\/wp-content\/uploads\/sites\/3\/2025\/09\/Colegio-Alcantara-Cordillera_preescolar13-225x300.jpeg\" data-width=\"225\" data-height=\"300\" aria-label=\"\" role=\"img\" ><\/div>\n\t\t\t\t\t\t\t\t\t\t\t<div class=\"elementor-gallery-item__overlay\"><\/div>\n\t\t\t\t\t\t\t\t\t\t\t\t\t\t<\/a>\n\t\t\t\t\t\t\t<a class=\"e-gallery-item elementor-gallery-item elementor-animated-content\" href=\"https:\/\/www.alcantara-alicante.cl\/alcantara-cordillera\/wp-content\/uploads\/sites\/3\/2025\/09\/Colegio-Alcantara-Cordillera_preescolar16.jpeg\" data-elementor-open-lightbox=\"yes\" data-elementor-lightbox-slideshow=\"0cb73ef\" data-elementor-lightbox-title=\"Colegio Alcantara Cordillera_preescolar16\" data-e-action-hash=\"#elementor-action%3Aaction%3Dlightbox%26settings%3DeyJpZCI6MjYwNywidXJsIjoiaHR0cHM6XC9cL3d3dy5hbGNhbnRhcmEtYWxpY2FudGUuY2xcL2FsY2FudGFyYS1jb3JkaWxsZXJhXC93cC1jb250ZW50XC91cGxvYWRzXC9zaXRlc1wvM1wvMjAyNVwvMDlcL0NvbGVnaW8tQWxjYW50YXJhLUNvcmRpbGxlcmFfcHJlZXNjb2xhcjE2LmpwZWciLCJzbGlkZXNob3ciOiIwY2I3M2VmIn0%3D\">\n\t\t\t\t\t<div class=\"e-gallery-image elementor-gallery-item__image\" data-thumbnail=\"https:\/\/www.alcantara-alicante.cl\/alcantara-cordillera\/wp-content\/uploads\/sites\/3\/2025\/09\/Colegio-Alcantara-Cordillera_preescolar16-225x300.jpeg\" data-width=\"225\" data-height=\"300\" aria-label=\"\" role=\"img\" ><\/div>\n\t\t\t\t\t\t\t\t\t\t\t<div class=\"elementor-gallery-item__overlay\"><\/div>\n\t\t\t\t\t\t\t\t\t\t\t\t\t\t<\/a>\n\t\t\t\t\t\t\t<a class=\"e-gallery-item elementor-gallery-item elementor-animated-content\" href=\"https:\/\/www.alcantara-alicante.cl\/alcantara-cordillera\/wp-content\/uploads\/sites\/3\/2025\/09\/Colegio-Alcantara-Cordillera_preescolar17.jpeg\" data-elementor-open-lightbox=\"yes\" data-elementor-lightbox-slideshow=\"0cb73ef\" data-elementor-lightbox-title=\"Colegio Alcantara Cordillera_preescolar17\" data-e-action-hash=\"#elementor-action%3Aaction%3Dlightbox%26settings%3DeyJpZCI6MjYwOCwidXJsIjoiaHR0cHM6XC9cL3d3dy5hbGNhbnRhcmEtYWxpY2FudGUuY2xcL2FsY2FudGFyYS1jb3JkaWxsZXJhXC93cC1jb250ZW50XC91cGxvYWRzXC9zaXRlc1wvM1wvMjAyNVwvMDlcL0NvbGVnaW8tQWxjYW50YXJhLUNvcmRpbGxlcmFfcHJlZXNjb2xhcjE3LmpwZWciLCJzbGlkZXNob3ciOiIwY2I3M2VmIn0%3D\">\n\t\t\t\t\t<div class=\"e-gallery-image elementor-gallery-item__image\" data-thumbnail=\"https:\/\/www.alcantara-alicante.cl\/alcantara-cordillera\/wp-content\/uploads\/sites\/3\/2025\/09\/Colegio-Alcantara-Cordillera_preescolar17-225x300.jpeg\" data-width=\"225\" data-height=\"300\" aria-label=\"\" role=\"img\" ><\/div>\n\t\t\t\t\t\t\t\t\t\t\t<div class=\"elementor-gallery-item__overlay\"><\/div>\n\t\t\t\t\t\t\t\t\t\t\t\t\t\t<\/a>\n\t\t\t\t\t\t\t<a class=\"e-gallery-item elementor-gallery-item elementor-animated-content\" href=\"https:\/\/www.alcantara-alicante.cl\/alcantara-cordillera\/wp-content\/uploads\/sites\/3\/2025\/09\/Colegio-Alcantara-Cordillera_preescolar18.jpeg\" data-elementor-open-lightbox=\"yes\" data-elementor-lightbox-slideshow=\"0cb73ef\" data-elementor-lightbox-title=\"Colegio Alcantara Cordillera_preescolar18\" data-e-action-hash=\"#elementor-action%3Aaction%3Dlightbox%26settings%3DeyJpZCI6MjYwOSwidXJsIjoiaHR0cHM6XC9cL3d3dy5hbGNhbnRhcmEtYWxpY2FudGUuY2xcL2FsY2FudGFyYS1jb3JkaWxsZXJhXC93cC1jb250ZW50XC91cGxvYWRzXC9zaXRlc1wvM1wvMjAyNVwvMDlcL0NvbGVnaW8tQWxjYW50YXJhLUNvcmRpbGxlcmFfcHJlZXNjb2xhcjE4LmpwZWciLCJzbGlkZXNob3ciOiIwY2I3M2VmIn0%3D\">\n\t\t\t\t\t<div class=\"e-gallery-image elementor-gallery-item__image\" data-thumbnail=\"https:\/\/www.alcantara-alicante.cl\/alcantara-cordillera\/wp-content\/uploads\/sites\/3\/2025\/09\/Colegio-Alcantara-Cordillera_preescolar18-225x300.jpeg\" data-width=\"225\" data-height=\"300\" aria-label=\"\" role=\"img\" ><\/div>\n\t\t\t\t\t\t\t\t\t\t\t<div class=\"elementor-gallery-item__overlay\"><\/div>\n\t\t\t\t\t\t\t\t\t\t\t\t\t\t<\/a>\n\t\t\t\t\t\t\t<a class=\"e-gallery-item elementor-gallery-item elementor-animated-content\" href=\"https:\/\/www.alcantara-alicante.cl\/alcantara-cordillera\/wp-content\/uploads\/sites\/3\/2025\/09\/Colegio-Alcantara-Cordillera_preescolar19.jpeg\" data-elementor-open-lightbox=\"yes\" data-elementor-lightbox-slideshow=\"0cb73ef\" data-elementor-lightbox-title=\"Colegio Alcantara Cordillera_preescolar19\" data-e-action-hash=\"#elementor-action%3Aaction%3Dlightbox%26settings%3DeyJpZCI6MjYxMCwidXJsIjoiaHR0cHM6XC9cL3d3dy5hbGNhbnRhcmEtYWxpY2FudGUuY2xcL2FsY2FudGFyYS1jb3JkaWxsZXJhXC93cC1jb250ZW50XC91cGxvYWRzXC9zaXRlc1wvM1wvMjAyNVwvMDlcL0NvbGVnaW8tQWxjYW50YXJhLUNvcmRpbGxlcmFfcHJlZXNjb2xhcjE5LmpwZWciLCJzbGlkZXNob3ciOiIwY2I3M2VmIn0%3D\">\n\t\t\t\t\t<div class=\"e-gallery-image elementor-gallery-item__image\" data-thumbnail=\"https:\/\/www.alcantara-alicante.cl\/alcantara-cordillera\/wp-content\/uploads\/sites\/3\/2025\/09\/Colegio-Alcantara-Cordillera_preescolar19-225x300.jpeg\" data-width=\"225\" data-height=\"300\" aria-label=\"\" role=\"img\" ><\/div>\n\t\t\t\t\t\t\t\t\t\t\t<div class=\"elementor-gallery-item__overlay\"><\/div>\n\t\t\t\t\t\t\t\t\t\t\t\t\t\t<\/a>\n\t\t\t\t\t<\/div>\n\t\t\t\t\t<\/div>\n\t\t\t\t<\/div>\n\t\t\t\t\t<\/div>\n\t\t\t\t<\/div>\n\t\t\t\t<\/div>\n\t\t","protected":false},"excerpt":{"rendered":"<p>El sistema solar es un lugar m\u00e1gico donde viven el Sol, los planetas y las estrellas. Los ni\u00f1os y ni\u00f1as de Prek\u00ednder disfrutaron conociendo y aprendiendo sobre cada planeta, descubriendo que cada uno tiene su propia historia y aventuras. Para hacer a\u00fan m\u00e1s especial la actividad, se vistieron con creativos trajes de astronautas, lo que &#8230; <a title=\"El Sistema Solar en Prek\u00ednder \ud83e\ude90\ud83c\udf1f\" class=\"read-more\" href=\"https:\/\/www.alcantara-alicante.cl\/alcantara-cordillera\/el-sistema-solar-en-prekinder-%f0%9f%aa%90%f0%9f%8c%9f\/\" aria-label=\"Leer m\u00e1s sobre El Sistema Solar en Prek\u00ednder \ud83e\ude90\ud83c\udf1f\">Leer m\u00e1s<\/a><\/p>\n","protected":false},"author":4,"featured_media":2589,"comment_status":"open","ping_status":"open","sticky":false,"template":"","format":"standard","meta":{"footnotes":""},"categories":[3,14],"tags":[],"class_list":["post-2588","post","type-post","status-publish","format-standard","has-post-thumbnail","hentry","category-destacadas","category-noticias-parvulario"],"aioseo_notices":[],"_links":{"self":[{"href":"https:\/\/www.alcantara-alicante.cl\/alcantara-cordillera\/wp-json\/wp\/v2\/posts\/2588","targetHints":{"allow":["GET"]}}],"collection":[{"href":"https:\/\/www.alcantara-alicante.cl\/alcantara-cordillera\/wp-json\/wp\/v2\/posts"}],"about":[{"href":"https:\/\/www.alcantara-alicante.cl\/alcantara-cordillera\/wp-json\/wp\/v2\/types\/post"}],"author":[{"embeddable":true,"href":"https:\/\/www.alcantara-alicante.cl\/alcantara-cordillera\/wp-json\/wp\/v2\/users\/4"}],"replies":[{"embeddable":true,"href":"https:\/\/www.alcantara-alicante.cl\/alcantara-cordillera\/wp-json\/wp\/v2\/comments?post=2588"}],"version-history":[{"count":4,"href":"https:\/\/www.alcantara-alicante.cl\/alcantara-cordillera\/wp-json\/wp\/v2\/posts\/2588\/revisions"}],"predecessor-version":[{"id":2613,"href":"https:\/\/www.alcantara-alicante.cl\/alcantara-cordillera\/wp-json\/wp\/v2\/posts\/2588\/revisions\/2613"}],"wp:featuredmedia":[{"embeddable":true,"href":"https:\/\/www.alcantara-alicante.cl\/alcantara-cordillera\/wp-json\/wp\/v2\/media\/2589"}],"wp:attachment":[{"href":"https:\/\/www.alcantara-alicante.cl\/alcantara-cordillera\/wp-json\/wp\/v2\/media?parent=2588"}],"wp:term":[{"taxonomy":"category","embeddable":true,"href":"https:\/\/www.alcantara-alicante.cl\/alcantara-cordillera\/wp-json\/wp\/v2\/categories?post=2588"},{"taxonomy":"post_tag","embeddable":true,"href":"https:\/\/www.alcantara-alicante.cl\/alcantara-cordillera\/wp-json\/wp\/v2\/tags?post=2588"}],"curies":[{"name":"wp","href":"https:\/\/api.w.org\/{rel}","templated":true}]}}