{"id":255,"date":"2025-04-20T18:36:30","date_gmt":"2025-04-20T22:36:30","guid":{"rendered":"https:\/\/www.alcantara-alicante.cl\/alcantara-cordillera\/comunicacion-vacunacion-influenza\/"},"modified":"2025-04-20T18:36:30","modified_gmt":"2025-04-20T22:36:30","slug":"comunicacion-vacunacion-influenza","status":"publish","type":"post","link":"https:\/\/www.alcantara-alicante.cl\/alcantara-cordillera\/comunicacion-vacunacion-influenza\/","title":{"rendered":"Comunicaci\u00f3n vacunaci\u00f3n influenza"},"content":{"rendered":"<p>Estimados padres y apoderados:<\/p>\n<\/p>\n<p>Informamos a Uds. que se encuentra disponible una comunicaci\u00f3n acerca del proceso de vacunaci\u00f3n de influenza. Debemos recalcar que este a\u00f1o las vacunas no ser\u00e1n aplicadas en establecimientos educacionales.<\/p>\n<\/p>\n<p><a href=\"https:\/\/www.alcantara-alicante.cl\/alcantara-cordillera\/wp-content\/uploads\/sites\/3\/site\/\/2\/iconopdf_small-1.jpg\"><img decoding=\"async\" src=\"https:\/\/www.alcantara-alicante.cl\/alcantara-cordillera\/wp-content\/uploads\/sites\/3\/site\/\/2\/iconopdf_small-1.jpg\" alt=\"\" width=\"33\" height=\"35\"><\/a><strong><a href=\"https:\/\/www.alcantara-alicante.cl\/alcantara-cordillera\/wp-content\/uploads\/sites\/2\/2021\/04\/Comunicacion-Vacuna.pdf\">Descargue Comunicaci\u00f3n Vacuna<\/a><\/strong><\/p>\n<\/p>\n<p>Atte.<\/p>\n<p>Colegio Alc\u00e1ntara Cordillera<\/p>\n","protected":false},"excerpt":{"rendered":"<p>Estimados padres y apoderados: Informamos a Uds. que se encuentra disponible una comunicaci\u00f3n acerca del proceso de vacunaci\u00f3n de influenza. Debemos recalcar que este a\u00f1o las vacunas no ser\u00e1n aplicadas en establecimientos educacionales. Descargue Comunicaci\u00f3n Vacuna Atte. Colegio Alc\u00e1ntara Cordillera<\/p>\n","protected":false},"author":1,"featured_media":1465,"comment_status":"open","ping_status":"open","sticky":false,"template":"","format":"standard","meta":{"footnotes":""},"categories":[7,3,8],"tags":[],"class_list":["post-255","post","type-post","status-publish","format-standard","has-post-thumbnail","hentry","category-comunicado","category-destacadas","category-salud"],"aioseo_notices":[],"_links":{"self":[{"href":"https:\/\/www.alcantara-alicante.cl\/alcantara-cordillera\/wp-json\/wp\/v2\/posts\/255","targetHints":{"allow":["GET"]}}],"collection":[{"href":"https:\/\/www.alcantara-alicante.cl\/alcantara-cordillera\/wp-json\/wp\/v2\/posts"}],"about":[{"href":"https:\/\/www.alcantara-alicante.cl\/alcantara-cordillera\/wp-json\/wp\/v2\/types\/post"}],"author":[{"embeddable":true,"href":"https:\/\/www.alcantara-alicante.cl\/alcantara-cordillera\/wp-json\/wp\/v2\/users\/1"}],"replies":[{"embeddable":true,"href":"https:\/\/www.alcantara-alicante.cl\/alcantara-cordillera\/wp-json\/wp\/v2\/comments?post=255"}],"version-history":[{"count":0,"href":"https:\/\/www.alcantara-alicante.cl\/alcantara-cordillera\/wp-json\/wp\/v2\/posts\/255\/revisions"}],"wp:featuredmedia":[{"embeddable":true,"href":"https:\/\/www.alcantara-alicante.cl\/alcantara-cordillera\/wp-json\/wp\/v2\/media\/1465"}],"wp:attachment":[{"href":"https:\/\/www.alcantara-alicante.cl\/alcantara-cordillera\/wp-json\/wp\/v2\/media?parent=255"}],"wp:term":[{"taxonomy":"category","embeddable":true,"href":"https:\/\/www.alcantara-alicante.cl\/alcantara-cordillera\/wp-json\/wp\/v2\/categories?post=255"},{"taxonomy":"post_tag","embeddable":true,"href":"https:\/\/www.alcantara-alicante.cl\/alcantara-cordillera\/wp-json\/wp\/v2\/tags?post=255"}],"curies":[{"name":"wp","href":"https:\/\/api.w.org\/{rel}","templated":true}]}}