{"id":2280,"date":"2025-06-06T14:44:18","date_gmt":"2025-06-06T18:44:18","guid":{"rendered":"https:\/\/www.alcantara-alicante.cl\/alcantara-cordillera\/?p=2280"},"modified":"2025-06-06T17:12:23","modified_gmt":"2025-06-06T21:12:23","slug":"invitacion-a-open-day","status":"publish","type":"post","link":"https:\/\/www.alcantara-alicante.cl\/alcantara-cordillera\/invitacion-a-open-day\/","title":{"rendered":"Invitaci\u00f3n a Open day"},"content":{"rendered":"\t\t<div data-elementor-type=\"wp-post\" data-elementor-id=\"2280\" class=\"elementor elementor-2280\" data-elementor-post-type=\"post\">\n\t\t\t\t<div class=\"elementor-element elementor-element-d2f2562 e-flex e-con-boxed e-con e-parent\" data-id=\"d2f2562\" data-element_type=\"container\" data-e-type=\"container\">\n\t\t\t\t\t<div class=\"e-con-inner\">\n\t\t\t\t<div class=\"elementor-element elementor-element-c4ea643 elementor-widget elementor-widget-image\" data-id=\"c4ea643\" data-element_type=\"widget\" data-e-type=\"widget\" data-widget_type=\"image.default\">\n\t\t\t\t<div class=\"elementor-widget-container\">\n\t\t\t\t\t\t\t\t\t\t\t\t\t\t\t<img fetchpriority=\"high\" decoding=\"async\" width=\"768\" height=\"768\" src=\"https:\/\/www.alcantara-alicante.cl\/alcantara-cordillera\/wp-content\/uploads\/sites\/3\/2025\/06\/ALCO-invitacion-openday-768x768.jpg\" class=\"attachment-medium_large size-medium_large wp-image-2283\" alt=\"\" srcset=\"https:\/\/www.alcantara-alicante.cl\/alcantara-cordillera\/wp-content\/uploads\/sites\/3\/2025\/06\/ALCO-invitacion-openday-768x768.jpg 768w, https:\/\/www.alcantara-alicante.cl\/alcantara-cordillera\/wp-content\/uploads\/sites\/3\/2025\/06\/ALCO-invitacion-openday-300x300.jpg 300w, https:\/\/www.alcantara-alicante.cl\/alcantara-cordillera\/wp-content\/uploads\/sites\/3\/2025\/06\/ALCO-invitacion-openday-1024x1024.jpg 1024w, https:\/\/www.alcantara-alicante.cl\/alcantara-cordillera\/wp-content\/uploads\/sites\/3\/2025\/06\/ALCO-invitacion-openday-150x150.jpg 150w, https:\/\/www.alcantara-alicante.cl\/alcantara-cordillera\/wp-content\/uploads\/sites\/3\/2025\/06\/ALCO-invitacion-openday.jpg 1080w\" sizes=\"(max-width: 768px) 100vw, 768px\" \/>\t\t\t\t\t\t\t\t\t\t\t\t\t\t\t<\/div>\n\t\t\t\t<\/div>\n\t\t\t\t\t<\/div>\n\t\t\t\t<\/div>\n\t\t<div class=\"elementor-element elementor-element-1962c6c e-flex e-con-boxed e-con e-parent\" data-id=\"1962c6c\" data-element_type=\"container\" data-e-type=\"container\">\n\t\t\t\t\t<div class=\"e-con-inner\">\n\t\t\t\t<div class=\"elementor-element elementor-element-fc1a596 elementor-widget elementor-widget-text-editor\" data-id=\"fc1a596\" data-element_type=\"widget\" data-e-type=\"widget\" data-widget_type=\"text-editor.default\">\n\t\t\t\t<div class=\"elementor-widget-container\">\n\t\t\t\t\t\t\t\t\t<p data-start=\"110\" data-end=\"153\"><strong data-start=\"113\" data-end=\"150\">\u00a1Te invitamos a nuestro Open Day!<\/strong> \ud83c\udf93<\/p><p data-start=\"155\" data-end=\"308\"><span style=\"color: #6f6259; letter-spacing: 0px; word-spacing: 0em;\">El pr\u00f3ximo <\/span><strong style=\"color: #6f6259; letter-spacing: 0px; word-spacing: 0em;\" data-start=\"166\" data-end=\"181\">12 de julio<\/strong><span style=\"color: #6f6259; letter-spacing: 0px; word-spacing: 0em;\">, abrimos las puertas de nuestro colegio para que conozcas de cerca nuestro proyecto educativo, instalaciones y parte de nuestra comunidad<\/span><\/p><p data-start=\"310\" data-end=\"509\">Ser\u00e1 una jornada especial para familias interesadas en formar parte de nuestra comunidad educativa. Habr\u00e1 recorridos guiados, actividades para los ni\u00f1os y espacios de di\u00e1logo con nuestros profesores.<\/p><p data-start=\"511\" data-end=\"619\">\ud83d\udccd <strong data-start=\"514\" data-end=\"524\">Fecha:<\/strong> S\u00e1bado 12 de julio<br data-start=\"544\" data-end=\"547\" \/>\u23f0 <strong data-start=\"549\" data-end=\"558\">Hora:<\/strong> A partir de las 10:00 h<br data-start=\"582\" data-end=\"585\" \/>\ud83d\udccc <strong data-start=\"588\" data-end=\"598\">Lugar:<\/strong> Colegio Alc\u00e1ntara La Cordillera: Walker Mart\u00ednez 1106- La Florida<\/p><p data-start=\"511\" data-end=\"619\"><strong>Si ya eres parte de nuestra comunidad y conoces familias con hijos que quieran conocernos, comp\u00e1rteles esta invitaci\u00f3n.<\/strong><\/p><p data-start=\"621\" data-end=\"739\">\u00a1No te lo pierdas! Te esperamos con los brazos abiertos.<br data-start=\"677\" data-end=\"680\" \/>Confirma tu asistencia en: <a href=\"mailto:admision@cordillera.alcantara.cl\">admision@cordillera.alcantara.cl<\/a><\/p>\t\t\t\t\t\t\t\t<\/div>\n\t\t\t\t<\/div>\n\t\t\t\t\t<\/div>\n\t\t\t\t<\/div>\n\t\t\t\t<\/div>\n\t\t","protected":false},"excerpt":{"rendered":"<p>\u00a1Te invitamos a nuestro Open Day! \ud83c\udf93 El pr\u00f3ximo 12 de julio, abrimos las puertas de nuestro colegio para que conozcas de cerca nuestro proyecto educativo, instalaciones y parte de nuestra comunidad Ser\u00e1 una jornada especial para familias interesadas en formar parte de nuestra comunidad educativa. Habr\u00e1 recorridos guiados, actividades para los ni\u00f1os y espacios &#8230; <a title=\"Invitaci\u00f3n a Open day\" class=\"read-more\" href=\"https:\/\/www.alcantara-alicante.cl\/alcantara-cordillera\/invitacion-a-open-day\/\" aria-label=\"Leer m\u00e1s sobre Invitaci\u00f3n a Open day\">Leer m\u00e1s<\/a><\/p>\n","protected":false},"author":4,"featured_media":2295,"comment_status":"open","ping_status":"open","sticky":false,"template":"","format":"standard","meta":{"footnotes":""},"categories":[3],"tags":[],"class_list":["post-2280","post","type-post","status-publish","format-standard","has-post-thumbnail","hentry","category-destacadas"],"aioseo_notices":[],"_links":{"self":[{"href":"https:\/\/www.alcantara-alicante.cl\/alcantara-cordillera\/wp-json\/wp\/v2\/posts\/2280","targetHints":{"allow":["GET"]}}],"collection":[{"href":"https:\/\/www.alcantara-alicante.cl\/alcantara-cordillera\/wp-json\/wp\/v2\/posts"}],"about":[{"href":"https:\/\/www.alcantara-alicante.cl\/alcantara-cordillera\/wp-json\/wp\/v2\/types\/post"}],"author":[{"embeddable":true,"href":"https:\/\/www.alcantara-alicante.cl\/alcantara-cordillera\/wp-json\/wp\/v2\/users\/4"}],"replies":[{"embeddable":true,"href":"https:\/\/www.alcantara-alicante.cl\/alcantara-cordillera\/wp-json\/wp\/v2\/comments?post=2280"}],"version-history":[{"count":0,"href":"https:\/\/www.alcantara-alicante.cl\/alcantara-cordillera\/wp-json\/wp\/v2\/posts\/2280\/revisions"}],"wp:featuredmedia":[{"embeddable":true,"href":"https:\/\/www.alcantara-alicante.cl\/alcantara-cordillera\/wp-json\/wp\/v2\/media\/2295"}],"wp:attachment":[{"href":"https:\/\/www.alcantara-alicante.cl\/alcantara-cordillera\/wp-json\/wp\/v2\/media?parent=2280"}],"wp:term":[{"taxonomy":"category","embeddable":true,"href":"https:\/\/www.alcantara-alicante.cl\/alcantara-cordillera\/wp-json\/wp\/v2\/categories?post=2280"},{"taxonomy":"post_tag","embeddable":true,"href":"https:\/\/www.alcantara-alicante.cl\/alcantara-cordillera\/wp-json\/wp\/v2\/tags?post=2280"}],"curies":[{"name":"wp","href":"https:\/\/api.w.org\/{rel}","templated":true}]}}